{"id":340695,"date":"2025-08-24T13:45:18","date_gmt":"2025-08-24T13:45:18","guid":{"rendered":"https:\/\/www.europesays.com\/fr\/340695\/"},"modified":"2025-08-24T13:45:18","modified_gmt":"2025-08-24T13:45:18","slug":"au-mo-co-de-montpellier-le-teen-spirit-ultrasensible-de-francoise-petrovitch","status":"publish","type":"post","link":"https:\/\/www.europesays.com\/fr\/340695\/","title":{"rendered":"Au Mo.Co de Montpellier, le \u201cteen spirit\u201d ultrasensible de Fran\u00e7oise P\u00e9trovitch"},"content":{"rendered":"<p>Avec son art tendre et expressif, la plasticienne fran\u00e7aise met en sc\u00e8ne les tourments adolescents pour mieux exorciser le d\u00e9sespoir du monde.\u00a0<\/p>\n<p>S\u2019absenter, Verbe aimer \u2013\u00a0Verbe rompre\u2026 Les\u00a0titres des expositions de Fran\u00e7oise P\u00e9trovitch traduisent depuis des ann\u00e9es les\u00a0mouvements de vies fragment\u00e9es dont sa peinture se fait l\u2019\u00e9cho indicible. Il\u00a0y a quelque chose qui cloche dans la\u00a0vie et dans ses toiles qui la captent, comme on dit qu\u2019il y a un os quand plus rien ne roule. Sa nouvelle exposition au\u00a0Mo.Co, pr\u00e9cis\u00e9ment intitul\u00e9e Sur un os, d\u00e9montre dans une amplitude de gestes et de m\u00e9diums (peinture, vid\u00e9o, sculpture, dessin) combien son \u0153uvre semble happ\u00e9e par le\u00a0d\u00e9sir de saisir non pas l\u2019origine, mais l\u2019effet des moments troubles que traverse la\u00a0jeunesse en proie aux\u00a0doutes et aux\u00a0r\u00eaves.<\/p>\n<p>Sur les\u00a0deux\u00a0\u00e9tages du mus\u00e9e, les\u00a0vastes volumes des plateaux font honneur \u00e0\u00a0la\u00a0puissance de ses grandes toiles, mais\u00a0aussi de ses premiers petits dessins, de ses sculptures en bronze et de ses c\u00e9ramiques, r\u00e9alis\u00e9es entre 1994 et\u00a0aujourd\u2019hui. Le parcours, non chronologique, r\u00e9v\u00e8le ici combien son travail, d\u00e9marr\u00e9 dans les\u00a0ann\u00e9es\u00a01990, se\u00a0d\u00e9ploie dans une parfaite continuit\u00e9 sur la\u00a0dur\u00e9e, tant on y devine une\u00a0somme de t\u00e9lescopages et de correspondances depuis ses broderies sur toile, ses dessins, ses collages, ses\u00a0cartes postales, o\u00f9 elle joue avec les\u00a0mots, jusqu\u2019\u00e0\u00a0sa s\u00e9rie de portraits d\u00e9satur\u00e9s d\u2019adolescent\u00b7es androgynes au\u00a0visage blanchi.<\/p>\n<p>R\u00e9pondant \u00e0 l\u2019invitation de Rahmouna Boutayeb et Numa Hambursin, la\u00a0peintre s\u2019attache \u00e0\u00a0la\u00a0question de\u00a0la\u00a0m\u00e9tamorphose, autant celle du papillon dans son installation vid\u00e9o sur\u00a0cinq \u00e9crans en voilage que celle des\u00a0adolescent\u00b7es qui peuplent de leurs secrets int\u00e9rieurs les\u00a0paysages de sa peinture expressive. Dans des variations chromatiques magistrales, entre tons vifs\u00a0et gris color\u00e9s, entre bleu plein et\u00a0jaune d\u00e9lav\u00e9, ses toiles saisissent le\u00a0regard des\u00a0visiteur\u00b7ses en les laissant en suspens quant \u00e0\u00a0la\u00a0compr\u00e9hension de\u00a0ce qui s\u2019y\u00a0joue vraiment (l\u2019esp\u00e9rance, l\u2019angoisse\u2009?). La\u00a0m\u00e9lancolie apparente de\u00a0ses visages et de ses corps abandonn\u00e9s n\u2019\u00e9crase jamais la\u00a0douceur de ses traits esquiss\u00e9s et l\u2019intensit\u00e9 de ses\u00a0couleurs \u00e9tincelantes.<\/p>\n<p>Une forme de tendresse semble envelopper la\u00a0violence du monde, comme si la\u00a0peinture prot\u00e9geait par elle-m\u00eame du d\u00e9sespoir. Contempler une toile de Fran\u00e7oise P\u00e9trovitch revient \u00e0\u00a0s\u2019\u00e9garer et penser en m\u00eame temps, \u00e0\u00a0saisir l\u2019\u00e9paisseur des secrets cach\u00e9s dans l\u2019opacit\u00e9 des regards qui ne cessent de traverser ses sc\u00e8nes banales de vies d\u2019adolescent\u00b7es \u00e9vanescent\u00b7es, t\u00eate baiss\u00e9e, les yeux ferm\u00e9s, parfois ouverts, avec plus ou moins d\u2019\u00e9clat.<\/p>\n<p>La r\u00e9p\u00e9tition des sc\u00e8nes de jeunes allong\u00e9\u00b7es sur le sol, \u00e9cras\u00e9\u00b7es par la\u00a0vie, sugg\u00e8re aussi l\u2019id\u00e9e\u00a0d\u2019une communaut\u00e9 d\u2019affects partag\u00e9s. Seul\u00b7es, oui, mais ensemble. C\u2019est pourquoi rien n\u2019est d\u00e9sesp\u00e9rant malgr\u00e9 les os\u2009; d\u2019ailleurs, la\u00a0derni\u00e8re salle,\u00a0pleine de sculptures en bronze, d\u00e9voile une petite fille en \u00e9quilibre sur\u00a0un f\u00e9mur d\u2019ogre, comme le signe d\u2019un\u00a0renversement de la\u00a0puissance. Les\u00a0filles r\u00e9sistent aux\u00a0ogres, comme les\u00a0adolescent\u00b7es s\u2019accrochent \u00e0\u00a0leurs r\u00eaves.<\/p>\n<p><strong>Sur un os de Fran\u00e7oise P\u00e9trovitch au Mo.Co, Montpellier, jusqu\u2019au 2 novembre.<\/strong><\/p>\n","protected":false},"excerpt":{"rendered":"Avec son art tendre et expressif, la plasticienne fran\u00e7aise met en sc\u00e8ne les tourments adolescents pour mieux exorciser&hellip;\n","protected":false},"author":2,"featured_media":340696,"comment_status":"","ping_status":"","sticky":false,"template":"","format":"standard","meta":{"footnotes":""},"categories":[9599],"tags":[1111,11,8716,1777,674,1011,27,2208,12,2680,25],"class_list":{"0":"post-340695","1":"post","2":"type-post","3":"status-publish","4":"format-standard","5":"has-post-thumbnail","7":"category-montpellier","8":"tag-actu","9":"tag-actualites","10":"tag-cafeyn","11":"tag-eu","12":"tag-europe","13":"tag-fr","14":"tag-france","15":"tag-montpellier","16":"tag-news","17":"tag-occitanie","18":"tag-republique-francaise"},"share_on_mastodon":{"url":"https:\/\/pubeurope.com\/@fr\/115084048599580270","error":""},"_links":{"self":[{"href":"https:\/\/www.europesays.com\/fr\/wp-json\/wp\/v2\/posts\/340695","targetHints":{"allow":["GET"]}}],"collection":[{"href":"https:\/\/www.europesays.com\/fr\/wp-json\/wp\/v2\/posts"}],"about":[{"href":"https:\/\/www.europesays.com\/fr\/wp-json\/wp\/v2\/types\/post"}],"author":[{"embeddable":true,"href":"https:\/\/www.europesays.com\/fr\/wp-json\/wp\/v2\/users\/2"}],"replies":[{"embeddable":true,"href":"https:\/\/www.europesays.com\/fr\/wp-json\/wp\/v2\/comments?post=340695"}],"version-history":[{"count":0,"href":"https:\/\/www.europesays.com\/fr\/wp-json\/wp\/v2\/posts\/340695\/revisions"}],"wp:featuredmedia":[{"embeddable":true,"href":"https:\/\/www.europesays.com\/fr\/wp-json\/wp\/v2\/media\/340696"}],"wp:attachment":[{"href":"https:\/\/www.europesays.com\/fr\/wp-json\/wp\/v2\/media?parent=340695"}],"wp:term":[{"taxonomy":"category","embeddable":true,"href":"https:\/\/www.europesays.com\/fr\/wp-json\/wp\/v2\/categories?post=340695"},{"taxonomy":"post_tag","embeddable":true,"href":"https:\/\/www.europesays.com\/fr\/wp-json\/wp\/v2\/tags?post=340695"}],"curies":[{"name":"wp","href":"https:\/\/api.w.org\/{rel}","templated":true}]}}