{"id":340704,"date":"2025-08-24T13:55:11","date_gmt":"2025-08-24T13:55:11","guid":{"rendered":"https:\/\/www.europesays.com\/fr\/340704\/"},"modified":"2025-08-24T13:55:11","modified_gmt":"2025-08-24T13:55:11","slug":"la-mairie-de-cette-commune-des-alpes-maritimes-vend-lancien-mobilier-de-sa-salle-des-mariages","status":"publish","type":"post","link":"https:\/\/www.europesays.com\/fr\/340704\/","title":{"rendered":"La mairie de cette commune des Alpes-Maritimes vend l\u2019ancien mobilier de sa salle des mariages"},"content":{"rendered":"<p>              <img ci-src=\"https:\/\/www.nicematin.com\/vie-locale\/protec\/DATA_ART_16125649-7swHKSlV.jpg?vh=c397fb&amp;ci_seal=bcaeda7c28\" alt=\"\"\/><br \/>\n        Table, fauteuils et chaises sont \u00e0 vendre. <strong>DR.<\/strong> <\/p>\n<p>Une bonne affaire: la mairie de La Gaude vend une partie de son mobilier. Pas tout bien s\u00fbr, uniquement celui qui \u00e9tait utilis\u00e9 pour la salle des mariages.<\/p>\n<p>\u00ab\u00a0Dans un souci de r\u00e9organisation, nous avons transform\u00e9 l\u2019ancienne salle des mariages car nous avions besoin de bureau, indique le maire, Bruno Bettati. Depuis, les unions sont c\u00e9l\u00e9br\u00e9es dans la salle du conseil municipale. Or, nous avions remplac\u00e9 le mobilier par quelque chose d\u2019un peu plus moderne, qui convenait mieux \u00e0 cet espace. De ce fait, la table et les chaises ne nous servaient plus. Nous avons donc d\u00e9cid\u00e9 de vendre. Cela permet d\u2019un c\u00f4t\u00e9 de r\u00e9cup\u00e9rer un peu d\u2019argent pour la Ville et, de l\u2019autre, cela peut arranger une collectivit\u00e9 &#8211; ou m\u00eame un particulier &#8211; qui aurait besoin de cela sans faire trop de frais.\u00a0\u00bb<\/p>\n<p>Car le mobilier est mis en vente <a href=\"https:\/\/www.agorastore.fr\/vente-occasion\/mobilier\/autres-mobiliers\/mobilier-pour-salle-de-mariage-table-fauteuils-chaises-387747.aspx\" target=\"_blank\" rel=\"noopener nofollow\">sur un site d\u2019ench\u00e8res<\/a>. Dans le d\u00e9tail, le lot comporte une table, trois fauteuils style Louis XVI et 21 chaises couleur cr\u00e8me. La mise \u00e0 prix est \u00e0 3.500 euros. La vente a d\u00e9but le 24 ao\u00fbt et s\u2019ach\u00e8vera le 21 septembre \u00e0 8 heures.<\/p>\n","protected":false},"excerpt":{"rendered":"Table, fauteuils et chaises sont \u00e0 vendre. DR. Une bonne affaire: la mairie de La Gaude vend une&hellip;\n","protected":false},"author":2,"featured_media":340705,"comment_status":"","ping_status":"","sticky":false,"template":"","format":"standard","meta":{"footnotes":""},"categories":[2819],"tags":[1111,11,1777,674,1011,27,12,2401,882,25,3366],"class_list":{"0":"post-340704","1":"post","2":"type-post","3":"status-publish","4":"format-standard","5":"has-post-thumbnail","7":"category-nice","8":"tag-actu","9":"tag-actualites","10":"tag-eu","11":"tag-europe","12":"tag-fr","13":"tag-france","14":"tag-news","15":"tag-nice","16":"tag-provence-alpes-cote-dazur","17":"tag-republique-francaise","18":"tag-vie-locale"},"share_on_mastodon":{"url":"https:\/\/pubeurope.com\/@fr\/115084088073644495","error":""},"_links":{"self":[{"href":"https:\/\/www.europesays.com\/fr\/wp-json\/wp\/v2\/posts\/340704","targetHints":{"allow":["GET"]}}],"collection":[{"href":"https:\/\/www.europesays.com\/fr\/wp-json\/wp\/v2\/posts"}],"about":[{"href":"https:\/\/www.europesays.com\/fr\/wp-json\/wp\/v2\/types\/post"}],"author":[{"embeddable":true,"href":"https:\/\/www.europesays.com\/fr\/wp-json\/wp\/v2\/users\/2"}],"replies":[{"embeddable":true,"href":"https:\/\/www.europesays.com\/fr\/wp-json\/wp\/v2\/comments?post=340704"}],"version-history":[{"count":0,"href":"https:\/\/www.europesays.com\/fr\/wp-json\/wp\/v2\/posts\/340704\/revisions"}],"wp:featuredmedia":[{"embeddable":true,"href":"https:\/\/www.europesays.com\/fr\/wp-json\/wp\/v2\/media\/340705"}],"wp:attachment":[{"href":"https:\/\/www.europesays.com\/fr\/wp-json\/wp\/v2\/media?parent=340704"}],"wp:term":[{"taxonomy":"category","embeddable":true,"href":"https:\/\/www.europesays.com\/fr\/wp-json\/wp\/v2\/categories?post=340704"},{"taxonomy":"post_tag","embeddable":true,"href":"https:\/\/www.europesays.com\/fr\/wp-json\/wp\/v2\/tags?post=340704"}],"curies":[{"name":"wp","href":"https:\/\/api.w.org\/{rel}","templated":true}]}}