{"id":340706,"date":"2025-08-24T13:56:56","date_gmt":"2025-08-24T13:56:56","guid":{"rendered":"https:\/\/www.europesays.com\/fr\/340706\/"},"modified":"2025-08-24T13:56:56","modified_gmt":"2025-08-24T13:56:56","slug":"nice-renoue-avec-la-victoire-contre-auxerre","status":"publish","type":"post","link":"https:\/\/www.europesays.com\/fr\/340706\/","title":{"rendered":"Nice renoue avec la victoire contre Auxerre"},"content":{"rendered":"<p>Dans un match enlev\u00e9 mais techniquement tr\u00e8s imparfait, Nice s&rsquo;est offert une premi\u00e8re victoire cette saison (3-1) contre Auxerre samedi soir. Apr\u00e8s avoir rat\u00e9 ses d\u00e9buts europ\u00e9ens, logiquement \u00e9limin\u00e9 par Benfica (deux fois 2-0) en tour pr\u00e9liminaire de Ligue des champions, et manqu\u00e9 ses retrouvailles <a href=\"https:\/\/www.ledauphine.com\/sport\/2025\/08\/16\/ligue-1-xmpi\" target=\"_blank\" rel=\"nofollow noopener\">avec la L1 contre Toulouse (0-1) <\/a>la semaine pass\u00e9e, le Gym a enfin marqu\u00e9 des buts et inscrit ses premiers points.<\/p>\n<p>Pourtant Auxerre, <a href=\"https:\/\/www.ledauphine.com\/sport\/2025\/08\/17\/l1-angers-piege-le-paris-fc-pour-son-retour-strasbourg-arrache-la-victoire-a-metz\" target=\"_blank\" rel=\"nofollow noopener\">vainqueur de Lorient (1-0) <\/a>lors de la premi\u00e8re journ\u00e9e, aurait pu, avec plus de r\u00e9ussite et de ma\u00eetrise, pr\u00e9tendre \u00e0 mieux. Mais un but contre son camp de Cl\u00e9ment Akpa (2-1, 25e) et l&rsquo;exclusion de son gardien Donovan L\u00e9on, pour un vilain tacle hors de sa surface juste avant la pause (45e+1), ont scell\u00e9 la rencontre.\u00a0<\/p>\n<p>Nice \u00e0 l&rsquo;offensive<\/p>\n<p>Avec les premi\u00e8res titularisations des recrues Salis Abdul Samed au milieu et Kevin Carlos devant, Franck Haise avait d\u00e9cid\u00e9 de secouer Badredine Bouanani et Terem Moffi, rel\u00e9gu\u00e9s sur le banc. Et cela a fonctionn\u00e9 puisque les deux hommes ont \u00e9t\u00e9 impliqu\u00e9s sur le troisi\u00e8me but ni\u00e7ois, celui de la t\u00eate du Nig\u00e9rian (3-1, 76e).<\/p>\n<p>Apr\u00e8s un bon d\u00e9but dans les intentions offensives, les Ni\u00e7ois ont tr\u00e8s vite ouvert la marque. Antoine Mendy a remport\u00e9 son duel sur le c\u00f4t\u00e9 droit et Tom Louchet a parfaitement centr\u00e9 sur Boga, qui s&rsquo;est parfaitement d\u00e9marqu\u00e9 pour planter du gauche (1-0, 3e). Les Aiglons semblaient s&rsquo;\u00eatre facilit\u00e9 le match, mais Auxerre a r\u00e9agi et Yehvann Diouf a d\u00fb sauver les siens trois fois.<\/p>\n<p>  Osman a perturb\u00e9 la d\u00e9fense ni\u00e7oise<\/p>\n<p>Nice, en souffrance, a rompu une minute plus tard. Sur le c\u00f4t\u00e9 gauche, Ibrahim Osman s&rsquo;est jou\u00e9 de Louchet, puis il a centr\u00e9 pour Sinayoko, surgissant pour inscrire son deuxi\u00e8me but en deux journ\u00e9es (1-1, 21e). M\u00eame abasourdis, les hommes de Haise sont parvenus \u00e0 reprendre l&rsquo;avantage rapidement, avec de la r\u00e9ussite lorsqu&rsquo;Akpa a d\u00e9gag\u00e9 dans ses propres filets (2-1, 25e).<\/p>\n<p>Comme il \u00e9tait \u00e9crit que rien n&rsquo;allait tourner en faveur des Auxerrois, Diouf a d\u00e9vi\u00e9 la t\u00eate de Casimir sur son poteau, avant que Kojo Preprah Oppong ne d\u00e9gage sur sa ligne (36e). Pire, juste avant la mi-temps, Donovan L\u00e9on, mis en difficult\u00e9 par un nouveau rat\u00e9 d&rsquo;Akpa, a \u00e9t\u00e9 logiquement exclu pour une faute grossi\u00e8re sur Isak Jansson (45e+1).<\/p>\n<p>Pourtant \u00e0 dix contre onze, Sinayoko et ses partenaires ont lanc\u00e9 de r\u00e9guli\u00e8res offensives en deuxi\u00e8me p\u00e9riode. L&rsquo;attaquant malien, sollicit\u00e9 par Nice et Lens lors de ce mercato estival, a encore oblig\u00e9 Diouf \u00e0 une parade (56e), avant de rater de peu le cadre (59e), puis les Rouge et Noir ont repris le contr\u00f4le pour l&#8217;emporter.<\/p>\n","protected":false},"excerpt":{"rendered":"Dans un match enlev\u00e9 mais techniquement tr\u00e8s imparfait, Nice s&rsquo;est offert une premi\u00e8re victoire cette saison (3-1) contre&hellip;\n","protected":false},"author":2,"featured_media":340707,"comment_status":"","ping_status":"","sticky":false,"template":"","format":"standard","meta":{"footnotes":""},"categories":[2819],"tags":[1111,11,1777,674,107,63,1011,27,12,2401,882,25,517,1947],"class_list":{"0":"post-340706","1":"post","2":"type-post","3":"status-publish","4":"format-standard","5":"has-post-thumbnail","7":"category-nice","8":"tag-actu","9":"tag-actualites","10":"tag-eu","11":"tag-europe","12":"tag-fil-info","13":"tag-football","14":"tag-fr","15":"tag-france","16":"tag-news","17":"tag-nice","18":"tag-provence-alpes-cote-dazur","19":"tag-republique-francaise","20":"tag-sport","21":"tag-sport-national"},"share_on_mastodon":{"url":"https:\/\/pubeurope.com\/@fr\/115084095798397518","error":""},"_links":{"self":[{"href":"https:\/\/www.europesays.com\/fr\/wp-json\/wp\/v2\/posts\/340706","targetHints":{"allow":["GET"]}}],"collection":[{"href":"https:\/\/www.europesays.com\/fr\/wp-json\/wp\/v2\/posts"}],"about":[{"href":"https:\/\/www.europesays.com\/fr\/wp-json\/wp\/v2\/types\/post"}],"author":[{"embeddable":true,"href":"https:\/\/www.europesays.com\/fr\/wp-json\/wp\/v2\/users\/2"}],"replies":[{"embeddable":true,"href":"https:\/\/www.europesays.com\/fr\/wp-json\/wp\/v2\/comments?post=340706"}],"version-history":[{"count":0,"href":"https:\/\/www.europesays.com\/fr\/wp-json\/wp\/v2\/posts\/340706\/revisions"}],"wp:featuredmedia":[{"embeddable":true,"href":"https:\/\/www.europesays.com\/fr\/wp-json\/wp\/v2\/media\/340707"}],"wp:attachment":[{"href":"https:\/\/www.europesays.com\/fr\/wp-json\/wp\/v2\/media?parent=340706"}],"wp:term":[{"taxonomy":"category","embeddable":true,"href":"https:\/\/www.europesays.com\/fr\/wp-json\/wp\/v2\/categories?post=340706"},{"taxonomy":"post_tag","embeddable":true,"href":"https:\/\/www.europesays.com\/fr\/wp-json\/wp\/v2\/tags?post=340706"}],"curies":[{"name":"wp","href":"https:\/\/api.w.org\/{rel}","templated":true}]}}