{"id":340709,"date":"2025-08-24T13:59:13","date_gmt":"2025-08-24T13:59:13","guid":{"rendered":"https:\/\/www.europesays.com\/fr\/340709\/"},"modified":"2025-08-24T13:59:13","modified_gmt":"2025-08-24T13:59:13","slug":"nantes-dans-le-flou-avant-son-deplacement-a-strasbourg","status":"publish","type":"post","link":"https:\/\/www.europesays.com\/fr\/340709\/","title":{"rendered":"Nantes dans le flou avant son d\u00e9placement \u00e0 Strasbourg"},"content":{"rendered":"<p>STRASBOURG \u2013 NANTES (17H15)<\/p>\n<p><strong>D\u00e9cevants face au PSG, secou\u00e9s par le cas Abline, les Nantais sont \u00e0 Strasbourg sans certitudes. <\/strong><\/p>\n<p>Quel visage pour le FC Nantes \u00e0 Strasbourg ? Apr\u00e8s une premi\u00e8re sortie tr\u00e8s d\u00e9cevante contre l\u2019\u00e9quipe bis du PSG le week-end dernier (malgr\u00e9 ce que certains observateurs ont bien voulu en dire), les Canaris sont en Alsace pour cette deuxi\u00e8me journ\u00e9e, sans aucun v\u00e9ritable rep\u00e8re. Toujours \u00e0 la recherche d\u2019un d\u00e9fenseur central (apr\u00e8s le flop Radakovic) l\u2019\u00e9quipe de Loir-Atlantique subit ce que l\u2019on peut appeler \u00ab\u00a0l\u2019affaire Abline\u00a0\u00bb. L\u2019ancien Rennais veut partir et demande \u00e0 son club de respecter la parole donn\u00e9e, mais Waldemar Kita r\u00e9clame une telle somme (40 millions d\u2019euros) que toutes les portes de ferment.\u00a0<\/p>\n<p>Matthis Abline, un cas complexe<\/p>\n<p>Plac\u00e9 sur le banc lors de la r\u00e9ception du PSG, l\u2019international espoir a jou\u00e9 20 minutes sans montrer grand chose, si ce n\u2019est une activit\u00e9 d\u00e9fensive qui n\u2019a pas plu \u00e0 son entra\u00eeneur, qui lui a fait savoir devant tout le groupe. Une s\u00e9ance qui a vir\u00e9 \u00e0 l\u2019humiliation publique, qui n\u2019a rien arrang\u00e9 aux relations entre le joueur et son club.\u00a0<\/p>\n<p>Ala surprise g\u00e9n\u00e9rale, Matthis Abline est dans le groupe et devrait faire son apparition \u00e0 la Meinau. Combien de temps ? \u00c7a, personne ne sait, en dehors de Luis Castro qui s\u2019est exprim\u00e9 au sujet de son attaquant cette semaine. \u00ab Oui, nous avons fait de la vid\u00e9o avec lui\u00a0\u00bb a expliqu\u00e9 l\u2019entra\u00eeneur portugais. \u00ab\u00a0Mais je fais la m\u00eame chose avec beaucoup de joueurs. Ce n\u2019est ni la premi\u00e8re ni la derni\u00e8re fois. C\u2019est un outil normal de progression. \u00bb. <\/p>\n<p>Luis Castro s\u2019est aussi exprim\u00e9 sur le fait que son meilleur joueur ait d\u00e9but\u00e9 sur le banc. \u00ab Il ne jouait pas parce qu\u2019il \u00e9tait bless\u00e9. Je peux vous dire \u00e0 100 % que, sans ce souci, c\u2019est lui qui aurait d\u00e9but\u00e9 en attaque. \u00bb Ce qui tendrait \u00e0 dire que Matthis Abline sera titulaire \u00e0 la Meinau ?\u00a0<\/p>\n","protected":false},"excerpt":{"rendered":"STRASBOURG \u2013 NANTES (17H15) D\u00e9cevants face au PSG, secou\u00e9s par le cas Abline, les Nantais sont \u00e0 Strasbourg&hellip;\n","protected":false},"author":2,"featured_media":340710,"comment_status":"","ping_status":"","sticky":false,"template":"","format":"standard","meta":{"footnotes":""},"categories":[2818],"tags":[1111,11,1777,674,1011,27,766,12,2636,25],"class_list":{"0":"post-340709","1":"post","2":"type-post","3":"status-publish","4":"format-standard","5":"has-post-thumbnail","7":"category-nantes","8":"tag-actu","9":"tag-actualites","10":"tag-eu","11":"tag-europe","12":"tag-fr","13":"tag-france","14":"tag-nantes","15":"tag-news","16":"tag-pays-de-la-loire","17":"tag-republique-francaise"},"share_on_mastodon":{"url":"https:\/\/pubeurope.com\/@fr\/115084103728589534","error":""},"_links":{"self":[{"href":"https:\/\/www.europesays.com\/fr\/wp-json\/wp\/v2\/posts\/340709","targetHints":{"allow":["GET"]}}],"collection":[{"href":"https:\/\/www.europesays.com\/fr\/wp-json\/wp\/v2\/posts"}],"about":[{"href":"https:\/\/www.europesays.com\/fr\/wp-json\/wp\/v2\/types\/post"}],"author":[{"embeddable":true,"href":"https:\/\/www.europesays.com\/fr\/wp-json\/wp\/v2\/users\/2"}],"replies":[{"embeddable":true,"href":"https:\/\/www.europesays.com\/fr\/wp-json\/wp\/v2\/comments?post=340709"}],"version-history":[{"count":0,"href":"https:\/\/www.europesays.com\/fr\/wp-json\/wp\/v2\/posts\/340709\/revisions"}],"wp:featuredmedia":[{"embeddable":true,"href":"https:\/\/www.europesays.com\/fr\/wp-json\/wp\/v2\/media\/340710"}],"wp:attachment":[{"href":"https:\/\/www.europesays.com\/fr\/wp-json\/wp\/v2\/media?parent=340709"}],"wp:term":[{"taxonomy":"category","embeddable":true,"href":"https:\/\/www.europesays.com\/fr\/wp-json\/wp\/v2\/categories?post=340709"},{"taxonomy":"post_tag","embeddable":true,"href":"https:\/\/www.europesays.com\/fr\/wp-json\/wp\/v2\/tags?post=340709"}],"curies":[{"name":"wp","href":"https:\/\/api.w.org\/{rel}","templated":true}]}}