{"id":340713,"date":"2025-08-24T14:02:10","date_gmt":"2025-08-24T14:02:10","guid":{"rendered":"https:\/\/www.europesays.com\/fr\/340713\/"},"modified":"2025-08-24T14:02:10","modified_gmt":"2025-08-24T14:02:10","slug":"la-police-se-deploie-dans-le-centre-ville","status":"publish","type":"post","link":"https:\/\/www.europesays.com\/fr\/340713\/","title":{"rendered":"la police se d\u00e9ploie dans le centre-ville"},"content":{"rendered":"<p>            Par<br \/>\n        <strong><br \/>\n            <a href=\"https:\/\/actu.fr\/auteur\/lea-afonso\" title=\"Consulter tous les articles de L\u00e9a Afonso\" rel=\"nofollow noopener\" target=\"_blank\">L\u00e9a Afonso<\/a><br \/>\n        <\/strong><\/p>\n<p>        Publi\u00e9 le<\/p>\n<p>            24 ao\u00fbt 2025 \u00e0 14h16        <\/p>\n<p>Alors que <strong>deux manifestations<\/strong> \u2014 tout aussi diff\u00e9rentes qu\u2019importantes \u2014 sont pr\u00e9vues ce dimanche 24\u00a0ao\u00fbt 2025 \u00e0 <a href=\"https:\/\/actu.fr\/toulouse\/\" rel=\"nofollow noopener\" target=\"_blank\">Toulouse<\/a>, la police annonce d\u00e9ployer un <strong>dispositif de s\u00e9curit\u00e9,<\/strong> voici ce qui est pr\u00e9vu.<\/p>\n<p>Les boulevards contr\u00f4l\u00e9s<\/p>\n<p class=\" wall-content\">D\u00e8s 15h ce dimanche, le boulevard de Strasbourg sera le lieu de rassemblement d\u2019une centaine de personnes. Effectivement, \u00ab\u2009une d\u00e9ambulation des personnes faisant partie de <strong>l\u2019amiti\u00e9 ukrainienne<\/strong> est pr\u00e9vue\u2009\u00bb, informent les forces de l\u2019ordre. Ce jour \u00e9tant celui de la <strong>F\u00eate nationale du pays<\/strong> au drapeau bleu et jaune.<\/p>\n<p class=\" wall-content\">\u00ab\u2009Au d\u00e9part <strong>de Compans Caffarelli, vers Jean Jaur\u00e8s<\/strong>, nous attendons <strong>100 \u00e0 150\u00a0personnes.<\/strong> C\u2019\u00e9tait le nombre de manifestants lors de la pr\u00e9c\u00e9dente d\u00e9ambulation\u2009\u00bb, continue la police. Ici, \u00ab\u2009nous encadrerons le cort\u00e8ge, qui est g\u00e9n\u00e9ralement tr\u00e8s respectueux, sans spam vindicatif\u2009\u00bb.<\/p>\n<p>Des bus d\u00e9vi\u00e9s<\/p>\n<p class=\" wall-content\">Nous vous l\u2019apprenions <a href=\"https:\/\/actu.fr\/occitanie\/toulouse_31555\/toulouse-manifestation-en-centre-ville-des-bus-vont-etre-devies-voici-les-lignes-concernees_63070527.html\" rel=\"nofollow noopener\" target=\"_blank\">dans un pr\u00e9c\u00e9dent article<\/a>, en raison de cette d\u00e9ambulation en centre-ville, des <strong>lignes de bus sont d\u00e9vi\u00e9es<\/strong>. Sont concern\u00e9s la <strong>Navette A\u00e9roport, les lignes L1, L8, L9, L14, 23,29, 39, 45 et 70<\/strong>. Les arr\u00eats dans le centre de Toulouse ne seront donc pas desservis d\u00e8s 14\u2009h\u200930.<\/p>\n<p>Autre manifestation\u2009: le match de foot<\/p>\n<p class=\" wall-content\">Les friands de <a href=\"https:\/\/actu.fr\/tag\/toulouse-football-club-tfc\" rel=\"nofollow noopener\" target=\"_blank\"><strong>football<\/strong><\/a> ne sont sans doute pas pass\u00e9s \u00e0 c\u00f4t\u00e9 de l\u2019information, <a href=\"https:\/\/actu.fr\/occitanie\/toulouse_31555\/une-belle-affiche-contre-brest-pour-le-retour-de-la-ligue-1-au-stadium-de-toulouse_63067149.html\" rel=\"nofollow noopener\" target=\"_blank\">\u00e0 17\u2009h\u200915 le TFC affrontera Brest au Stadium<\/a>. Une affiche attendue, qui n\u00e9cessite la pr\u00e9sence de la police. \u00ab\u2009Lors des manifestations sportives, nous sommes toujours pr\u00e9sents pour encadrer la s\u00e9curit\u00e9. Sur le papier, le<strong> match s\u2019annonce plut\u00f4t calme<\/strong> en termes de d\u00e9bordements, mais nous seront pr\u00e9sents\u2009\u00bb, termine la police.<\/p>\n<p>Vid\u00e9os : en ce moment sur Actu<\/p>\n<p class=\" wall-content\">Les forces de l\u2019ordre seront donc de sortie ce dimanche \u00e0 Toulouse autour de deux \u00e9v\u00e9nements fort dans le centre-ville.<\/p>\n<p class=\" wall-content\">Personnalisez votre actualit\u00e9 en ajoutant vos villes et m\u00e9dias en favori avec <a href=\"https:\/\/moncompte.actu.fr\" title=\"D\u00e9couvez Mon Actu\" rel=\"nofollow noopener\" data-trk=\"{&quot;cta&quot;:{&quot;action&quot;:&quot;https:\\\/\\\/moncompte.actu.fr&quot;,&quot;category&quot;:&quot;mon compte&quot;,&quot;from&quot;:&quot;article footer&quot;,&quot;name&quot;:&quot;Mon actu&quot;,&quot;type&quot;:&quot;cta&quot;}}\" target=\"_blank\">Mon Actu<\/a>.<\/p>\n","protected":false},"excerpt":{"rendered":"Par L\u00e9a Afonso Publi\u00e9 le 24 ao\u00fbt 2025 \u00e0 14h16 Alors que deux manifestations \u2014 tout aussi diff\u00e9rentes&hellip;\n","protected":false},"author":2,"featured_media":340714,"comment_status":"","ping_status":"","sticky":false,"template":"","format":"standard","meta":{"footnotes":""},"categories":[2816],"tags":[1111,11,1777,674,118,1011,27,12,2680,25,2312],"class_list":{"0":"post-340713","1":"post","2":"type-post","3":"status-publish","4":"format-standard","5":"has-post-thumbnail","7":"category-toulouse","8":"tag-actu","9":"tag-actualites","10":"tag-eu","11":"tag-europe","12":"tag-faits-divers","13":"tag-fr","14":"tag-france","15":"tag-news","16":"tag-occitanie","17":"tag-republique-francaise","18":"tag-toulouse"},"share_on_mastodon":{"url":"https:\/\/pubeurope.com\/@fr\/115084115590107730","error":""},"_links":{"self":[{"href":"https:\/\/www.europesays.com\/fr\/wp-json\/wp\/v2\/posts\/340713","targetHints":{"allow":["GET"]}}],"collection":[{"href":"https:\/\/www.europesays.com\/fr\/wp-json\/wp\/v2\/posts"}],"about":[{"href":"https:\/\/www.europesays.com\/fr\/wp-json\/wp\/v2\/types\/post"}],"author":[{"embeddable":true,"href":"https:\/\/www.europesays.com\/fr\/wp-json\/wp\/v2\/users\/2"}],"replies":[{"embeddable":true,"href":"https:\/\/www.europesays.com\/fr\/wp-json\/wp\/v2\/comments?post=340713"}],"version-history":[{"count":0,"href":"https:\/\/www.europesays.com\/fr\/wp-json\/wp\/v2\/posts\/340713\/revisions"}],"wp:featuredmedia":[{"embeddable":true,"href":"https:\/\/www.europesays.com\/fr\/wp-json\/wp\/v2\/media\/340714"}],"wp:attachment":[{"href":"https:\/\/www.europesays.com\/fr\/wp-json\/wp\/v2\/media?parent=340713"}],"wp:term":[{"taxonomy":"category","embeddable":true,"href":"https:\/\/www.europesays.com\/fr\/wp-json\/wp\/v2\/categories?post=340713"},{"taxonomy":"post_tag","embeddable":true,"href":"https:\/\/www.europesays.com\/fr\/wp-json\/wp\/v2\/tags?post=340713"}],"curies":[{"name":"wp","href":"https:\/\/api.w.org\/{rel}","templated":true}]}}