{"id":340719,"date":"2025-08-24T14:06:25","date_gmt":"2025-08-24T14:06:25","guid":{"rendered":"https:\/\/www.europesays.com\/fr\/340719\/"},"modified":"2025-08-24T14:06:25","modified_gmt":"2025-08-24T14:06:25","slug":"cette-serie-qui-cartonne-sur-netflix-a-ete-tournee-a-marseille-voici-ou","status":"publish","type":"post","link":"https:\/\/www.europesays.com\/fr\/340719\/","title":{"rendered":"cette s\u00e9rie qui cartonne sur Netflix a \u00e9t\u00e9 tourn\u00e9e \u00e0 Marseille, voici o\u00f9"},"content":{"rendered":"<p>            Par<br \/>\n        <strong><br \/>\n            <a href=\"https:\/\/actu.fr\/auteur\/thibault-nadal-actu-fr\" title=\"Consulter tous les articles de Thibault Nadal\" target=\"_blank\" rel=\"noopener\">Thibault Nadal<\/a><br \/>\n        <\/strong><\/p>\n<p>        Publi\u00e9 le<\/p>\n<p>            22 ao\u00fbt 2025 \u00e0 11h12        <\/p>\n<p>La nouvelle a \u00e9t\u00e9 c\u00e9l\u00e9br\u00e9e en grande pompe ce mercredi 20\u00a0ao\u00fbt 2025 sur <a href=\"https:\/\/actu.fr\/tag\/reseaux-sociaux\" target=\"_blank\" rel=\"noopener\">les r\u00e9seaux sociaux<\/a> des acteurs et du r\u00e9alisateur, Igor Gotesman\u2009: la s\u00e9rie fran\u00e7aise, Young Millionaires, est devenue <strong>la plus regard\u00e9e<\/strong> sur <a href=\"https:\/\/actu.fr\/tag\/netflix\" target=\"_blank\" rel=\"noopener\">Netflix<\/a>, seulement une semaine apr\u00e8s sa sortie, d\u00e9tr\u00f4nant Mercredi avec Jenna Ortega.<\/p>\n<p class=\" wall-content\">Il faut dire que la s\u00e9rie a de quoi s\u00e9duire\u2009: une histoire aussi d\u00e9jant\u00e9e qu\u2019attachante. Mais surtout, elle est tourn\u00e9e \u00e0 <a href=\"https:\/\/actu.fr\/marseille\/\" target=\"_blank\" rel=\"noopener\">Marseille<\/a> et met en avant plusieurs <strong>lieux embl\u00e9matiques de la ville<\/strong>.<\/p>\n<p>Les endroits touristiques repr\u00e9sent\u00e9s<\/p>\n<p class=\" wall-content\">Young Millionaires, c\u2019est l\u2019histoire de quatre adolescents de 17\u00a0ans, <strong>tous originaires de la cit\u00e9 phoc\u00e9enne<\/strong> selon <a href=\"https:\/\/cinema.marseille.fr\/actualites\/young-millionaires\" target=\"_blank\" rel=\"noopener\">la municipalit\u00e9<\/a>, Abraham Wapler (L\u00e9o), Calixte Broisin-Doutaz (David), Malou Khebizi (Samia) et Sara Gan\u00e7arski (Jess) qui viennent de remporter\u2026 <strong>17\u00a0millions d\u2019euros au loto<\/strong>. Mais qui ne peuvent pas empocher leur gain en raison de leur \u00e2ge.<\/p>\n<p class=\" wall-content\">\n<p class=\" wall-content\">Lors des <strong>huit \u00e9pisodes d\u2019environ de trente minutes chacun<\/strong>, la ville de Marseille est souvent mise \u00e0 l\u2019honneur, puisque plusieurs lieux sont facilement reconnaissables, comme Malmousque (7e) ou Le Camas (5e). Mais plus que des quartiers, des endroits embl\u00e9matiques de la cit\u00e9 phoc\u00e9enne sont reconnaissables, comme <strong>la boutique de souvenir Le Mistral<\/strong> o\u00f9 les jeunes gagnent le jackpot. Il se situe dans <a href=\"https:\/\/actu.fr\/tag\/le-panier\" target=\"_blank\" rel=\"noopener\">Le Panier<\/a> (2e), juste devant le magasin de p\u00e9tanque, la Boule Bleue.<\/p>\n<p>    <a href=\"https:\/\/www.google.com\/maps\/embed?pb=!1m18!1m12!1m3!1d431.6376797531939!2d5.366129675320675!3d43.29959086301696!2m3!1f0!2f0!3f0!3m2!1i1024!2i768!4f13.1!3m3!1m2!1s0x12c9c0c21364cb5b%3A0x4b8b03e475301236!2sMistral%20de%20Marseille!5e0!3m2!1sfr!2sfr!4v1755787513521!5m2!1sfr!2sfr\" title=\"Ouvrie le lien\" target=\"_blank\" rel=\"noopener\">Cliquez ici pour visualiser le contenu<\/a><\/p>\n<p class=\" wall-content\">Apr\u00e8s avoir appris qu\u2019ils devenaient millionnaires, ils passent la soir\u00e9e en bo\u00eete de nuit et \u00e0 <strong>l\u2019Intercontinental<\/strong>, le plus c\u00e9l\u00e8bre h\u00f4tel de Marseille offrant une vue d\u00e9gag\u00e9e sur <a href=\"https:\/\/actu.fr\/tag\/notre-dame-de-la-garde\" target=\"_blank\" rel=\"noopener\">Notre-Dame de La Garde<\/a>. Une soir\u00e9e pay\u00e9e gr\u00e2ce \u00e0 la carte d\u2019une association\u2026 <strong>Clean My Calanques<\/strong>, comme elle l\u2019a r\u00e9v\u00e9l\u00e9e sur les r\u00e9seaux sociaux.<\/p>\n<p class=\" wall-content\"><a href=\"https:\/\/www.instagram.com\/p\/DNasZRjsQ6e\/embed\" title=\"Ouvrir le lien sur Instagram\" target=\"_blank\" rel=\"noopener\">Visualiser le contenu sur Instagram<\/a><\/p>\n<p>Les lyc\u00e9es de Marseilleveyre et des Calanques<\/p>\n<p class=\" wall-content\"><a href=\"https:\/\/actu.fr\/provence-alpes-cote-d-azur\/marseille_13055\/marseille-pourquoi-la-bonne-mere-sera-invisible-du-sommet-de-la-basilique-notre-dame-de-la-garde_62951469.html\" target=\"_blank\" rel=\"noopener\">La Bonne M\u00e8re<\/a> souvent mise \u00e0 l\u2019honneur et notamment son <strong>Stade Francis Di Giovanni<\/strong> (7e) qui se situe juste en contrebas de la basilique, th\u00e9\u00e2tre des exploits footballistiques de Samia, grande fan de <a href=\"https:\/\/actu.fr\/tag\/olympique-de-marseille-om\" target=\"_blank\" rel=\"noopener\">l\u2019OM<\/a>.<\/p>\n<p>Votre r\u00e9gion, votre actu !<\/p>\n<p>Recevez chaque jour les infos qui comptent pour vous.<\/p>\n<p>\t<a href=\"https:\/\/actu.fr\/newsletter\" class=\"ac-btn ac-btn--corner ac-btn--medium ac-btn--blue800\" target=\"_blank\" rel=\"noopener\">S&rsquo;incrire<\/a><\/p>\n<p class=\" wall-content\">Dans la s\u00e9rie, les protagonistes empruntent r\u00e9guli\u00e8rement la <a href=\"https:\/\/actu.fr\/tag\/corniche\" target=\"_blank\" rel=\"noopener\">Corniche Kennedy<\/a> (7e) pour rejoindre leur QG, situ\u00e9 au niveau du plateau multisport Olmeta situ\u00e9 au 11 avenue Madrague de Montredon (8e).<\/p>\n<p>    <a href=\"https:\/\/www.google.com\/maps\/embed?pb=!1m18!1m12!1m3!1d864.2023749927993!2d5.358580043406359!3d43.234260344599804!2m3!1f0!2f0!3f0!3m2!1i1024!2i768!4f13.1!3m3!1m2!1s0x12c9c74ca18649f9%3A0x93391d940134afe9!2sPlateau%20multisport%20Olmeta!5e0!3m2!1sfr!2sfr!4v1755786106071!5m2!1sfr!2sfr\" title=\"Ouvrie le lien\" target=\"_blank\" rel=\"noopener\">Cliquez ici pour visualiser le contenu<\/a><\/p>\n<p class=\" wall-content\">Un lieu situ\u00e9 non loin des <strong>lyc\u00e9es de Marseilleveyre et des Calanques<\/strong> (8e) o\u00f9 sont tourn\u00e9es de nombreuses sc\u00e8nes. Pour conclure cette premi\u00e8re saison, une des derni\u00e8res sc\u00e8nes de la saison se d\u00e9roule dans le port de <a href=\"https:\/\/actu.fr\/tag\/l-estaque\" target=\"_blank\" rel=\"noopener\">l\u2019Estaque<\/a> (16e).<\/p>\n<p class=\" wall-content\">Personnalisez votre actualit\u00e9 en ajoutant vos villes et m\u00e9dias en favori avec <a href=\"https:\/\/moncompte.actu.fr\" title=\"D\u00e9couvez Mon Actu\" rel=\"nofollow noopener\" data-trk=\"{&quot;cta&quot;:{&quot;action&quot;:&quot;https:\\\/\\\/moncompte.actu.fr&quot;,&quot;category&quot;:&quot;mon compte&quot;,&quot;from&quot;:&quot;article footer&quot;,&quot;name&quot;:&quot;Mon actu&quot;,&quot;type&quot;:&quot;cta&quot;}}\" target=\"_blank\">Mon Actu<\/a>.<\/p>\n<p>                    <script async src=\"\/\/www.instagram.com\/embed.js\"><\/script><\/p>\n","protected":false},"excerpt":{"rendered":"Par Thibault Nadal Publi\u00e9 le 22 ao\u00fbt 2025 \u00e0 11h12 La nouvelle a \u00e9t\u00e9 c\u00e9l\u00e9br\u00e9e en grande pompe&hellip;\n","protected":false},"author":2,"featured_media":340720,"comment_status":"","ping_status":"","sticky":false,"template":"","format":"standard","meta":{"footnotes":""},"categories":[2814],"tags":[1111,11,7958,1777,674,1011,27,11306,1652,884,127,12,882,25],"class_list":{"0":"post-340719","1":"post","2":"type-post","3":"status-publish","4":"format-standard","5":"has-post-thumbnail","7":"category-marseille","8":"tag-actu","9":"tag-actualites","10":"tag-corniche","11":"tag-eu","12":"tag-europe","13":"tag-fr","14":"tag-france","15":"tag-le-panier","16":"tag-loisirs-culture","17":"tag-marseille","18":"tag-netflix","19":"tag-news","20":"tag-provence-alpes-cote-dazur","21":"tag-republique-francaise"},"share_on_mastodon":{"url":"https:\/\/pubeurope.com\/@fr\/115084131426193201","error":""},"_links":{"self":[{"href":"https:\/\/www.europesays.com\/fr\/wp-json\/wp\/v2\/posts\/340719","targetHints":{"allow":["GET"]}}],"collection":[{"href":"https:\/\/www.europesays.com\/fr\/wp-json\/wp\/v2\/posts"}],"about":[{"href":"https:\/\/www.europesays.com\/fr\/wp-json\/wp\/v2\/types\/post"}],"author":[{"embeddable":true,"href":"https:\/\/www.europesays.com\/fr\/wp-json\/wp\/v2\/users\/2"}],"replies":[{"embeddable":true,"href":"https:\/\/www.europesays.com\/fr\/wp-json\/wp\/v2\/comments?post=340719"}],"version-history":[{"count":0,"href":"https:\/\/www.europesays.com\/fr\/wp-json\/wp\/v2\/posts\/340719\/revisions"}],"wp:featuredmedia":[{"embeddable":true,"href":"https:\/\/www.europesays.com\/fr\/wp-json\/wp\/v2\/media\/340720"}],"wp:attachment":[{"href":"https:\/\/www.europesays.com\/fr\/wp-json\/wp\/v2\/media?parent=340719"}],"wp:term":[{"taxonomy":"category","embeddable":true,"href":"https:\/\/www.europesays.com\/fr\/wp-json\/wp\/v2\/categories?post=340719"},{"taxonomy":"post_tag","embeddable":true,"href":"https:\/\/www.europesays.com\/fr\/wp-json\/wp\/v2\/tags?post=340719"}],"curies":[{"name":"wp","href":"https:\/\/api.w.org\/{rel}","templated":true}]}}