{"id":340721,"date":"2025-08-24T14:07:13","date_gmt":"2025-08-24T14:07:13","guid":{"rendered":"https:\/\/www.europesays.com\/fr\/340721\/"},"modified":"2025-08-24T14:07:13","modified_gmt":"2025-08-24T14:07:13","slug":"une-complication-dans-le-dossier-tsimikas","status":"publish","type":"post","link":"https:\/\/www.europesays.com\/fr\/340721\/","title":{"rendered":"Une complication dans le dossier Tsimikas ?"},"content":{"rendered":"<p><strong>L\u2019Olympique de Marseille explore activement la piste menant \u00e0 Kostas Tsimikas, lat\u00e9ral gauche de Liverpool dont la situation se complique \u00e0 Anfield. \u00c2g\u00e9 de 29 ans, le Grec est d\u00e9sormais troisi\u00e8me choix dans la hi\u00e9rarchie, rel\u00e9gu\u00e9 derri\u00e8re Andy Robertson et le nouveau venu Milos Kerkez, recrut\u00e9 pr\u00e8s de 50 M\u20ac cet \u00e9t\u00e9.<\/strong><\/p>\n<p>\u00a0<\/p>\n<p>Selon <strong>Foot Mercato<\/strong>, l\u2019<strong>OM acc\u00e9l\u00e8re<\/strong> pour int\u00e9grer le d\u00e9fenseur dans l\u2019effectif de <strong>Roberto De Zerbi<\/strong>, afin de pallier le d\u00e9part de Quentin Merlin et compl\u00e9ter un flanc gauche insuffisamment dot\u00e9. <strong>Marseille<\/strong> dispose d\u2019une fen\u00eatre d\u2019opportunit\u00e9 : Tsimikas cherche du temps de jeu, et un d\u00e9part para\u00eet in\u00e9luctable.<\/p>\n<p>\u00a0<\/p>\n<p>A lire aussi :\u00a0<a href=\"https:\/\/www.footballclubdemarseille.fr\/om-actualites\/%f0%9f%9a%a8-mercato-om-rabiot-pret-a-rester.html\" rel=\"nofollow noopener\" target=\"_blank\">\ud83d\udea8 Mercato OM : Rabiot pr\u00eat \u00e0 rester !<\/a><\/p>\n<p>\u00a0<\/p>\n<p>Pour sa part, <strong>Liverpool<\/strong> privil\u00e9gierait un <strong>transfert d\u00e9finitif<\/strong>\u00a0pour rentabiliser l\u2019investissement initial (environ 12 M\u00a3), mais resterait ouvert \u00e0 un <strong>pr\u00eat<\/strong>, notamment si cela facilite une issue rapide. Le joueur, d\u00e9sireux de rejoindre un club disputant des comp\u00e9titions europ\u00e9ennes, ne ferme pas cette option.<\/p>\n<p>Cependant, l\u2019<strong>AS Roma<\/strong> serait \u00e9galement dans la course. Selon <strong>Sky Sport Italia<\/strong> et <strong>Gianluca Di Marzio<\/strong>, les Romains ont <strong>ouvert des discussions<\/strong> avec Liverpool en vue d\u2019un <strong>pr\u00eat avec option d\u2019achat<\/strong>, une solution qui pourrait convenir aux contraintes \u00e9conomiques du club italien. Lz Roma, qualifi\u00e9e pour la <strong>Ligue Europa<\/strong>, offre \u00e9galement au joueur une perspective europ\u00e9enne int\u00e9ressante, mais les modalit\u00e9s du r\u00f4le envisag\u00e9 (sous les ordres de Gasperini en backup d\u2019Angelino) soul\u00e8vent quelques interrogations.<\/p>\n<p>\u00a0<\/p>\n<blockquote class=\"twitter-tweet-lazy\">\n<p dir=\"ltr\" lang=\"en\"><a href=\"https:\/\/twitter.com\/hashtag\/ASRoma?src=hash&amp;ref_src=twsrc%5Etfw\" rel=\"nofollow noopener\" target=\"_blank\">#ASRoma<\/a> have opened talks to try to sign Kostantinos <a href=\"https:\/\/twitter.com\/hashtag\/Tsimikas?src=hash&amp;ref_src=twsrc%5Etfw\" rel=\"nofollow noopener\" target=\"_blank\">#Tsimikas<\/a> from <a href=\"https:\/\/twitter.com\/hashtag\/Liverpool?src=hash&amp;ref_src=twsrc%5Etfw\" rel=\"nofollow noopener\" target=\"_blank\">#Liverpool<\/a> on loan with the option to buy. <a href=\"https:\/\/twitter.com\/hashtag\/transfers?src=hash&amp;ref_src=twsrc%5Etfw\" rel=\"nofollow noopener\" target=\"_blank\">#transfers<\/a> <a href=\"https:\/\/twitter.com\/hashtag\/LFC?src=hash&amp;ref_src=twsrc%5Etfw\" rel=\"nofollow noopener\" target=\"_blank\">#LFC<\/a> <a href=\"https:\/\/t.co\/257aZUkcjT\" rel=\"nofollow\">https:\/\/t.co\/257aZUkcjT<\/a><\/p>\n<p>\u2014 Nicol\u00f2 Schira (@NicoSchira) <a href=\"https:\/\/twitter.com\/NicoSchira\/status\/1959483865933705505?ref_src=twsrc%5Etfw\" rel=\"nofollow noopener\" target=\"_blank\">August 24, 2025<\/a><\/p>\n<\/blockquote>\n<p>\u00a0<\/p>\n<p>Selon <strong>Nicol\u00f2 Schira<\/strong>, \u00ab L\u2019AS Roma a ouvert des discussions pour essayer de signer Kostantinos Tsimikas de Liverpool en pr\u00eat avec option d\u2019achat. \u00bb<\/p>\n<p>\u00a0<\/p>\n<p>La Roma vise aussi Tsimikas !<\/p>\n<p>\u00a0<\/p>\n<\/p>\n<p>\u00a0<\/p>\n<ul>\n<li><strong>Pour l\u2019OM<\/strong>, Tsimikas repr\u00e9sente une solution exp\u00e9riment\u00e9e, capable de renforcer imm\u00e9diatement le couloir gauche et convaincante en phase offensive, conforme au style de jeu de De Zerbi.<\/li>\n<li><strong>Pour Liverpool<\/strong>, un d\u00e9part cet \u00e9t\u00e9 permettrait d\u2019optimiser financi\u00e8rement, soit via un transfert, soit via un pr\u00eat voire une vente future.<\/li>\n<li><strong>Pour le joueur<\/strong>, l\u2019objectif est clair : retrouver une place de titulaire, notamment dans un club projet europ\u00e9en.<\/li>\n<li\/>\n<\/ul>\n<p><strong>Conclusion :<\/strong> L\u2019OM se trouve dans une position favorable pour recruter <strong>Kostas Tsimikas<\/strong>, un profil d\u00e9j\u00e0 connu en Premier League, \u00e0 co\u00fbt potentiellement ma\u00eetris\u00e9. Toutefois, l\u2019int\u00e9r\u00eat concret de la <strong>Roma<\/strong>, en <strong>pr\u00eat avec option d\u2019achat<\/strong>, rebat les cartes.<\/p>\n<p>            <script async src=\"https:\/\/platform.twitter.com\/widgets.js\" charset=\"utf-8\"><\/script><\/p>\n","protected":false},"excerpt":{"rendered":"L\u2019Olympique de Marseille explore activement la piste menant \u00e0 Kostas Tsimikas, lat\u00e9ral gauche de Liverpool dont la situation&hellip;\n","protected":false},"author":2,"featured_media":340722,"comment_status":"","ping_status":"","sticky":false,"template":"","format":"standard","meta":{"footnotes":""},"categories":[2814],"tags":[1111,11,1777,674,1011,27,884,12,882,25],"class_list":{"0":"post-340721","1":"post","2":"type-post","3":"status-publish","4":"format-standard","5":"has-post-thumbnail","7":"category-marseille","8":"tag-actu","9":"tag-actualites","10":"tag-eu","11":"tag-europe","12":"tag-fr","13":"tag-france","14":"tag-marseille","15":"tag-news","16":"tag-provence-alpes-cote-dazur","17":"tag-republique-francaise"},"share_on_mastodon":{"url":"https:\/\/pubeurope.com\/@fr\/115084135214227187","error":""},"_links":{"self":[{"href":"https:\/\/www.europesays.com\/fr\/wp-json\/wp\/v2\/posts\/340721","targetHints":{"allow":["GET"]}}],"collection":[{"href":"https:\/\/www.europesays.com\/fr\/wp-json\/wp\/v2\/posts"}],"about":[{"href":"https:\/\/www.europesays.com\/fr\/wp-json\/wp\/v2\/types\/post"}],"author":[{"embeddable":true,"href":"https:\/\/www.europesays.com\/fr\/wp-json\/wp\/v2\/users\/2"}],"replies":[{"embeddable":true,"href":"https:\/\/www.europesays.com\/fr\/wp-json\/wp\/v2\/comments?post=340721"}],"version-history":[{"count":0,"href":"https:\/\/www.europesays.com\/fr\/wp-json\/wp\/v2\/posts\/340721\/revisions"}],"wp:featuredmedia":[{"embeddable":true,"href":"https:\/\/www.europesays.com\/fr\/wp-json\/wp\/v2\/media\/340722"}],"wp:attachment":[{"href":"https:\/\/www.europesays.com\/fr\/wp-json\/wp\/v2\/media?parent=340721"}],"wp:term":[{"taxonomy":"category","embeddable":true,"href":"https:\/\/www.europesays.com\/fr\/wp-json\/wp\/v2\/categories?post=340721"},{"taxonomy":"post_tag","embeddable":true,"href":"https:\/\/www.europesays.com\/fr\/wp-json\/wp\/v2\/tags?post=340721"}],"curies":[{"name":"wp","href":"https:\/\/api.w.org\/{rel}","templated":true}]}}