{"id":340723,"date":"2025-08-24T14:08:13","date_gmt":"2025-08-24T14:08:13","guid":{"rendered":"https:\/\/www.europesays.com\/fr\/340723\/"},"modified":"2025-08-24T14:08:13","modified_gmt":"2025-08-24T14:08:13","slug":"alcoolise-et-sous-lemprise-de-drogue-il-percute-les-gendarmes-lors-dun-refus-dobtemperer","status":"publish","type":"post","link":"https:\/\/www.europesays.com\/fr\/340723\/","title":{"rendered":"Alcoolis\u00e9 et sous l\u2019emprise de drogue, il percute les gendarmes lors d\u2019un refus d\u2019obtemp\u00e9rer"},"content":{"rendered":"<p>                            <img loading=\"lazy\" width=\"1200\" height=\"800\" class=\"attachment-article size-article wp-post-image lazyload\" alt=\"gendarmerie\" decoding=\"async\" src=\"https:\/\/www.europesays.com\/fr\/wp-content\/uploads\/2025\/06\/AFP__20241017__36K73FL__v1__HighRes__FranceCrimeInvestigation.jpg\" data-eio-rwidth=\"1200\" data-eio-rheight=\"800\"\/><\/p>\n<p>Image d\u2019illustration gendarmerie. (Photo ARNAUD FINISTRE \/ AFP)<\/p>\n<p class=\"content\" style=\"font-size:1.2em;font-weight:700\">Dans la nuit du 17 au 18 ao\u00fbt, un individu alcoolis\u00e9 et sous l\u2019emprise de stup\u00e9fiants s\u2019est montr\u00e9 violent avant de percuter les forces de l\u2019ordre lors d\u2019un refus d\u2019obtemp\u00e9rer.<\/p>\n<p>Violence, alcool, drogues, cet individu a cumul\u00e9 les infractions. Dans la nuit du 17 au 18 ao\u00fbt, les gendarmes de la brigade de Brignais sont, en effet, appel\u00e9s \u00e0 Saint-Genis-Laval, au Sud de Lyon, suite aux menaces d\u2019un homme potentiellement porteur d&rsquo;une arme blanche. Mais sur place, plusieurs individus prennent la fuite \u00e0 bord d\u2019un v\u00e9hicule rapidement identifi\u00e9.<\/p>\n<p>Les gendarmes du peloton de surveillance et d\u2019intervention de la gendarmerie de Givors sont alors \u00e0 proximit\u00e9 du lieu d&rsquo;intervention et d\u00e9cident d&rsquo;agir. Ces derniers sont alors percut\u00e9s par une voiture correspondant \u00e0 la description pr\u00e9c\u00e9demment faite lors du refus d\u2019obtemp\u00e9rer. Au volant, un homme alcoolis\u00e9 et sous l\u2019emprise de stup\u00e9fiants. Il aurait perdu le contr\u00f4le du v\u00e9hicule. L&rsquo;individu est alors interpell\u00e9 et plac\u00e9 en garde \u00e0 vue. Les gendarmes ont, quant \u00e0 eux, \u00e9t\u00e9 l\u00e9g\u00e8rement bless\u00e9s.<\/p>\n<p>Le suspect sera condamn\u00e9 \u00e0 un contr\u00f4le judiciaire \u00ab\u00a0strict\u00a0\u00bb, dont l&rsquo;interdiction de conduire un v\u00e9hicule \u00e0 moteur. Il devra \u00e9galement se pr\u00e9senter p\u00e9riodiquement dans un service de gendarmerie. Il sera d\u00e9finitivement jug\u00e9 d\u2019ici quelques semaines.<\/p>\n","protected":false},"excerpt":{"rendered":"Image d\u2019illustration gendarmerie. (Photo ARNAUD FINISTRE \/ AFP) Dans la nuit du 17 au 18 ao\u00fbt, un individu&hellip;\n","protected":false},"author":2,"featured_media":157363,"comment_status":"","ping_status":"","sticky":false,"template":"","format":"standard","meta":{"footnotes":""},"categories":[1889],"tags":[1111,11,2430,1777,674,1011,27,2428,12,25],"class_list":{"0":"post-340723","1":"post","2":"type-post","3":"status-publish","4":"format-standard","5":"has-post-thumbnail","7":"category-lyon","8":"tag-actu","9":"tag-actualites","10":"tag-auvergne-rhone-alpes","11":"tag-eu","12":"tag-europe","13":"tag-fr","14":"tag-france","15":"tag-lyon","16":"tag-news","17":"tag-republique-francaise"},"share_on_mastodon":{"url":"https:\/\/pubeurope.com\/@fr\/115084139485490305","error":""},"_links":{"self":[{"href":"https:\/\/www.europesays.com\/fr\/wp-json\/wp\/v2\/posts\/340723","targetHints":{"allow":["GET"]}}],"collection":[{"href":"https:\/\/www.europesays.com\/fr\/wp-json\/wp\/v2\/posts"}],"about":[{"href":"https:\/\/www.europesays.com\/fr\/wp-json\/wp\/v2\/types\/post"}],"author":[{"embeddable":true,"href":"https:\/\/www.europesays.com\/fr\/wp-json\/wp\/v2\/users\/2"}],"replies":[{"embeddable":true,"href":"https:\/\/www.europesays.com\/fr\/wp-json\/wp\/v2\/comments?post=340723"}],"version-history":[{"count":0,"href":"https:\/\/www.europesays.com\/fr\/wp-json\/wp\/v2\/posts\/340723\/revisions"}],"wp:featuredmedia":[{"embeddable":true,"href":"https:\/\/www.europesays.com\/fr\/wp-json\/wp\/v2\/media\/157363"}],"wp:attachment":[{"href":"https:\/\/www.europesays.com\/fr\/wp-json\/wp\/v2\/media?parent=340723"}],"wp:term":[{"taxonomy":"category","embeddable":true,"href":"https:\/\/www.europesays.com\/fr\/wp-json\/wp\/v2\/categories?post=340723"},{"taxonomy":"post_tag","embeddable":true,"href":"https:\/\/www.europesays.com\/fr\/wp-json\/wp\/v2\/tags?post=340723"}],"curies":[{"name":"wp","href":"https:\/\/api.w.org\/{rel}","templated":true}]}}