{"id":340724,"date":"2025-08-24T14:09:12","date_gmt":"2025-08-24T14:09:12","guid":{"rendered":"https:\/\/www.europesays.com\/fr\/340724\/"},"modified":"2025-08-24T14:09:12","modified_gmt":"2025-08-24T14:09:12","slug":"municipales-2026-dans-la-vie-publique-je-voudrais-desormais-refonder-espere-jean-michel-aulas","status":"publish","type":"post","link":"https:\/\/www.europesays.com\/fr\/340724\/","title":{"rendered":"Municipales 2026 : \u00ab\u00a0Dans la vie publique, je voudrais d\u00e9sormais refonder\u00a0\u00bb, esp\u00e8re Jean-Michel Aulas"},"content":{"rendered":"<p>                            <img loading=\"lazy\" width=\"1200\" height=\"800\" class=\"attachment-article size-article wp-post-image lazyload\" alt=\"\" decoding=\"async\" src=\"https:\/\/www.europesays.com\/fr\/wp-content\/uploads\/2025\/07\/AFP__20230911__DPPI_40623022_114__v1__HighRes__FootballEuro2024QualifyingFranceVRepu.jpg\" data-eio-rwidth=\"1200\" data-eio-rheight=\"800\"\/><\/p>\n<p>Jean-Michel Aulas, ancien pr\u00e9sident de l\u2019Olympique Lyonnais et aujourd\u2019hui candidat aux Municipales de 2026 \u00e0 Lyon. (Photo by Matthieu Mirville \/ DPPI via AFP)<\/p>\n<p class=\"content\" style=\"font-size:1.2em;font-weight:700\">Toujours pas officiellement candidat pour les \u00e9lections municipales de 2026, Jean-Michel Aulas partage sa vision de Lyon, une \u00ab\u00a0ville qui pense loin, agit juste et rassemble large.\u00a0\u00bb<\/p>\n<p>On peut dire que Jean-Michel Aulas aime faire durer le suspens. Apr\u00e8s avoir une nouvelle fois <a href=\"https:\/\/www.lyoncapitale.fr\/actualite\/jean-michel-aulas-repousse-de-nouveau-l-annonce-de-sa-candidature-aux-municipales-2026\" target=\"_blank\" rel=\"noreferrer noopener nofollow\">repouss\u00e9 l&rsquo;annonce de sa candidature<\/a> le mois dernier, l\u2019ancien pr\u00e9sident de l\u2019Olympique Lyonnais, partage sa vision de Lyon et de sa politique chez nos confr\u00e8res de <a href=\"https:\/\/www.latribune.fr\/la-tribune-dimanche\/opinions\/opinion-dans-le-football-j-ai-construit-dans-la-vie-publique-je-voudrais-refonder-par-jean-michel-aulas-vice-president-de-la-fff-1031330.html\" target=\"_blank\" rel=\"noreferrer noopener nofollow\">La Tribune Dimanche<\/a>, si toutefois il se lan\u00e7ait dans la course des municipales en 2026.<\/p>\n<p><strong>Lire aussi :<\/strong> <a href=\"https:\/\/www.lyoncapitale.fr\/actualite\/betonisation-de-lyon-bernard-repond-a-aulas-candidat-qui-raconte-n-importe-quoi\" rel=\"nofollow noopener\" target=\"_blank\">B\u00e9tonisation de Lyon : Bernard r\u00e9pond \u00e0 Aulas, \u00ab\u00a0candidat qui raconte n&rsquo;importe quoi\u00a0\u00bb<\/a><\/p>\n<p>\u00ab\u00a0Le football est un miroir grossissant de la soci\u00e9t\u00e9\u00a0\u00bb<\/p>\n<p>Et quoi de mieux pour Jean-Michel Aulas que d\u2019utiliser le football pour le faire. \u00ab\u00a0Le football est un miroir grossissant de la soci\u00e9t\u00e9, et parfois m\u00eame son laboratoire\u00a0\u00bb, \u00e9crit-il en pr\u00e9ambule. \u00ab\u00a0Pendant plus de trente-cinq ans, j&rsquo;ai dirig\u00e9 l&rsquo;Olympique lyonnais. Ce fut une aventure humaine, \u00e9conomique, sociale, politique aussi. Une aventure de passion et de responsabilit\u00e9. Certains voudraient la r\u00e9duire \u00e0 des accusations : celle d&rsquo;ignorer les r\u00e9alit\u00e9s de la ville ; pire, d&rsquo;avoir \u00e9t\u00e9 complaisant envers des id\u00e9es que le combats. Ce simplisme dit beaucoup de notre \u00e9poque : amalgames, caricatures, injures \u00e9rig\u00e9es en m\u00e9thode. Ceux qui s&rsquo;y accrochent r\u00e9v\u00e8lent leur propre f\u00e9brilit\u00e9.\u00a0\u00bb<\/p>\n<p>\u00c0 l\u2019image des tribunes dans les stades o\u00f9 \u00ab\u00a0toutes les sensibilit\u00e9s existent\u00a0\u00bb, Lyon serait \u00ab\u00a0comme un grand stade\u00a0\u00bb qui \u00ab\u00a0vibre, d\u00e9bat, accueille.\u00a0\u00bb Il poursuit : \u00ab\u00a0Ses quartiers et ses histoires peuvent faire ville si l\u2019on incarne une vision claire et partag\u00e9e. Lyon gagne quand elle f\u00e9d\u00e8re au-del\u00e0 des origines et des opinions, quand elle cultive l&rsquo;attractivit\u00e9 et le dialogue plut\u00f4t que l&rsquo;exclusion.\u00a0\u00bb Jean-Michel Aulas ne se prive pas de <a href=\"https:\/\/www.lyoncapitale.fr\/politique\/vrais-lyonnais-derive-nazie-aulas-n-en-a-pas-fini-et-demande-des-comptes-a-doucet-et-bernard\" target=\"_blank\" rel=\"noreferrer noopener nofollow\">tancer une nouvelle fois la politique de la municipalit\u00e9 \u00e9cologiste<\/a> et de son maire Gr\u00e9gory Doucet. \u00ab\u00a0La qu\u00eate d&rsquo;un environnement durable, qui devrait rassembler, ne peut se muer en fanatisme sans trahir son dessein et fragiliser \u00e0 la fois notre cadre de vie et notre bien-\u00eatre collectif\u00a0\u00bb, lance-t-il encore.<\/p>\n<p><strong>Lire aussi :<\/strong> <\/p>\n<p>\u00ab\u00a0Dans la vie publique, je voudrais d\u00e9sormais refonder\u00a0\u00bb<\/p>\n<p>Jean-Michel Aulas souhaite ainsi faire de Lyon, sa culture et son histoire une \u00ab\u00a0priorit\u00e9.\u00a0\u00bb \u00ab\u00a0Je veux que Lyon renoue avec son histoire et fasse de la culture non pas une variable d&rsquo;ajustement, mais une priorit\u00e9, parce qu&rsquo;elle est ce qui relie, inspire et donne sens \u00e0 l&rsquo;action collective.\u00a0\u00bb Entre la soci\u00e9t\u00e9 et le football, \u00ab\u00a0il n\u2019y a jamais eu de cloison \u00e9tanche\u00a0\u00bb, estime encore l\u2019ancien pr\u00e9sident de l\u2019OL. Et d\u2019ajouter : \u00ab\u00a0Dans l&rsquo;entreprise comme dans le football, j&rsquo;ai construit. Dans la vie publique, je voudrais d\u00e9sormais refonder.\u00a0\u00bb<\/p>\n<p>Les prochaines semaines seront \u00ab\u00a0d\u00e9cisives\u00a0pour tracer ce chemin\u00a0\u00bb, selon ses dires. Jean-Michel Aulas conclut : \u00ab\u00a0J\u2019ai toujours pens\u00e9 que faire ville, c\u2019est rayonner sans diviser, ouvrir sans diluer. \u00c0 ceux qui opposent culture et \u00e9conomie, lien social et performance, solidarit\u00e9 et exigence, je r\u00e9ponds : regardons ce que nous devons r\u00e9inventer. C\u2019est cette vision de Lyon que j\u2019aimerais raviver : celle d\u2019une ville qui pense loin, agit juste et rassemble large.\u00a0\u00bb<\/p>\n<p><strong>Lire aussi :<\/strong> <a href=\"https:\/\/www.lyoncapitale.fr\/actualite\/lyon-un-faux-compte-facebook-annonce-la-candidature-de-jean-michel-aulas-aux-municipales\" target=\"_blank\" rel=\"noreferrer noopener nofollow\">Lyon : un faux compte Facebook annonce la candidature de Jean-Michel Aulas aux municipales<\/a><\/p>\n","protected":false},"excerpt":{"rendered":"Jean-Michel Aulas, ancien pr\u00e9sident de l\u2019Olympique Lyonnais et aujourd\u2019hui candidat aux Municipales de 2026 \u00e0 Lyon. (Photo by&hellip;\n","protected":false},"author":2,"featured_media":223916,"comment_status":"","ping_status":"","sticky":false,"template":"","format":"standard","meta":{"footnotes":""},"categories":[1889],"tags":[1111,11,2430,1777,674,1011,27,2428,12,25],"class_list":{"0":"post-340724","1":"post","2":"type-post","3":"status-publish","4":"format-standard","5":"has-post-thumbnail","7":"category-lyon","8":"tag-actu","9":"tag-actualites","10":"tag-auvergne-rhone-alpes","11":"tag-eu","12":"tag-europe","13":"tag-fr","14":"tag-france","15":"tag-lyon","16":"tag-news","17":"tag-republique-francaise"},"share_on_mastodon":{"url":"https:\/\/pubeurope.com\/@fr\/115084143063761445","error":""},"_links":{"self":[{"href":"https:\/\/www.europesays.com\/fr\/wp-json\/wp\/v2\/posts\/340724","targetHints":{"allow":["GET"]}}],"collection":[{"href":"https:\/\/www.europesays.com\/fr\/wp-json\/wp\/v2\/posts"}],"about":[{"href":"https:\/\/www.europesays.com\/fr\/wp-json\/wp\/v2\/types\/post"}],"author":[{"embeddable":true,"href":"https:\/\/www.europesays.com\/fr\/wp-json\/wp\/v2\/users\/2"}],"replies":[{"embeddable":true,"href":"https:\/\/www.europesays.com\/fr\/wp-json\/wp\/v2\/comments?post=340724"}],"version-history":[{"count":0,"href":"https:\/\/www.europesays.com\/fr\/wp-json\/wp\/v2\/posts\/340724\/revisions"}],"wp:featuredmedia":[{"embeddable":true,"href":"https:\/\/www.europesays.com\/fr\/wp-json\/wp\/v2\/media\/223916"}],"wp:attachment":[{"href":"https:\/\/www.europesays.com\/fr\/wp-json\/wp\/v2\/media?parent=340724"}],"wp:term":[{"taxonomy":"category","embeddable":true,"href":"https:\/\/www.europesays.com\/fr\/wp-json\/wp\/v2\/categories?post=340724"},{"taxonomy":"post_tag","embeddable":true,"href":"https:\/\/www.europesays.com\/fr\/wp-json\/wp\/v2\/tags?post=340724"}],"curies":[{"name":"wp","href":"https:\/\/api.w.org\/{rel}","templated":true}]}}