{"id":340727,"date":"2025-08-24T14:13:10","date_gmt":"2025-08-24T14:13:10","guid":{"rendered":"https:\/\/www.europesays.com\/fr\/340727\/"},"modified":"2025-08-24T14:13:10","modified_gmt":"2025-08-24T14:13:10","slug":"psg-inter-5-0-grazie-psg-quand-les-supporters-de-lac-milan-chambrent-leur-rival","status":"publish","type":"post","link":"https:\/\/www.europesays.com\/fr\/340727\/","title":{"rendered":"\u00ab\u00a0PSG-Inter 5-0\u00a0\u00bb, \u00ab Grazie PSG \u00bb : quand les supporters de l\u2019AC Milan chambrent leur rival"},"content":{"rendered":"<p class=\"paragraph text_align_left lp-f-body-02\">La <a href=\"https:\/\/www.leparisien.fr\/sports\/football\/ligue-des-champions\/psg-inter-5-0-paris-tout-puissant-31-05-2025-DNPP4HBOWFG23OPCCCDDHQKRKU.php\" target=\"_blank\" rel=\"noreferrer nofollow noopener\">finale de la Ligue des champions<\/a> a marqu\u00e9 les esprits ! Surtout \u00e0 Milan, territoire de l\u2019Inter, humili\u00e9 5 \u00e0 0 par le <a href=\"https:\/\/www.leparisien.fr\/sports\/football\/psg\/\" target=\"_blank\" rel=\"noreferrer nofollow noopener\">PSG<\/a>. Un \u00e9pisode douloureux que voudraient s\u00fbrement oublier les supporters. Mais avec des colocataires aussi chambreurs que ceux du rival, l\u2019AC Milan, c\u2019est presque mission impossible. Pour leur rentr\u00e9e \u00e0 San Siro, les fans des Rossoneri ont sorti les flocages se moquant grassement de l\u2019ennemi bleu et noir.<\/p>\n<p class=\"paragraph text_align_left lp-f-body-02\">Sur les r\u00e9seaux sociaux, les photos des maillots ont amus\u00e9 les internautes. \u00ab PSG-Inter 5-0 \u00bb , peut-on lire sur l\u2019un d\u2019entre eux. \u00ab Grazie PSG \u00bb, remarque-t-on sur un autre, sur des images publi\u00e9es par des journalistes pr\u00e9sents aux abords de San Siro. Un autre arbore l\u2019inscription \u00ab injouable : 5-0 \u00bb, en r\u00e9f\u00e9rence aux propos de Henrikh Mkhitaryan, qui avait qualifi\u00e9 son \u00e9quipe avec ce terme.<\/p>\n<p class=\"paragraph text_align_left lp-f-body-02\">Mais le chambrage a tourn\u00e9 court lors de l\u2019entr\u00e9e sur la pelouse des co\u00e9quipiers de Mike Maignan. Malgr\u00e9 la premi\u00e8re apparition de Luka Modric sous ses nouvelles couleurs, les Rossoneri se sont inclin\u00e9s face au promu Cremonese (1-2). Apr\u00e8s une saison compliqu\u00e9e (8e) et priv\u00e9 de Coupe d\u2019Europe, l\u2019AC Milan va devoir se ressaisir pour ne pas prendre un retour de b\u00e2ton de la part de leur plus fid\u00e8le rival de moquerie.<\/p>\n","protected":false},"excerpt":{"rendered":"La finale de la Ligue des champions a marqu\u00e9 les esprits ! Surtout \u00e0 Milan, territoire de l\u2019Inter,&hellip;\n","protected":false},"author":2,"featured_media":340728,"comment_status":"","ping_status":"","sticky":false,"template":"","format":"standard","meta":{"footnotes":""},"categories":[1888],"tags":[1111,1928,11,1927,1777,674,63,1011,27,12,1926,626,1925,25,60],"class_list":{"0":"post-340727","1":"post","2":"type-post","3":"status-publish","4":"format-standard","5":"has-post-thumbnail","7":"category-paris","8":"tag-actu","9":"tag-actu-paris","10":"tag-actualites","11":"tag-actualites-paris","12":"tag-eu","13":"tag-europe","14":"tag-football","15":"tag-fr","16":"tag-france","17":"tag-news","18":"tag-news-paris","19":"tag-paris","20":"tag-paris-news","21":"tag-republique-francaise","22":"tag-sports"},"share_on_mastodon":{"url":"https:\/\/pubeurope.com\/@fr\/115084160068520367","error":""},"_links":{"self":[{"href":"https:\/\/www.europesays.com\/fr\/wp-json\/wp\/v2\/posts\/340727","targetHints":{"allow":["GET"]}}],"collection":[{"href":"https:\/\/www.europesays.com\/fr\/wp-json\/wp\/v2\/posts"}],"about":[{"href":"https:\/\/www.europesays.com\/fr\/wp-json\/wp\/v2\/types\/post"}],"author":[{"embeddable":true,"href":"https:\/\/www.europesays.com\/fr\/wp-json\/wp\/v2\/users\/2"}],"replies":[{"embeddable":true,"href":"https:\/\/www.europesays.com\/fr\/wp-json\/wp\/v2\/comments?post=340727"}],"version-history":[{"count":0,"href":"https:\/\/www.europesays.com\/fr\/wp-json\/wp\/v2\/posts\/340727\/revisions"}],"wp:featuredmedia":[{"embeddable":true,"href":"https:\/\/www.europesays.com\/fr\/wp-json\/wp\/v2\/media\/340728"}],"wp:attachment":[{"href":"https:\/\/www.europesays.com\/fr\/wp-json\/wp\/v2\/media?parent=340727"}],"wp:term":[{"taxonomy":"category","embeddable":true,"href":"https:\/\/www.europesays.com\/fr\/wp-json\/wp\/v2\/categories?post=340727"},{"taxonomy":"post_tag","embeddable":true,"href":"https:\/\/www.europesays.com\/fr\/wp-json\/wp\/v2\/tags?post=340727"}],"curies":[{"name":"wp","href":"https:\/\/api.w.org\/{rel}","templated":true}]}}