{"id":340729,"date":"2025-08-24T14:14:37","date_gmt":"2025-08-24T14:14:37","guid":{"rendered":"https:\/\/www.europesays.com\/fr\/340729\/"},"modified":"2025-08-24T14:14:37","modified_gmt":"2025-08-24T14:14:37","slug":"quinte-quinte-du-lundi-25-aout-a-vincennes-le-reveil-de-giant-madrik","status":"publish","type":"post","link":"https:\/\/www.europesays.com\/fr\/340729\/","title":{"rendered":"Quint\u00e9+: Quint\u00e9+ du lundi 25 ao\u00fbt \u00e0 Vincennes : Le r\u00e9veil de Giant Madrik ?"},"content":{"rendered":"<p><strong>Les partants du Quint\u00e9+ de ce lundi 25 ao\u00fbt.<\/strong><strong style=\"float: left;margin-left: 2%;\">PRIX DE MORTAIN<\/strong><strong style=\"float: right;margin-right: 2%;\">LUNDI 25 AO\u00dbT<\/strong><br \/>PARIS-VINCENNES &#8211; 2850 METRES &#8211; \u00a0<img decoding=\"async\" alt=\"picto_attele\" class=\"img2\" src=\"https:\/\/static.equidia.fr\/equidia\/discipline\/attele.svg\"\/>D\u00c9PART : 18H00<strong>Les forces en pr\u00e9sence<\/strong><\/p>\n<p style=\"text-align: justify;\"><a href=\"https:\/\/www.equidia.fr\/chevaux\/giant-madrik?horse_uuid=3fbbb1d6-324b-4182-ba7f-d2693727b931\" target=\"_blank\" rel=\"noopener\">GIANT MADRIK (8)<\/a> poss\u00e8de, en effet, les meilleures r\u00e9f\u00e9rences, mais n&rsquo;a pas \u00e9t\u00e9 \u00e9pargn\u00e9 au cours de sa carri\u00e8re. Il souffre ainsi r\u00e9guli\u00e8rement du dos et a d\u00fb \u00eatre soign\u00e9 \u00e0 un talon, d&rsquo;o\u00f9 ses derni\u00e8res courses en demi-teinte. Tout est d\u00e9sormais rentr\u00e9 dans l&rsquo;ordre, selon son mentor. Associ\u00e9 \u00e0 Nicolas Bazire, il devrait montrer son meilleur visage. <a href=\"https:\/\/www.equidia.fr\/chevaux\/favici-pasmarick?horse_uuid=18d9629c-f686-4e88-9d69-e27147879341\" target=\"_blank\" rel=\"noopener\">FAVICI PASMARICK (15)<\/a> court apr\u00e8s une victoire cette ann\u00e9e. Il fait bien Vincennes et s&rsquo;entend bien avec Anthony Barrier, c&rsquo;est peut-\u00eatre le jour J ! <a href=\"https:\/\/www.equidia.fr\/chevaux\/ethan-drive?horse_uuid=b4085f14-6e5f-4fcf-93fb-12466f9e20f5\" target=\"_blank\" rel=\"noopener\">ETHAN DRIVE (12)<\/a> dispute la derni\u00e8re course de sa carri\u00e8re. Nul doute qu&rsquo;il a \u00e9t\u00e9 pr\u00e9par\u00e9 en cons\u00e9quence. A 9 ans, <a href=\"https:\/\/www.equidia.fr\/chevaux\/glycina-bella?horse_uuid=a2d3f7fd-2319-4db3-bda2-6a73dac052b3\" target=\"_blank\" rel=\"noopener\">GLYCINA BELLA (3)<\/a> fait figure de \u00ab\u00a0jeunette\u00a0\u00bb dans cette \u00e9preuve. Il faudra compter avec apr\u00e8s une r\u00e9apparition profitable. <a href=\"https:\/\/www.equidia.fr\/chevaux\/falcom-du-bocage?horse_uuid=116833c1-f1bf-4c5d-b157-ac6aaacc8af6\" target=\"_blank\" rel=\"noopener\">FALCOM DU BOCAGE (5)<\/a> retrouve une seconde jeunesse chez Pierre-Louis Desaunette, attention \u00e0 lui ! <a href=\"https:\/\/www.equidia.fr\/chevaux\/grand-sourire?horse_uuid=e32de0e1-a0f9-11e9-b652-0ae587244f4e\" target=\"_blank\" rel=\"noopener\">GRAND SOURIRE (7)<\/a>, pr\u00eat \u00e0 refaire surface, <a href=\"https:\/\/www.equidia.fr\/chevaux\/filou-de-la-rouvre?horse_uuid=1f7ce640-e78a-49cf-8b78-32a61582eacd\" target=\"_blank\" rel=\"noopener\">FILOU DE LA ROUVRE (9)<\/a> et <a href=\"https:\/\/www.equidia.fr\/chevaux\/fox-papa-tango?horse_uuid=0c53e184-431e-4134-9797-17ebc549654a\" target=\"_blank\" rel=\"noopener\">FOX PAPA TANGO (13)<\/a>, qui ne font pas un aussi long d\u00e9placement sans ambition, compl\u00e8tent notre choix.<\/p>\n<p><strong>Le prono de MICHEL PROD HOMME<\/strong><\/p>\n<tr cellpadding=\"0\" cellspacing=\"10\" class=\"row5\" style=\"text-align: left; background-color: #FFFFFF; font-size: 130%;\">\n<td style=\"text-align: center;\">8<\/td>\n<td style=\"text-align: center;\">15<\/td>\n<td style=\"text-align: center;\">12<\/td>\n<td style=\"text-align: center;\">3<\/td>\n<td style=\"text-align: center;\">5<\/td>\n<td style=\"text-align: center;\">7<\/td>\n<td style=\"text-align: center;\">9<\/td>\n<td style=\"text-align: center;\">13<\/td>\n<\/tr>\n<tr class=\"row6\" style=\"text-align: center; background-color: #FFFFFF; column-width: 6rem;\">\n<td class=\"col8\"><img decoding=\"async\" alt=\"casaque_GIANT MADRIK\" class=\"cas\" src=\"https:\/\/www.europesays.com\/fr\/wp-content\/uploads\/2025\/08\/20250825-r1c7p8-png.png\" style=\" width: 70%;\"\/><\/p>\n<p class=\"col10\" style=\"font-size: x-small; line-height: 11px;;\">GIANT MADRIK<\/p>\n<\/td>\n<td class=\"col15\"><img decoding=\"async\" alt=\"casaque_FAVICI PASMARICK\" class=\"cas\" src=\"https:\/\/www.europesays.com\/fr\/wp-content\/uploads\/2025\/08\/20250825-r1c7p15-png.png\" style=\" width: 70%;\"\/><\/p>\n<p class=\"col10\" style=\"font-size: x-small; line-height: 11px;;\">FAVICI PASMARICK<\/p>\n<\/td>\n<td class=\"col12\"><img decoding=\"async\" alt=\"casaque_ETHAN DRIVE\" class=\"cas\" src=\"https:\/\/www.europesays.com\/fr\/wp-content\/uploads\/2025\/08\/20250825-r1c7p12-png.png\" style=\" width: 70%;\"\/><\/p>\n<p class=\"col10\" style=\"font-size: x-small; line-height: 11px;;\">ETHAN DRIVE<\/p>\n<\/td>\n<td class=\"col3\"><img decoding=\"async\" alt=\"casaque_GLYCINA BELLA\" class=\"cas\" src=\"https:\/\/www.europesays.com\/fr\/wp-content\/uploads\/2025\/08\/20250825-r1c7p3-png.png\" style=\" width: 70%;\"\/><\/p>\n<p class=\"col10\" style=\"font-size: x-small; line-height: 11px;;\">GLYCINA BELLA<\/p>\n<\/td>\n<td class=\"col5\"><img decoding=\"async\" alt=\"casaque_FALCOM DU BOCAGE\" class=\"cas\" src=\"https:\/\/www.europesays.com\/fr\/wp-content\/uploads\/2025\/08\/20250825-r1c7p5-png.png\" style=\" width: 70%;\"\/><\/p>\n<p class=\"col10\" style=\"font-size: x-small; line-height: 11px;;\">FALCOM DU BOCAGE<\/p>\n<\/td>\n<td class=\"col7\"><img decoding=\"async\" alt=\"casaque_GRAND SOURIRE\" class=\"cas\" src=\"https:\/\/www.europesays.com\/fr\/wp-content\/uploads\/2025\/08\/20250825-r1c7p7-png.png\" style=\" width: 70%;\"\/><\/p>\n<p class=\"col10\" style=\"font-size: x-small; line-height: 11px;;\">GRAND SOURIRE<\/p>\n<\/td>\n<td class=\"col9\"><img decoding=\"async\" alt=\"casaque_FILOU DE LA ROUVRE\" class=\"cas\" src=\"https:\/\/www.europesays.com\/fr\/wp-content\/uploads\/2025\/08\/20250825-r1c7p9-png.png\" style=\" width: 70%;\"\/><\/p>\n<p class=\"col10\" style=\"font-size: x-small; line-height: 11px;;\">FILOU DE LA ROUVRE<\/p>\n<\/td>\n<td class=\"col13\"><img decoding=\"async\" alt=\"casaque_FOX PAPA TANGO\" class=\"cas\" src=\"https:\/\/www.europesays.com\/fr\/wp-content\/uploads\/2025\/08\/20250825-r1c7p13-png.png\" style=\" width: 70%;\"\/><\/p>\n<p class=\"col10\" style=\"font-size: x-small; line-height: 11px;;\">FOX PAPA TANGO<\/p>\n<\/td>\n<\/tr>\n<p><a href=\"https:\/\/servedby.revive-adserver.net\/ck.php?n=a3265498&amp;cb=1234\" target=\"_blank\" rel=\"noopener\"><img decoding=\"async\" alt=\"\" border=\"0\" src=\"https:\/\/www.europesays.com\/fr\/wp-content\/uploads\/2025\/08\/1756044862_3_avw\"\/><\/a><\/p>\n<p><strong>Les partants en d\u00e9tail (par M. PROD HOMME) et l&rsquo;avis des pros (par B. RAUCOURT)<\/strong><\/p>\n<p id=\"ch_GOUROU\" style=\"margin-bottom: 1%;\"><a href=\"https:\/\/www.equidia.fr\/chevaux\/gourou?horse_uuid=e3a3d82f-a140-4cb9-8f91-e71abd264166\" target=\"_blank\" rel=\"noopener\">1 &#8211; \u00a0<img decoding=\"async\" alt=\"casaque_GOUROU\" src=\"https:\/\/www.europesays.com\/fr\/wp-content\/uploads\/2025\/08\/20250825-r1c7p1-png.png\" style=\"width: 4.5%; margin :0; vertical-align : middle;\"\/>\u00a0\u00a0GOUROU<\/a><\/p>\n<p style=\"text-align: justify;\">C&rsquo;est plus un cheval de pistes plates, m\u00eame s&rsquo;il a d\u00e9j\u00e0 vaincu sur le parcours. Sous la baguette de Mathieu Mottier, il avait enlev\u00e9 trois Quint\u00e9+. D\u00e9sormais entra\u00een\u00e9 par Victoriane Goetz, il garde de beaux restes et est pr\u00e9sent\u00e9 dans la configuration de sa derni\u00e8re victoire. Pas impossible.<\/p>\n<p><strong>Victoriane Goetz, entra\u00eeneur : <\/strong><\/p>\n<p style=\"text-align: justify;\">\u00ab A Amiens, Gourou (1) aurait termin\u00e9 parmi les trois premiers sans sa faute. Il \u00e9tait un peu trop \u00ab\u00a0gaz\u00e9\u00a0\u00bb ! Il a bien travaill\u00e9 depuis. Il est certainement meilleur pistes plates, mais l&rsquo;engagement est favorable, face aux chevaux d&rsquo;\u00e2ge. Il sera plaqu\u00e9 des ant\u00e9rieurs, comme lors de sa victoire \u00e0 La Capelle. Si tout se passe bien, il a son mot \u00e0 dire. \u00bb<\/p>\n<p id=\"ch_FELICITA D'ECOUVES\" style=\"margin-bottom: 1%;\"><a href=\"https:\/\/www.equidia.fr\/chevaux\/felicita-decouves?horse_uuid=8d968045-1765-4077-8cc0-f907410819d8\" target=\"_blank\" rel=\"noopener\">2 &#8211; \u00a0<img decoding=\"async\" alt=\"casaque_FELICITA D'ECOUVES\" src=\"https:\/\/www.europesays.com\/fr\/wp-content\/uploads\/2025\/08\/20250825-r1c7p2-png.png\" style=\"width: 4.5%; margin :0; vertical-align : middle;\"\/>\u00a0\u00a0FELICITA D&rsquo;ECOUVES<\/a><\/p>\n<p style=\"text-align: justify;\">C&rsquo;est la vraie sp\u00e9cialiste de Caen. Elle a toutefois obtenu son meilleur r\u00e9sultat \u00e0 Vincennes (2e), sur le parcours du jour. Elle se contente de miettes cette saison. Elle sera n\u00e9anmoins d\u00e9ferr\u00e9e des quatre pieds et Franck Ouvrie va la courir battue. On peut la glisser en fin de combinaison.<\/p>\n<p><strong>Anthony Pacary, entra\u00eeneur : <\/strong><\/p>\n<p style=\"text-align: justify;\">\u00ab Felicita d&rsquo;Ecouves (2) n&rsquo;a pas eu la bonne course la derni\u00e8re fois. A l&rsquo;entra\u00eenement, elle montre beaucoup d&rsquo;allant. En course, c&rsquo;est une jument g\u00e9n\u00e9reuse, qui ne s&rsquo;\u00e9conomise pas. Elle adore la piste de Caen, mais elle a d\u00e9j\u00e0 r\u00e9ussi \u00e0 Vincennes. Je vais demander \u00e0 Franck Ouvrie de la d\u00e9marrer et patienter ensuite. A la faveur d&rsquo;un parcours favorable, elle n&rsquo;a pas dit son dernier mot. L&rsquo;engagement est id\u00e9al, j&rsquo;esp\u00e8re qu&rsquo;elle pourra en profiter. \u00bb<\/p>\n<p id=\"ch_GLYCINA BELLA\" style=\"margin-bottom: 1%;\"><a href=\"https:\/\/www.equidia.fr\/chevaux\/glycina-bella?horse_uuid=a2d3f7fd-2319-4db3-bda2-6a73dac052b3\" target=\"_blank\" rel=\"noopener\">3 &#8211; \u00a0<img decoding=\"async\" alt=\"casaque_GLYCINA BELLA\" src=\"https:\/\/www.europesays.com\/fr\/wp-content\/uploads\/2025\/08\/1756044864_907_20250825-r1c7p3-png.png\" style=\"width: 4.5%; margin :0; vertical-align : middle;\"\/>\u00a0\u00a0GLYCINA BELLA<\/a><\/p>\n<p style=\"text-align: justify;\">A 9 ans, elle se produit seulement pour la seconde fois \u00e0 Vincennes ! Elle a couru de premi\u00e8re pour sa rentr\u00e9e, alors qu&rsquo;elle n&rsquo;\u00e9tait pas aff\u00fbt\u00e9e. L&rsquo;engagement est bon. Antoine Wiels \u00e0 Pornichet pour mener un poulain estim\u00e9, c&rsquo;est Alexandre Abrivard qui sera aux commandes. On prend.<\/p>\n<p><strong>Jean-Paul Marmion, entra\u00eeneur : <\/strong><\/p>\n<p style=\"text-align: justify;\">\u00ab Pour sa rentr\u00e9e fin juillet sur l&rsquo;hippodrome de Ch\u00e2telaillon-La Rochelle, je ne pensais pas Glycina Bella (3) aussi aff\u00fbt\u00e9e. Sa quatri\u00e8me place est franchement encourageante. Elle a bien progress\u00e9 et, jeudi matin, elle ne demandait qu&rsquo;\u00e0 avancer. Lundi, face aux \u00ab\u00a0vieux\u00a0\u00bb, elle dispose d&rsquo;un engagement sur mesure. Sans incident, sa place est parmi les cinq premiers. \u00bb<\/p>\n<p id=\"ch_GAUDEPSOU\" style=\"margin-bottom: 1%;\"><a href=\"https:\/\/www.equidia.fr\/chevaux\/gaudepsou?horse_uuid=0cc6065a-05bb-4b15-a79d-fa881c3f6291\" target=\"_blank\" rel=\"noopener\">4 &#8211; \u00a0<img decoding=\"async\" alt=\"casaque_GAUDEPSOU\" src=\"https:\/\/www.europesays.com\/fr\/wp-content\/uploads\/2025\/08\/20250825-r1c7p4-png.png\" style=\"width: 4.5%; margin :0; vertical-align : middle;\"\/>\u00a0\u00a0GAUDEPSOU<\/a><\/p>\n<p style=\"text-align: justify;\">Il s&rsquo;est impos\u00e9 sur diff\u00e9rents parcours de Vincennes, dont celui-ci. Mis au repos apr\u00e8s le meeting hivernal azur\u00e9en, il a effectu\u00e9 une rentr\u00e9e sur l&rsquo;herbe. Son entra\u00eeneur l&rsquo;a travaill\u00e9 de bonne mani\u00e8re chez Matthieu Abrivard et ce dernier sera aux commandes (75% de r\u00e9ussite). Pourquoi pas ?<\/p>\n<p><strong>Ana\u00efs Michel, entra\u00eeneur : <\/strong><\/p>\n<p style=\"text-align: justify;\">\u00ab Gaudepsou (4) m&rsquo;a donn\u00e9 enti\u00e8re satisfaction le jour de sa rentr\u00e9e \u00e0 Rochefort-sur-Loire. Evoluer sur l&rsquo;herbe lui a fait le plus grand bien. Comme il n&rsquo;avait pas un bon programme, j&rsquo;avais pris la d\u00e9cision de l&rsquo;arr\u00eater apr\u00e8s Cagnes-sur-Mer. Il a gagn\u00e9 en condition depuis et, lundi dernier, je l&rsquo;ai emmen\u00e9 travailler chez Matthieu Abrivard, \u00e0 qui il a beaucoup plu. Dans ce Quint\u00e9+, les conditions de course sont avantageuses. Je mise sur la carte de la fra\u00eecheur. Je serais d\u00e9\u00e7ue de ne pas le voir disputer les premi\u00e8res places. \u00bb<\/p>\n<p id=\"ch_FALCOM DU BOCAGE\" style=\"margin-bottom: 1%;\"><a href=\"https:\/\/www.equidia.fr\/chevaux\/falcom-du-bocage?horse_uuid=116833c1-f1bf-4c5d-b157-ac6aaacc8af6\" target=\"_blank\" rel=\"noopener\">5 &#8211; \u00a0<img decoding=\"async\" alt=\"casaque_FALCOM DU BOCAGE\" src=\"https:\/\/www.europesays.com\/fr\/wp-content\/uploads\/2025\/08\/1756044866_772_20250825-r1c7p5-png.png\" style=\"width: 4.5%; margin :0; vertical-align : middle;\"\/>\u00a0\u00a0FALCOM DU BOCAGE<\/a><\/p>\n<p style=\"text-align: justify;\">Il est bien meilleur droitier, mais s&rsquo;en sort bien \u00e0 Vincennes. Arriv\u00e9 au printemps chez Pierre-Louis Desaunette, il n&rsquo;a pas tard\u00e9 \u00e0 s&rsquo;illustrer. Il s&rsquo;est chang\u00e9 les id\u00e9es sur l&rsquo;herbe cet \u00e9t\u00e9 et a \u00e9t\u00e9 pr\u00e9par\u00e9 pour ce bel engagement. Yoann Lebourgeois est aux commandes. Il faudra compter avec.<\/p>\n<p><strong>Pierre-Louis Desaunette, entra\u00eeneur : <\/strong><\/p>\n<p style=\"text-align: justify;\">\u00ab La derni\u00e8re sortie de Falcom du Bocage (5) ne compte pas. Il s&rsquo;est tenu un peu loin et le wagon de trois n&rsquo;a pas avanc\u00e9 franchement. Il vaut mieux le juger sur sa prestation pr\u00e9c\u00e9dente. Je ne vous cache pas avoir rep\u00e9r\u00e9 ce Prix de Mortain depuis pas mal de temps. Certes, il est meilleur corde \u00e0 droite, mais \u00e0 Vincennes, \u00e7a passe. Avec un d\u00e9roulement de course favorable, il devrait terminer dans le Quint\u00e9+. \u00bb<\/p>\n<p id=\"ch_FILOU SMILING\" style=\"margin-bottom: 1%;\"><a href=\"https:\/\/www.equidia.fr\/chevaux\/filou-smiling?horse_uuid=7ff35ff9-b272-421c-8f9a-a3911a5bfce8\" target=\"_blank\" rel=\"noopener\">6 &#8211; \u00a0<img decoding=\"async\" alt=\"casaque_FILOU SMILING\" src=\"https:\/\/www.europesays.com\/fr\/wp-content\/uploads\/2025\/08\/20250825-r1c7p6-png.png\" style=\"width: 4.5%; margin :0; vertical-align : middle;\"\/>\u00a0\u00a0FILOU SMILING<\/a><\/p>\n<p style=\"text-align: justify;\">Il n&rsquo;est pas trop gagneur, mais a obtenu son seul succ\u00e8s \u00e0 Vincennes sur le parcours du jour. Il a peu couru cet \u00e9t\u00e9 et a \u00e9t\u00e9 pr\u00e9par\u00e9 pour cet engagement favorable. Il va quand m\u00eame devoir enregistrer de s\u00e9rieux progr\u00e8s sur ses derni\u00e8res sorties pour faire l&rsquo;arriv\u00e9e. Dans un second choix.<\/p>\n<p><strong>St\u00e9phane Provoost, entra\u00eeneur : <\/strong><\/p>\n<p style=\"text-align: justify;\">\u00ab Filou Smiling (6) a \u00e9t\u00e9 battu \u00e0 la r\u00e9guli\u00e8re \u00e0 Langon. Je m&rsquo;attendais \u00e0 un meilleur r\u00e9sultat. Bien s\u00fbr, j&rsquo;ai remarqu\u00e9 depuis pas mal de temps cet engagement pour lui. Pour un 10 ans, il est difficile de trouver meilleures conditions de course. J&rsquo;ai fait le maximum pour l&rsquo;amener au top. Je pense qu&rsquo;il a le droit de terminer parmi les cinq premiers. \u00bb<\/p>\n<p id=\"ch_GRAND SOURIRE\" style=\"margin-bottom: 1%;\"><a href=\"https:\/\/www.equidia.fr\/chevaux\/grand-sourire?horse_uuid=e32de0e1-a0f9-11e9-b652-0ae587244f4e\" target=\"_blank\" rel=\"noopener\">7 &#8211; \u00a0<img decoding=\"async\" alt=\"casaque_GRAND SOURIRE\" src=\"https:\/\/www.europesays.com\/fr\/wp-content\/uploads\/2025\/08\/1756044867_927_20250825-r1c7p7-png.png\" style=\"width: 4.5%; margin :0; vertical-align : middle;\"\/>\u00a0\u00a0GRAND SOURIRE<\/a><\/p>\n<p style=\"text-align: justify;\">Il fait preuve de r\u00e9gularit\u00e9 \u00e0 Vincennes (11 sur 15), mais ne s&rsquo;y est jamais impos\u00e9. Il a connu des soucis de jambes au sortir du printemps. Tout est rentr\u00e9 dans l&rsquo;ordre, selon son mentor, et il a effectu\u00e9 une rentr\u00e9e profitable sur l&rsquo;herbe. Pr\u00e9sent\u00e9 dans une configuration qui lui convient, il peut \u00e9tonner.<\/p>\n<p><strong>Guillaume Liz\u00e9e, entra\u00eeneur : <\/strong><\/p>\n<p style=\"text-align: justify;\">\u00ab Grand Sourire (7) a connu des probl\u00e8mes de jambes \u00e0 la fin du printemps. Tout n&rsquo;est plus qu&rsquo;un mauvais souvenir et sa rentr\u00e9e \u00e0 Rochefort-sur-Loire m&rsquo;a plu. Il a bien travaill\u00e9 depuis, affichant mordant et souplesse. C&rsquo;est un cheval sympathique, qui r\u00e9p\u00e8te ses courses. Il trouve un engagement int\u00e9ressant, raison pour laquelle il sera plaqu\u00e9 des ant\u00e9rieurs et d\u00e9ferr\u00e9 des post\u00e9rieurs, ce qui lui convient tr\u00e8s bien. Il se pla\u00eet \u00e0 Vincennes. Je l&rsquo;estime capable de disputer l&rsquo;arriv\u00e9e, \u00e0 condition qu&rsquo;il puisse se faire ramener. \u00bb<\/p>\n<p id=\"ch_GIANT MADRIK\" style=\"margin-bottom: 1%;\"><a href=\"https:\/\/www.equidia.fr\/chevaux\/giant-madrik?horse_uuid=3fbbb1d6-324b-4182-ba7f-d2693727b931\" target=\"_blank\" rel=\"noopener\">8 &#8211; \u00a0<img decoding=\"async\" alt=\"casaque_GIANT MADRIK\" src=\"https:\/\/www.europesays.com\/fr\/wp-content\/uploads\/2025\/08\/1756044867_566_20250825-r1c7p8-png.png\" style=\"width: 4.5%; margin :0; vertical-align : middle;\"\/>\u00a0\u00a0GIANT MADRIK<\/a><\/p>\n<p style=\"text-align: justify;\">Il n&rsquo;a couru que sept fois \u00e0 Vincennes, mais compte quatre podiums (pas de victoire). Il a souffert du dos et \u00e0 un talon, d&rsquo;o\u00f9 ses derni\u00e8res tentatives en demi-teinte. Tout est d\u00e9sormais oubli\u00e9 et il devrait montrer un tout autre visage, selon son mentor. Nous tentons le pari.<\/p>\n<p><strong>Dany Stoehr, entra\u00eeneur : <\/strong><\/p>\n<p style=\"text-align: justify;\">\u00ab Giant Madrik (8) a couru en demi-teinte ces derniers temps, mais il a des excuses \u00e0 faire valoir. Il a souffert d&rsquo;un talon \u00e0 un post\u00e9rieur. Le mar\u00e9chal-ferrant est intervenu et tout a l&rsquo;air d&rsquo;\u00eatre rentr\u00e9 dans l&rsquo;ordre. Il ne se ressent plus de son dos \u00e9galement. Lundi, il devrait montrer un tout autre visage. Il est bien de condition et a toujours l&rsquo;envie. C&rsquo;est une belle course pour lui. Je vous d\u00e9conseille de l&rsquo;\u00e9liminer ! \u00bb<\/p>\n<p id=\"ch_FILOU DE LA ROUVRE\" style=\"margin-bottom: 1%;\"><a href=\"https:\/\/www.equidia.fr\/chevaux\/filou-de-la-rouvre?horse_uuid=1f7ce640-e78a-49cf-8b78-32a61582eacd\" target=\"_blank\" rel=\"noopener\">9 &#8211; \u00a0<img decoding=\"async\" alt=\"casaque_FILOU DE LA ROUVRE\" src=\"https:\/\/www.europesays.com\/fr\/wp-content\/uploads\/2025\/08\/1756044868_914_20250825-r1c7p9-png.png\" style=\"width: 4.5%; margin :0; vertical-align : middle;\"\/>\u00a0\u00a0FILOU DE LA ROUVRE<\/a><\/p>\n<p style=\"text-align: justify;\">Il ne compte que deux accessits (sur 2100 m\u00e8tres) en neuf apparitions sur la grande piste. D\u00e9barqu\u00e9 au printemps dans le Sud-Est, chez David Alexandre, il donne satisfaction \u00e0 son nouvel entourage, m\u00eame si les r\u00e9sultats ne sont pas encore au diapason. Il faudra s&rsquo;en m\u00e9fier.<\/p>\n<p><strong>David Alexandre, entra\u00eeneur : <\/strong><\/p>\n<p style=\"text-align: justify;\">\u00ab Comme Filou de la Rouvre (9) a bien travaill\u00e9 et que les conditions de course sont plut\u00f4t avantageuses, le d\u00e9placement s&rsquo;impose. Ses derni\u00e8res sorties ne sont pas mauvaises. Il va fournir sa pleine mesure. J&rsquo;esp\u00e8re que cela sera suffisant pour le voir terminer parmi les cinq premiers. \u00bb<\/p>\n<p id=\"ch_GAGNEUR\" style=\"margin-bottom: 1%;\"><a href=\"https:\/\/www.equidia.fr\/chevaux\/gagneur?horse_uuid=573e08aa-afe8-4988-b7d9-61a9f8b804c0\" target=\"_blank\" rel=\"noopener\">10 &#8211; \u00a0<img decoding=\"async\" alt=\"casaque_GAGNEUR\" src=\"https:\/\/www.europesays.com\/fr\/wp-content\/uploads\/2025\/08\/20250825-r1c7p10-png.png\" style=\"width: 4.5%; margin :0; vertical-align : middle;\"\/>\u00a0\u00a0GAGNEUR<\/a><\/p>\n<p style=\"text-align: justify;\">Il n&rsquo;a jamais gagn\u00e9 \u00e0 Vincennes, mais compte deux accessits d&rsquo;honneur sur le parcours du jour. Comme la plupart des concurrents en lice, il a cet engagement en lice depuis pas mal de temps. Une pr\u00e9paration qui a \u00e9t\u00e9 malheureusement perturb\u00e9e par des petits soucis. On lui en pr\u00e9f\u00e8re d&rsquo;autres.<\/p>\n<p><strong>Fabien Gence, entra\u00eeneur : <\/strong><\/p>\n<p style=\"text-align: justify;\">\u00ab J&rsquo;ai dans le viseur cet engagement pour Gagneur (10) depuis pas mal de temps. Malheureusement, mon cheval a connu quelques petits soucis de sant\u00e9 il y a trois semaines, un mois. Il a bien travaill\u00e9, mais j&rsquo;ai peur qu&rsquo;il manque d&rsquo;un petit quelque chose. N\u00e9anmoins, il a souvent bien couru sur la fra\u00eecheur. Une quatri\u00e8me ou cinqui\u00e8me place me satisferait amplement. \u00bb<\/p>\n<p id=\"ch_FLASH MONEY\" style=\"margin-bottom: 1%;\"><a href=\"https:\/\/www.equidia.fr\/chevaux\/flash-money?horse_uuid=f9294d38-1ac4-4239-b622-f383d02d37b8\" target=\"_blank\" rel=\"noopener\">11 &#8211; \u00a0<img decoding=\"async\" alt=\"casaque_FLASH MONEY\" src=\"https:\/\/www.europesays.com\/fr\/wp-content\/uploads\/2025\/08\/20250825-r1c7p11-png.png\" style=\"width: 4.5%; margin :0; vertical-align : middle;\"\/>\u00a0\u00a0FLASH MONEY<\/a><\/p>\n<p style=\"text-align: justify;\">Il est bien meilleur droitier et va d\u00e9couvrir Vincennes, mais cela devrait aller, selon son mentor. Il se contente de miettes cette saison et sort d&rsquo;un meeting vichyssois en demi-teinte. Il va faire de son mieux et est confi\u00e9 \u00e0 Damien Bonne pour l&rsquo;occasion. Cela para\u00eet quand m\u00eame compliqu\u00e9.<\/p>\n<p><strong>Anthony Tintillier, entra\u00eeneur : <\/strong><\/p>\n<p style=\"text-align: justify;\">\u00ab Comme l&rsquo;indiquent ses derni\u00e8res performances, Flash Money (11) vieillit bien. Lundi, il retrouve un lot davantage dans ses cordes. J&rsquo;ai toujours un petit doute sur son aptitude corde \u00e0 gauche, mais \u00e0 Vincennes, il devrait normalement bien n\u00e9gocier les tournants. Il va fournir son maximum et la moindre allocation est toujours bonne \u00e0 prendre. \u00bb<\/p>\n<p id=\"ch_ETHAN DRIVE\" style=\"margin-bottom: 1%;\"><a href=\"https:\/\/www.equidia.fr\/chevaux\/ethan-drive?horse_uuid=b4085f14-6e5f-4fcf-93fb-12466f9e20f5\" target=\"_blank\" rel=\"noopener\">12 &#8211; \u00a0<img decoding=\"async\" alt=\"casaque_ETHAN DRIVE\" src=\"https:\/\/www.europesays.com\/fr\/wp-content\/uploads\/2025\/08\/1756044870_538_20250825-r1c7p12-png.png\" style=\"width: 4.5%; margin :0; vertical-align : middle;\"\/>\u00a0\u00a0ETHAN DRIVE<\/a><\/p>\n<p style=\"text-align: justify;\">Il a brill\u00e9 l&rsquo;hiver dernier \u00e0 Vincennes, avec deux victoires \u00e0 la cl\u00e9. Il a ensuite souffert de la maladie de Lyme. Tout n&rsquo;est plus qu&rsquo;un mauvais souvenir, selon son mentor. il s&rsquo;agira de l&rsquo;ultime sortie de sa carri\u00e8re et il a \u00e9t\u00e9 pr\u00e9par\u00e9 en cons\u00e9quence. Il peut sortir par la grande porte.<\/p>\n<p><strong>Franck Terry, entra\u00eeneur : <\/strong><\/p>\n<p style=\"text-align: justify;\">\u00ab Pour tout vous dire, il s&rsquo;agira de la derni\u00e8re course de la carri\u00e8re d&rsquo;Ethan Drive (12). Victime de la maladie de Lyme, il a \u00e9t\u00e9 soign\u00e9 et tout n&rsquo;est plus qu&rsquo;un mauvais souvenir. Il a bien travaill\u00e9 depuis sa derni\u00e8re sortie \u00e0 Enghien, qui lui a pleinement profit\u00e9. Il ne doit pas \u00eatre loin de la valeur affich\u00e9e lors du dernier meeting hivernal. Faites tr\u00e8s attention \u00e0 lui ! \u00bb<\/p>\n<p id=\"ch_FOX PAPA TANGO\" style=\"margin-bottom: 1%;\"><a href=\"https:\/\/www.equidia.fr\/chevaux\/fox-papa-tango?horse_uuid=0c53e184-431e-4134-9797-17ebc549654a\" target=\"_blank\" rel=\"noopener\">13 &#8211; \u00a0<img decoding=\"async\" alt=\"casaque_FOX PAPA TANGO\" src=\"https:\/\/www.europesays.com\/fr\/wp-content\/uploads\/2025\/08\/1756044870_297_20250825-r1c7p13-png.png\" style=\"width: 4.5%; margin :0; vertical-align : middle;\"\/>\u00a0\u00a0FOX PAPA TANGO<\/a><\/p>\n<p style=\"text-align: justify;\">Ce cheval de pistes plates compte cinq \u00e9checs \u00e0 Vincennes (dont quatre disqualifications) en d\u00e9but de carri\u00e8re. Il est en forme et a renou\u00e9 avec la victoire, \u00e0 Vichy, au d\u00e9but de l&rsquo;\u00e9t\u00e9. Son habile mentor effectue rarement le d\u00e9placement du Sud-Ouest \u00e0 la l\u00e9g\u00e8re. Attention \u00e0 lui !<\/p>\n<p><strong>Igor Blanchon, entra\u00eeneur : <\/strong><\/p>\n<p style=\"text-align: justify;\">\u00ab A Viller\u00e9al, les circonstances de course ont fait que Fox Papa Tango (13) s&rsquo;est retrouv\u00e9 trop t\u00f4t aux avant-postes. Il pr\u00e9f\u00e8re venir sur les autres pour finir, c&rsquo;est certain. De condition, il est tr\u00e8s bien. L&rsquo;engagement est avantageux, m\u00eame s&rsquo;il est meilleur pistes plates. S&rsquo;il s&rsquo;adapte au trac\u00e9 pour son retour \u00e0 Vincennes, et \u00e0 l&rsquo;issue d&rsquo;un d\u00e9roulement de course \u00e0 sa convenance, il peut surprendre agr\u00e9ablement. \u00bb<\/p>\n<p id=\"ch_GALION\" style=\"margin-bottom: 1%;\"><a href=\"https:\/\/www.equidia.fr\/chevaux\/galion-1?horse_uuid=88ef1d29-9560-49b4-923c-7be480f354ab\" target=\"_blank\" rel=\"noopener\">14 &#8211; \u00a0<img decoding=\"async\" alt=\"casaque_GALION\" src=\"https:\/\/www.europesays.com\/fr\/wp-content\/uploads\/2025\/08\/20250825-r1c7p14-png.png\" style=\"width: 4.5%; margin :0; vertical-align : middle;\"\/>\u00a0\u00a0GALION<\/a><\/p>\n<p style=\"text-align: justify;\">S&rsquo;il a gagn\u00e9 \u00e0 Vincennes dans sa jeunesse, il s&rsquo;est r\u00e9v\u00e9l\u00e9 d\u00e9cevant lors de ses derni\u00e8res apparitions dans le temple du trot. Il a repris du moral sur l&rsquo;herbe et sera men\u00e9 \u00ab\u00a0off\u00a0\u00bb pour son retour dans la Capitale. S&rsquo;il fournit sa meilleure valeur, un accessit reste dans ses cordes.<\/p>\n<p><strong>Esteban De Jesus, driver : <\/strong><\/p>\n<p style=\"text-align: justify;\">\u00ab Comme les deux derni\u00e8res sorties de Galion (14) \u00e0 Vincennes \u00e9taient assez d\u00e9cevantes, on a pris la d\u00e9cision de le courir diff\u00e9remment lundi. Je vais le mener battu et j&rsquo;esp\u00e8re qu&rsquo;il va bien terminer. Le matin, il donne enti\u00e8re satisfaction \u00e0 l&rsquo;entra\u00eenement. Il ne peut esp\u00e9rer meilleur engagement. En classe pure, il poss\u00e8de une premi\u00e8re chance. Si ce Quint\u00e9+ se disputait \u00e0 Enghien, j&rsquo;aurais \u00e9t\u00e9 chaud bouillant. L\u00e0, il faut voir. \u00bb<\/p>\n<p id=\"ch_FAVICI PASMARICK\" style=\"margin-bottom: 1%;\"><a href=\"https:\/\/www.equidia.fr\/chevaux\/favici-pasmarick?horse_uuid=18d9629c-f686-4e88-9d69-e27147879341\" target=\"_blank\" rel=\"noopener\">15 &#8211; \u00a0<img decoding=\"async\" alt=\"casaque_FAVICI PASMARICK\" src=\"https:\/\/www.europesays.com\/fr\/wp-content\/uploads\/2025\/08\/1756044871_402_20250825-r1c7p15-png.png\" style=\"width: 4.5%; margin :0; vertical-align : middle;\"\/>\u00a0\u00a0FAVICI PASMARICK<\/a><\/p>\n<p style=\"text-align: justify;\">Il fait bien Vincennes et s&rsquo;est notamment impos\u00e9 sur le parcours du jour. Il court apr\u00e8s un succ\u00e8s depuis plusieurs semaines. Comme beaucoup, il a \u00e9t\u00e9 pr\u00e9par\u00e9 pour cet engagement et sera d\u00e9ferr\u00e9 cette fois. Anthony Barrier en tire le meilleur parti. Sa place est encore \u00e0 l&rsquo;arriv\u00e9e.<\/p>\n<p><strong>Pascal Danet, entra\u00eeneur : <\/strong><\/p>\n<p style=\"text-align: justify;\">\u00ab Favici Pasmarick (15) fait preuve d&rsquo;une belle r\u00e9gularit\u00e9. A 10 ans, il est brave et pur dans ses allures. Il lui manque juste le petit quelque chose pour parvenir \u00e0 dicter sa loi. On a vis\u00e9 cette \u00e9preuve, ce qui ne doit pas vous surprendre. Il sera d\u00e9ferr\u00e9 des quatre pieds, ce qui n&rsquo;\u00e9tait pas le cas au d\u00e9but du mois \u00e0 Vichy, o\u00f9 il a termin\u00e9 en t\u00eate des battus en compagnie relev\u00e9e. Anthony Barrier s&rsquo;entend parfaitement avec lui. Je suis confiant. \u00bb<\/p>\n<p id=\"ch_GEGE BAROQUE\" style=\"margin-bottom: 1%;\"><a href=\"https:\/\/www.equidia.fr\/chevaux\/gege-baroque?horse_uuid=ece13759-6ed7-4273-b812-a1d840a4f84b\" target=\"_blank\" rel=\"noopener\">16 &#8211; \u00a0<img decoding=\"async\" alt=\"casaque_GEGE BAROQUE\" src=\"https:\/\/www.europesays.com\/fr\/wp-content\/uploads\/2025\/08\/20250825-r1c7p16-png.png\" style=\"width: 4.5%; margin :0; vertical-align : middle;\"\/>\u00a0\u00a0GEGE BAROQUE<\/a><\/p>\n<p style=\"text-align: justify;\">Il s&rsquo;est illustr\u00e9 \u00e0 Vincennes dans sa jeunesse. Ses derni\u00e8res tentatives n&rsquo;incitent gu\u00e8re \u00e0 l&rsquo;optimisme. Son entourage ne pouvait toutefois laisser passer pareil engagement et a essay\u00e9 de l&rsquo;amener au mieux. S\u00e9bastien Ernault a \u00e9t\u00e9 sollicit\u00e9 pour l&rsquo;occasion. Possible sans plus.<\/p>\n<p><strong>Loris Garcia, entra\u00eeneur : <\/strong><\/p>\n<p style=\"text-align: justify;\">\u00ab On a essay\u00e9 de pr\u00e9parer G\u00e9g\u00e9 Baroque (16) pour ce Quint\u00e9+. Un tel engagement pour les 9 \u00e0 11 ans n&rsquo;est pas fr\u00e9quent. A l&rsquo;entra\u00eenement, il monte en puissance. On est cependant un peu dans le doute, car ses deux sorties du mois d&rsquo;ao\u00fbt ne sont pas terribles. On esp\u00e8re que tout se passera bien. \u00bb<\/p>\n<p><strong>Les favoris de la presse<\/strong><\/p>\n<p class=\"synthese\"><strong>SYNTH\u00c8SE \u00a0\u00a0\u00a0\u00a05\u00a0\u00a0&#8211;\u00a0\u00a014\u00a0\u00a0&#8211;\u00a0\u00a07\u00a0\u00a0&#8211;\u00a0\u00a015\u00a0\u00a0&#8211;\u00a0\u00a03\u00a0\u00a0&#8211;\u00a0\u00a08\u00a0\u00a0&#8211;\u00a0\u00a016\u00a0\u00a0&#8211;\u00a0\u00a012<\/strong><\/p>\n<p><a href=\"https:\/\/servedby.revive-adserver.net\/ck.php?n=aa10a822&amp;cb=1234\" target=\"_blank\" rel=\"noopener\"><img decoding=\"async\" alt=\"\" border=\"0\" src=\"https:\/\/www.europesays.com\/fr\/wp-content\/uploads\/2025\/08\/1756044873_860_avw\"\/><\/a><\/p>\n<p><strong>Les stats du jour<\/strong><\/p>\n<p><img decoding=\"async\" src=\"https:\/\/www.europesays.com\/fr\/wp-content\/uploads\/2025\/08\/0825_stats-web_2025-jpg\"\/><\/p>\n<p><strong>Nos \u00e9missions de pronos<\/strong><a href=\"https:\/\/www.equidia.fr\/emissions\/3-mn-q-2023\" target=\"_blank\" rel=\"noopener\"><img decoding=\"async\" alt=\"3min-pronos\" class=\"img_prono\" src=\"https:\/\/www.europesays.com\/fr\/wp-content\/uploads\/2025\/04\/vignette-article-3min-pronos-jpg-1.jpeg\"\/><\/a>3 mn PRONOS du 25\/08<br \/>(Disponible dimanche 24 ao\u00fbt 2025, \u00e0 partir de 17h55)<a href=\"https:\/\/www.equidia.fr\/emissions\/ticket-gagnant-2023\" target=\"_blank\" rel=\"noopener\"><img decoding=\"async\" alt=\"ticket-gagnant\" class=\"img_prono\" src=\"https:\/\/www.europesays.com\/fr\/wp-content\/uploads\/2025\/04\/vignette-article-ticket-gagnant-jpg-1.jpeg\"\/><\/a>TICKET GAGNANT du 25\/08<br \/>(Disponible dimanche 24 ao\u00fbt 2025, \u00e0 partir de 18h00)<\/p>\n","protected":false},"excerpt":{"rendered":"Les partants du Quint\u00e9+ de ce lundi 25 ao\u00fbt.PRIX DE MORTAINLUNDI 25 AO\u00dbTPARIS-VINCENNES &#8211; 2850 METRES &#8211; \u00a0D\u00c9PART&hellip;\n","protected":false},"author":2,"featured_media":340730,"comment_status":"","ping_status":"","sticky":false,"template":"","format":"standard","meta":{"footnotes":""},"categories":[1888],"tags":[11,7635,1777,674,1011,27,12,626,1821,3015,25,7637],"class_list":{"0":"post-340729","1":"post","2":"type-post","3":"status-publish","4":"format-standard","5":"has-post-thumbnail","7":"category-paris","8":"tag-actualites","9":"tag-attele","10":"tag-eu","11":"tag-europe","12":"tag-fr","13":"tag-france","14":"tag-news","15":"tag-paris","16":"tag-pronostics","17":"tag-qrcode","18":"tag-republique-francaise","19":"tag-trot"},"share_on_mastodon":{"url":"https:\/\/pubeurope.com\/@fr\/115084164040650116","error":""},"_links":{"self":[{"href":"https:\/\/www.europesays.com\/fr\/wp-json\/wp\/v2\/posts\/340729","targetHints":{"allow":["GET"]}}],"collection":[{"href":"https:\/\/www.europesays.com\/fr\/wp-json\/wp\/v2\/posts"}],"about":[{"href":"https:\/\/www.europesays.com\/fr\/wp-json\/wp\/v2\/types\/post"}],"author":[{"embeddable":true,"href":"https:\/\/www.europesays.com\/fr\/wp-json\/wp\/v2\/users\/2"}],"replies":[{"embeddable":true,"href":"https:\/\/www.europesays.com\/fr\/wp-json\/wp\/v2\/comments?post=340729"}],"version-history":[{"count":0,"href":"https:\/\/www.europesays.com\/fr\/wp-json\/wp\/v2\/posts\/340729\/revisions"}],"wp:featuredmedia":[{"embeddable":true,"href":"https:\/\/www.europesays.com\/fr\/wp-json\/wp\/v2\/media\/340730"}],"wp:attachment":[{"href":"https:\/\/www.europesays.com\/fr\/wp-json\/wp\/v2\/media?parent=340729"}],"wp:term":[{"taxonomy":"category","embeddable":true,"href":"https:\/\/www.europesays.com\/fr\/wp-json\/wp\/v2\/categories?post=340729"},{"taxonomy":"post_tag","embeddable":true,"href":"https:\/\/www.europesays.com\/fr\/wp-json\/wp\/v2\/tags?post=340729"}],"curies":[{"name":"wp","href":"https:\/\/api.w.org\/{rel}","templated":true}]}}