{"id":340733,"date":"2025-08-24T14:16:21","date_gmt":"2025-08-24T14:16:21","guid":{"rendered":"https:\/\/www.europesays.com\/fr\/340733\/"},"modified":"2025-08-24T14:16:21","modified_gmt":"2025-08-24T14:16:21","slug":"volodymyr-zelensky-estime-que-la-presence-de-troupes-alliees-sur-le-sol-ukrainien-en-cas-de-cessez-le-feu-est-importante","status":"publish","type":"post","link":"https:\/\/www.europesays.com\/fr\/340733\/","title":{"rendered":"Volodymyr Zelensky estime que la pr\u00e9sence de troupes alli\u00e9es sur le sol ukrainien en cas de cessez-le-feu est \u00ab\u00a0importante\u00a0\u00bb"},"content":{"rendered":"<p>Ce dimanche 24 ao\u00fbt, le pr\u00e9sident ukrainien s&rsquo;est exprim\u00e9 avec le Premier ministre canadien Mark Carney, alors que son pays f\u00eate les 34 ans de son ind\u00e9pendance et que les combats contre la Russie continuent.<\/p>\n<p>Le pr\u00e9sident <a href=\"https:\/\/www.bfmtv.com\/international\/asie\/russie\/video-volodymyr-zelensky-affirme-que-l-ukraine-veut-une-paix-digne-et-globale_VN-202508240184.html\" title=\"Volodymyr Zelensky affirme que l&#039;Ukraine veut une &quot;paix digne et globale&quot;\" class=\"internal_link\" rel=\"nofollow noopener\" target=\"_blank\">Volodymyr Zelensky<\/a> a d\u00e9clar\u00e9 dimanche 24 ao\u00fbt que la pr\u00e9sence de troupes \u00e9trang\u00e8res en Ukraine apr\u00e8s la fin de la guerre avec la Russie \u00e9tait \u00ab\u00a0importante\u00a0\u00bb, alors que Kiev cherche \u00e0 travailler sur d&rsquo;\u00e9ventuelles <a href=\"https:\/\/www.bfmtv.com\/international\/europe\/ukraine\/troupes-europeennes-filet-de-securite-americain-a-quoi-pourraient-ressembler-les-garanties-de-securite-pour-l-ukraine_AV-202508200420.html\" title=\"Troupes europ\u00e9ennes, &quot;filet de s\u00e9curit\u00e9&quot; am\u00e9ricain... \u00c0 quoi pourraient ressembler les garanties de s\u00e9curit\u00e9 pour l&#039;Ukraine?\" class=\"internal_link\" rel=\"nofollow noopener\" target=\"_blank\">garanties de s\u00e9curit\u00e9<\/a> avec ses alli\u00e9s occidentaux.<\/p>\n<p>La question de la \u00ab\u00a0pr\u00e9sence, comme on dit, des bottes sur le terrain, est importante pour nous\u00a0\u00bb, a d\u00e9clar\u00e9 le dirigeant ukrainien, qui s&rsquo;exprimait aux c\u00f4t\u00e9s du Premier ministre canadien Mark Carney, en visite \u00e0 Kiev \u00e0 l&rsquo;occasion de la <a href=\"https:\/\/www.bfmtv.com\/international\/europe\/ukraine\/le-pays-restera-libre-la-fete-de-l-independance-de-l-ukraine-celebree-entre-espoirs-et-resilience_AV-202508240085.html\" title=\"&quot;Le pays restera libre&quot;: la f\u00eate de l&#039;ind\u00e9pendance de l&#039;Ukraine c\u00e9l\u00e9br\u00e9e entre espoirs et r\u00e9silience\" class=\"internal_link\" rel=\"nofollow noopener\" target=\"_blank\">f\u00eate de l&rsquo;ind\u00e9pendance de l&rsquo;Ukraine<\/a>.<\/p>\n<p>Carney appelle \u00e0 un \u00ab\u00a0cessez-le-feu\u00a0\u00bb<\/p>\n<p>Contrairement \u00e0 Donald Trump, qui a dit mi-ao\u00fbt pr\u00e9f\u00e9rer un accord de paix direct entre les bellig\u00e9rants, le successeur de Justin Trudeau a appel\u00e9 \u00e0 un \u00ab\u00a0cessez-le-feu\u00a0\u00bb pour \u00ab\u00a0mettre fin aux tueries\u00a0\u00bb.<\/p>\n<p>\u00ab\u00a0Premi\u00e8rement, nous avons besoin d&rsquo;une cessation des hostilit\u00e9s. Nous avons besoin d&rsquo;un cessez-le-feu. Nous pouvons l&rsquo;appeler un cessez-le-feu, une tr\u00eave, un armistice. C&rsquo;est n\u00e9cessaire pour arr\u00eater les massacres\u00a0\u00bb, a-t-il dit.<\/p>\n<p>Il a aussi estim\u00e9 qu&rsquo;il n&rsquo;appartenait pas \u00e0 Moscou de d\u00e9cider des \u00e9ventuelles garanties de s\u00e9curit\u00e9 que l&rsquo;Ukraine demande \u00e0 ses alli\u00e9s occidentaux pour la fin de la guerre.<\/p>\n<blockquote class=\"embed embed_quote\"><p>\u00ab\u00a0Ce n&rsquo;est pas \u00e0 la Russie de d\u00e9cider comment garantir la souverainet\u00e9, l&rsquo;ind\u00e9pendance et la libert\u00e9 de l&rsquo;Ukraine \u00e0 l&rsquo;avenir. C&rsquo;est le choix de l&rsquo;Ukraine et les d\u00e9cisions des partenaires\u00a0\u00bb, a-t-il dit lors d&rsquo;une conf\u00e9rence de presse conjointe avec Volodymyr Zelensky.<\/p><\/blockquote>\n<p>L&rsquo;invasion russe de l&rsquo;Ukraine \u00ab\u00a0ne s&rsquo;arr\u00eatera pas l\u00e0\u00a0\u00bb si elle reste \u00ab\u00a0sans r\u00e9ponse\u00a0\u00bb de la part de ses alli\u00e9s, a encore jug\u00e9 le Premier ministre canadien, soulignant l&rsquo;importance des \u00ab\u00a0investissements essentiels\u00a0\u00bb des \u00c9tats membres de l&rsquo;Otan en Ukraine.<\/p>\n<p>Les Am\u00e9ricains soulignent les \u00ab\u00a0importantes concessions\u00a0\u00bb russes<\/p>\n<p>Dans le m\u00eame temps, le vice-pr\u00e9sident am\u00e9ricain JD Vance a affirm\u00e9 que Moscou avait fait d'\u00a0\u00bbimportantes concessions\u00a0\u00bb sur le dossier de l&rsquo;Ukraine aupr\u00e8s du pr\u00e9sident Donald Trump, depuis son sommet le 15 ao\u00fbt en Alaska avec son homologue russe Vladimir Poutine.<\/p>\n<p>Et ce, \u00ab\u00a0pour la premi\u00e8re fois en trois ans et demi de conflit\u00a0\u00bb selon lui. \u00ab\u00a0Ils veulent en fait \u00eatre flexibles sur certaines de leurs exigences fondamentales\u00a0\u00bb, a-t-il pr\u00e9cis\u00e9 dans une interview \u00e0 la cha\u00eene <a href=\"https:\/\/www.nbcnews.com\/politics\/jd-vance\/vance-optimism-energetic-diplomacy-will-end-war-ukraine-rcna226606\" target=\"_blank\" class=\"external_link\" rel=\"nofollow noopener\">NBC<\/a> diffus\u00e9e dimanche.<\/p>\n","protected":false},"excerpt":{"rendered":"Ce dimanche 24 ao\u00fbt, le pr\u00e9sident ukrainien s&rsquo;est exprim\u00e9 avec le Premier ministre canadien Mark Carney, alors que&hellip;\n","protected":false},"author":2,"featured_media":198902,"comment_status":"","ping_status":"","sticky":false,"template":"","format":"standard","meta":{"footnotes":""},"categories":[1591],"tags":[11,1887,12,1885,1886,132],"class_list":{"0":"post-340733","1":"post","2":"type-post","3":"status-publish","4":"format-standard","5":"has-post-thumbnail","7":"category-russie","8":"tag-actualites","9":"tag-federation-de-russie","10":"tag-news","11":"tag-russia","12":"tag-russian-federation","13":"tag-russie"},"share_on_mastodon":{"url":"https:\/\/pubeurope.com\/@fr\/115084170668011977","error":""},"_links":{"self":[{"href":"https:\/\/www.europesays.com\/fr\/wp-json\/wp\/v2\/posts\/340733","targetHints":{"allow":["GET"]}}],"collection":[{"href":"https:\/\/www.europesays.com\/fr\/wp-json\/wp\/v2\/posts"}],"about":[{"href":"https:\/\/www.europesays.com\/fr\/wp-json\/wp\/v2\/types\/post"}],"author":[{"embeddable":true,"href":"https:\/\/www.europesays.com\/fr\/wp-json\/wp\/v2\/users\/2"}],"replies":[{"embeddable":true,"href":"https:\/\/www.europesays.com\/fr\/wp-json\/wp\/v2\/comments?post=340733"}],"version-history":[{"count":0,"href":"https:\/\/www.europesays.com\/fr\/wp-json\/wp\/v2\/posts\/340733\/revisions"}],"wp:featuredmedia":[{"embeddable":true,"href":"https:\/\/www.europesays.com\/fr\/wp-json\/wp\/v2\/media\/198902"}],"wp:attachment":[{"href":"https:\/\/www.europesays.com\/fr\/wp-json\/wp\/v2\/media?parent=340733"}],"wp:term":[{"taxonomy":"category","embeddable":true,"href":"https:\/\/www.europesays.com\/fr\/wp-json\/wp\/v2\/categories?post=340733"},{"taxonomy":"post_tag","embeddable":true,"href":"https:\/\/www.europesays.com\/fr\/wp-json\/wp\/v2\/tags?post=340733"}],"curies":[{"name":"wp","href":"https:\/\/api.w.org\/{rel}","templated":true}]}}