{"id":340737,"date":"2025-08-24T14:19:11","date_gmt":"2025-08-24T14:19:11","guid":{"rendered":"https:\/\/www.europesays.com\/fr\/340737\/"},"modified":"2025-08-24T14:19:11","modified_gmt":"2025-08-24T14:19:11","slug":"la-grande-bretagne-prolongera-son-programme-de-formation-militaire-pour-lukraine-jusqua-fin-2026","status":"publish","type":"post","link":"https:\/\/www.europesays.com\/fr\/340737\/","title":{"rendered":"La Grande-Bretagne prolongera son programme de formation militaire pour l\u2019Ukraine jusqu\u2019\u00e0 fin 2026"},"content":{"rendered":"<p>Le Royaume-Uni prolongera le programme Interflex destin\u00e9 aux militaires ukrainiens sur son territoire jusqu\u2019\u00e0 la fin de l\u2019ann\u00e9e 2026, rapporte Bloomberg en citant le minist\u00e8re britannique de la D\u00e9fense.<\/p>\n<p style=\"text-align: justify;\">Selon le minist\u00e8re, le programme Interflex, qui propose \u00e0 la fois une formation au combat et au leadership, sera prolong\u00e9 au moins jusqu\u2019\u00e0 fin 2026. Plus de 50\u202f000 recrues ukrainiennes ont d\u00e9j\u00e0 suivi une formation au Royaume-Uni dans le cadre de ce programme.<\/p>\n<p style=\"text-align: justify;\">\u00ab\u202fNous continuerons \u00e0 renforcer notre soutien avec nos alli\u00e9s afin que l\u2019Ukraine puisse se d\u00e9fendre aujourd\u2019hui et dissuader demain. Face aux attaques russes continues, nous devons placer les forces arm\u00e9es ukrainiennes dans la position la plus forte possible. Et alors que l\u2019aspiration \u00e0 la paix se poursuit, nous devons faire des Ukrainiens le facteur de dissuasion le plus puissant afin d\u2019assurer cette paix future\u202f\u00bb, a d\u00e9clar\u00e9 le ministre de la D\u00e9fense, John Healey.<\/p>\n<p style=\"text-align: justify;\">Le programme Interflex est destin\u00e9 aux nouvelles recrues des forces arm\u00e9es ukrainiennes ayant peu ou pas d\u2019exp\u00e9rience militaire pr\u00e9alable.<\/p>\n<p style=\"text-align: justify;\">Cette op\u00e9ration multinationale r\u00e9unit les meilleurs instructeurs des forces arm\u00e9es du Royaume-Uni, d\u2019Australie, du Danemark, du Canada, de Lituanie, des Pays-Bas, de Nouvelle-Z\u00e9lande, de Norv\u00e8ge, de Finlande et de Su\u00e8de.<\/p>\n<p style=\"text-align: justify;\">Photo illustrative : 37e brigade d\u2019infanterie de marine.<\/p>\n","protected":false},"excerpt":{"rendered":"Le Royaume-Uni prolongera le programme Interflex destin\u00e9 aux militaires ukrainiens sur son territoire jusqu\u2019\u00e0 la fin de l\u2019ann\u00e9e&hellip;\n","protected":false},"author":2,"featured_media":340738,"comment_status":"","ping_status":"","sticky":false,"template":"","format":"standard","meta":{"footnotes":""},"categories":[1588],"tags":[11,1777,674,12,473,1853,1851,1850,1852],"class_list":{"0":"post-340737","1":"post","2":"type-post","3":"status-publish","4":"format-standard","5":"has-post-thumbnail","7":"category-royaume-uni","8":"tag-actualites","9":"tag-eu","10":"tag-europe","11":"tag-news","12":"tag-royaume-uni","13":"tag-royaume-uni-de-grande-bretagne-et-dirlande-du-nord","14":"tag-uk","15":"tag-united-kingdom","16":"tag-united-kingdom-of-great-britain-and-northern-ireland"},"share_on_mastodon":{"url":"https:\/\/pubeurope.com\/@fr\/115084182516331136","error":""},"_links":{"self":[{"href":"https:\/\/www.europesays.com\/fr\/wp-json\/wp\/v2\/posts\/340737","targetHints":{"allow":["GET"]}}],"collection":[{"href":"https:\/\/www.europesays.com\/fr\/wp-json\/wp\/v2\/posts"}],"about":[{"href":"https:\/\/www.europesays.com\/fr\/wp-json\/wp\/v2\/types\/post"}],"author":[{"embeddable":true,"href":"https:\/\/www.europesays.com\/fr\/wp-json\/wp\/v2\/users\/2"}],"replies":[{"embeddable":true,"href":"https:\/\/www.europesays.com\/fr\/wp-json\/wp\/v2\/comments?post=340737"}],"version-history":[{"count":0,"href":"https:\/\/www.europesays.com\/fr\/wp-json\/wp\/v2\/posts\/340737\/revisions"}],"wp:featuredmedia":[{"embeddable":true,"href":"https:\/\/www.europesays.com\/fr\/wp-json\/wp\/v2\/media\/340738"}],"wp:attachment":[{"href":"https:\/\/www.europesays.com\/fr\/wp-json\/wp\/v2\/media?parent=340737"}],"wp:term":[{"taxonomy":"category","embeddable":true,"href":"https:\/\/www.europesays.com\/fr\/wp-json\/wp\/v2\/categories?post=340737"},{"taxonomy":"post_tag","embeddable":true,"href":"https:\/\/www.europesays.com\/fr\/wp-json\/wp\/v2\/tags?post=340737"}],"curies":[{"name":"wp","href":"https:\/\/api.w.org\/{rel}","templated":true}]}}