{"id":340743,"date":"2025-08-24T14:22:15","date_gmt":"2025-08-24T14:22:15","guid":{"rendered":"https:\/\/www.europesays.com\/fr\/340743\/"},"modified":"2025-08-24T14:22:15","modified_gmt":"2025-08-24T14:22:15","slug":"serena-williams-considerablement-amincie-lex-sportive-avoue-avoir-eu-recours-a-des-medicaments-pouvant-exposer-a-de-graves-effets-secondaires","status":"publish","type":"post","link":"https:\/\/www.europesays.com\/fr\/340743\/","title":{"rendered":"Serena Williams consid\u00e9rablement amincie : l&rsquo;ex-sportive avoue avoir eu recours \u00e0 des m\u00e9dicaments \u00ab\u00a0pouvant exposer \u00e0 de graves effets secondaires\u00a0\u00bb"},"content":{"rendered":"<p class=\"ap-StoryElement ap-StoryElement--mb ap-StoryText\">Pour les femmes, se r\u00e9approprier son corps lorsqu&rsquo;il subit d&rsquo;importants changements n&rsquo;est pas chose ais\u00e9e. Ce ph\u00e9nom\u00e8ne est particuli\u00e8rement fr\u00e9quent apr\u00e8s une grossesse, lorsque le corps, mis \u00e0 rude \u00e9preuve pendant de longs mois, peine \u00e0 retrouver sa forme d&rsquo;antan. Bien qu&rsquo;elle a longtemps \u00e9t\u00e9 une sportive de haut niveau, Serena Williams y a elle aussi \u00e9t\u00e9 confront\u00e9e.<\/p>\n<p class=\"ap-StoryElement ap-StoryElement--mb ap-StoryText\">L&rsquo;ex-tenniswoman est aujours&rsquo;hui maman de deux filles : Alexis Olympia, n\u00e9e en 2017 et Adira River, n\u00e9e en 2023. C&rsquo;est apr\u00e8s sa deuxi\u00e8me grossesse que la m\u00e8re de famille s&rsquo;est retrouv\u00e9e dans une situation difficile, comme elle l&rsquo;a expliqu\u00e9 \u00e0 People. \u00ab\u00a0Je n&rsquo;ai jamais r\u00e9ussi \u00e0 retrouver ma ligne, peu importe ce que je faisais, peu importe les s\u00e9ances de sport que j&rsquo;effectuais.\u00a0\u00bb <\/p>\n","protected":false},"excerpt":{"rendered":"Pour les femmes, se r\u00e9approprier son corps lorsqu&rsquo;il subit d&rsquo;importants changements n&rsquo;est pas chose ais\u00e9e. Ce ph\u00e9nom\u00e8ne est&hellip;\n","protected":false},"author":2,"featured_media":340744,"comment_status":"","ping_status":"","sticky":false,"template":"","format":"standard","meta":{"footnotes":""},"categories":[1586],"tags":[11,47713,6725,1777,674,1779,1011,27,16292,12,25,2201,1467,1778,364],"class_list":{"0":"post-340743","1":"post","2":"type-post","3":"status-publish","4":"format-standard","5":"has-post-thumbnail","7":"category-europe","8":"tag-actualites","9":"tag-amincissement","10":"tag-corps","11":"tag-eu","12":"tag-europe","13":"tag-european-union","14":"tag-fr","15":"tag-france","16":"tag-medicaments","17":"tag-news","18":"tag-republique-francaise","19":"tag-serena-williams","20":"tag-tennis","21":"tag-ue","22":"tag-union-europeenne"},"share_on_mastodon":{"url":"https:\/\/pubeurope.com\/@fr\/115084194228875491","error":""},"_links":{"self":[{"href":"https:\/\/www.europesays.com\/fr\/wp-json\/wp\/v2\/posts\/340743","targetHints":{"allow":["GET"]}}],"collection":[{"href":"https:\/\/www.europesays.com\/fr\/wp-json\/wp\/v2\/posts"}],"about":[{"href":"https:\/\/www.europesays.com\/fr\/wp-json\/wp\/v2\/types\/post"}],"author":[{"embeddable":true,"href":"https:\/\/www.europesays.com\/fr\/wp-json\/wp\/v2\/users\/2"}],"replies":[{"embeddable":true,"href":"https:\/\/www.europesays.com\/fr\/wp-json\/wp\/v2\/comments?post=340743"}],"version-history":[{"count":0,"href":"https:\/\/www.europesays.com\/fr\/wp-json\/wp\/v2\/posts\/340743\/revisions"}],"wp:featuredmedia":[{"embeddable":true,"href":"https:\/\/www.europesays.com\/fr\/wp-json\/wp\/v2\/media\/340744"}],"wp:attachment":[{"href":"https:\/\/www.europesays.com\/fr\/wp-json\/wp\/v2\/media?parent=340743"}],"wp:term":[{"taxonomy":"category","embeddable":true,"href":"https:\/\/www.europesays.com\/fr\/wp-json\/wp\/v2\/categories?post=340743"},{"taxonomy":"post_tag","embeddable":true,"href":"https:\/\/www.europesays.com\/fr\/wp-json\/wp\/v2\/tags?post=340743"}],"curies":[{"name":"wp","href":"https:\/\/api.w.org\/{rel}","templated":true}]}}