{"id":340759,"date":"2025-08-24T14:33:11","date_gmt":"2025-08-24T14:33:11","guid":{"rendered":"https:\/\/www.europesays.com\/fr\/340759\/"},"modified":"2025-08-24T14:33:11","modified_gmt":"2025-08-24T14:33:11","slug":"vainqueur-de-la-5e-etape-arnaud-de-lie-soffre-aussi-le-classement-general-du-renewi-tour-devant-mathieu-van-der-poel-lequipe","status":"publish","type":"post","link":"https:\/\/www.europesays.com\/fr\/340759\/","title":{"rendered":"Vainqueur de la 5e \u00e9tape, Arnaud De Lie s&#039;offre aussi le classement g\u00e9n\u00e9ral du Renewi Tour devant Mathieu Van der Poel &#8211; L&#039;\u00c9quipe"},"content":{"rendered":"<ol>\n<li><a href=\"https:\/\/news.google.com\/rss\/articles\/CBMiigJBVV95cUxPa0pPOFdZT1IwRkRqYmRRbi0zZl9XTjZSaVFISkNCdTVrbGo4eWpicGk5YkwxSlR4RE8ybWhmT21hMjlJLU1qQ1k2WjY0MkVvby12SGtub3ppS0Fub3lkS2RheVcwaFlhWm5vd0ptdDRhd0FkNjBXelZHRWF2aVMtTndCSm1KMDIydkxUbXZPaTdvR3JJN09Oa05sR25LdGNVN3pYMEdjN0Y5XzNYcXFkbjJ3MEF3eHRzc09WNW1ZWnRRbVpoTjJjVExtV285M041WVY5eGNDa19JbEI0RDczVXZkVUg3N3VEajVXbWVjM1pPYVRYaW9TblEyWmdRSjBBazBGT0dEX3BhUQ?oc=5\" target=\"_blank\" rel=\"nofollow noopener\">Vainqueur de la 5e \u00e9tape, Arnaud De Lie s&rsquo;offre aussi le classement g\u00e9n\u00e9ral du Renewi Tour devant Mathieu Van der Poel<\/a>&nbsp;&nbsp;L&rsquo;\u00c9quipe<\/li>\n<li><a href=\"https:\/\/news.google.com\/rss\/articles\/CBMi1wFBVV95cUxQTURyVW9jbW5STXBtUVlkc3FNZWlvZzB0RFNIcWs1SFJBZDBFZ0tsWmRldjhCVzlRQTAxakI4XzRkd3BJbzR4YnhVeS02T2piVkxETE03SUZIWVVyV2tnenRrcGRsQm5wNHpBdDI3dUVhdndRWTdvUTJmMHNyRWd0U3pqUHlUUFdpSTJrc0Z4eHhzeXZTMHhZX210ZjBxYnBDUGNYYUU2eTRuOGI3REEyb19fTUpqSWxvT2ltTGVONFJFWFhCXy1xNFk3SFNvYTJidjZvQ29xa9IB1gFBVV95cUxNN0RrSXpIa3VYTlctRkVoUkxUTk56WnNnWnVDVGRUV1NQSmxMYnlKbklGanF5RXUwX2NadEstdVBRTFpSWWJtTVJnMnQ5di01OHpqVlNMLXNkdW5jNWhGdHIyUHhNWk44c3ZwdkN6RENyVHZiVEFZN0plYXo4eEx6VVNTZUNhNVhfbnJqbzQtMHBTWTRTaUt3al8xTFZjdE9LLXRYdVYtNVE0RlFLclIzenlkYlFSNVl2WWNqZnlwRGU1bkVoeEJfTE1JUUVBWnJSX0tEcl9B?oc=5\" target=\"_blank\" rel=\"nofollow noopener\">Renewi Tour (E5) : De Lie domine van der Poel pour remporter le classement g\u00e9n\u00e9ral<\/a>&nbsp;&nbsp;Orange Actualit\u00e9s | Sports<\/li>\n<li><a href=\"https:\/\/news.google.com\/rss\/articles\/CBMihwJBVV95cUxNWTA4NC1YOW1oUTljN2xZYUYtVHdGRFd5RktpbktVSFVWV2w2SE9NdmFRVEZZMGpYemk0cTEzSWxiWDBBaS1ndGR1cnh1Wkg2dGVQZzZJZkk4S1Z3SmR4ZVlna0hXWjRxQkZIanVOaUoyb0FaNVIweXRGU0NLTDhrZEtvY01MT2JVRDZ0MXRBUDgyeUZsbXdBSlQ3c0N5aTNPSE1mYVYxVjB3aXNSN3EtR1BkSjdfYy1SMmkxSGVqTjhxbkltTWVKVWEydXlnd0lXa3BsZ21zNDE3UHRMSFJNVGVIMmlNbk9PTHBUcnI4bjY2WE5iLXdXMmtKQTRNMjRDZW95TGFUMA?oc=5\" target=\"_blank\" rel=\"nofollow noopener\">Tour du Benelux. Matthieu Van der Poel s\u2019offre la 3e \u00e9tape, Arnaud de Lie nouveau leader du g\u00e9n\u00e9ral<\/a>&nbsp;&nbsp;Ouest-France<\/li>\n<li><a href=\"https:\/\/news.google.com\/rss\/articles\/CBMivAFBVV95cUxNbjJJT1UwdERBTk9UdHRzRjVuZkVobGRjTXYwNVE0OFFRTzZ3S2w2elllcjEyMUpUTDhOZkd3S3kwZW5iMDR6LXo3alM5RkF4WUlxZHRZVkxpeHJNd0lhUzBnTnR3M3dyUjVCc2xVMG9BLXRFV05qbHA1YUtFc053Q0M1bkM3bGs4dV91SGJqM1BvT3NoS0lzUE5qelNTQmFwV2MxSldUVnY0aXhaRzR0c0JWWXAyWWhfV2JyVw?oc=5\" target=\"_blank\" rel=\"nofollow noopener\">Johan Jacobs encore offensif, Valentin Madouas reste dans le match<\/a>&nbsp;&nbsp;\u00c9quipe Cycliste Groupama-FDJ<\/li>\n<li><a href=\"https:\/\/news.google.com\/rss\/articles\/CBMiyAFBVV95cUxQSTZIUlo4bHhqUTcxUDJUWXlKOTFGejhKeWZoODc5OVV2ZVhHRTBHbHRDTHVQQ2draDFoWnBMcGVobS1OT0c4bHVwd3RlcnlFeTRDc1B0b0x4aEt1YjNJbTlJMnBOY21WeTF3bW9KZElib0dWWFVHU2JUTkFtbU9YVUFuVE10dTFxTHZWVmhzZ3RaOEpja3NWczg0VWMtXzVhaW52MXJjYTJ1TFZpY3ZqODlBTGxaRXpqWDZNUk0ybTNtSHFDajFYTw?oc=5\" target=\"_blank\" rel=\"nofollow noopener\">Renewi Tour &#8211; La totale pour Arnaud De Lie : une 5e \u00e9tape folle et le g\u00e9n\u00e9ral !<\/a>&nbsp;&nbsp;Cyclism&rsquo;Actu<\/li>\n<\/ol>\n","protected":false},"excerpt":{"rendered":"Vainqueur de la 5e \u00e9tape, Arnaud De Lie s&rsquo;offre aussi le classement g\u00e9n\u00e9ral du Renewi Tour devant Mathieu&hellip;\n","protected":false},"author":2,"featured_media":340760,"comment_status":"","ping_status":"","sticky":false,"template":"","format":"standard","meta":{"footnotes":""},"categories":[1411],"tags":[1154,207,1011,27,60],"class_list":{"0":"post-340759","1":"post","2":"type-post","3":"status-publish","4":"format-standard","5":"has-post-thumbnail","7":"category-cyclisme","8":"tag-cycling","9":"tag-cyclisme","10":"tag-fr","11":"tag-france","12":"tag-sports"},"share_on_mastodon":{"url":"https:\/\/pubeurope.com\/@fr\/115084237468324035","error":""},"_links":{"self":[{"href":"https:\/\/www.europesays.com\/fr\/wp-json\/wp\/v2\/posts\/340759","targetHints":{"allow":["GET"]}}],"collection":[{"href":"https:\/\/www.europesays.com\/fr\/wp-json\/wp\/v2\/posts"}],"about":[{"href":"https:\/\/www.europesays.com\/fr\/wp-json\/wp\/v2\/types\/post"}],"author":[{"embeddable":true,"href":"https:\/\/www.europesays.com\/fr\/wp-json\/wp\/v2\/users\/2"}],"replies":[{"embeddable":true,"href":"https:\/\/www.europesays.com\/fr\/wp-json\/wp\/v2\/comments?post=340759"}],"version-history":[{"count":0,"href":"https:\/\/www.europesays.com\/fr\/wp-json\/wp\/v2\/posts\/340759\/revisions"}],"wp:featuredmedia":[{"embeddable":true,"href":"https:\/\/www.europesays.com\/fr\/wp-json\/wp\/v2\/media\/340760"}],"wp:attachment":[{"href":"https:\/\/www.europesays.com\/fr\/wp-json\/wp\/v2\/media?parent=340759"}],"wp:term":[{"taxonomy":"category","embeddable":true,"href":"https:\/\/www.europesays.com\/fr\/wp-json\/wp\/v2\/categories?post=340759"},{"taxonomy":"post_tag","embeddable":true,"href":"https:\/\/www.europesays.com\/fr\/wp-json\/wp\/v2\/tags?post=340759"}],"curies":[{"name":"wp","href":"https:\/\/api.w.org\/{rel}","templated":true}]}}