{"id":340761,"date":"2025-08-24T14:34:10","date_gmt":"2025-08-24T14:34:10","guid":{"rendered":"https:\/\/www.europesays.com\/fr\/340761\/"},"modified":"2025-08-24T14:34:10","modified_gmt":"2025-08-24T14:34:10","slug":"les-ultras-de-lorient-taclent-la-lfp-avant-le-derby-contre-rennes","status":"publish","type":"post","link":"https:\/\/www.europesays.com\/fr\/340761\/","title":{"rendered":"Les ultras de Lorient taclent la LFP avant le derby contre Rennes"},"content":{"rendered":"<p>Le derby Lorient-Rennes, pr\u00e9vu ce dimanche \u00e0 15h pour le compte de la 2e journ\u00e9e de <a href=\"https:\/\/www.footmercato.net\/france\/ligue-1\/\" rel=\"nofollow noopener\" target=\"_blank\">Ligue 1<\/a>, se jouera devant moins de 12 000 spectateurs. La raison ? La tribune Sud du Moustoir est ferm\u00e9e pour cause de sanction \u00e0 la suite de l\u2019envahissement du terrain lors du match de la mont\u00e9e contre Caen, le 26 avril dernier. <\/p>\n<p>            La suite apr\u00e8s cette publicit\u00e9<\/p>\n<p>Une d\u00e9cision qui ne passe pas comme en t\u00e9moigne la banderole de m\u00e9contentement d\u00e9ploy\u00e9e par les ultras lorientais avant la rencontre. \u00abNon aux sanctions collectives. Derby g\u00e2ch\u00e9 par une tribune ferm\u00e9e : merci la LFP\u00bb, est-il indiqu\u00e9. <\/p>\n<p>\n    Pub. le 24\/08\/2025 13:47<br \/>\n            &#8211; MAJ le 24\/08\/2025 15:48\n    <\/p>\n","protected":false},"excerpt":{"rendered":"Le derby Lorient-Rennes, pr\u00e9vu ce dimanche \u00e0 15h pour le compte de la 2e journ\u00e9e de Ligue 1,&hellip;\n","protected":false},"author":2,"featured_media":340762,"comment_status":"","ping_status":"","sticky":false,"template":"","format":"standard","meta":{"footnotes":""},"categories":[1410],"tags":[63,1011,27,60],"class_list":{"0":"post-340761","1":"post","2":"type-post","3":"status-publish","4":"format-standard","5":"has-post-thumbnail","7":"category-football","8":"tag-football","9":"tag-fr","10":"tag-france","11":"tag-sports"},"share_on_mastodon":{"url":"https:\/\/pubeurope.com\/@fr\/115084241394906360","error":""},"_links":{"self":[{"href":"https:\/\/www.europesays.com\/fr\/wp-json\/wp\/v2\/posts\/340761","targetHints":{"allow":["GET"]}}],"collection":[{"href":"https:\/\/www.europesays.com\/fr\/wp-json\/wp\/v2\/posts"}],"about":[{"href":"https:\/\/www.europesays.com\/fr\/wp-json\/wp\/v2\/types\/post"}],"author":[{"embeddable":true,"href":"https:\/\/www.europesays.com\/fr\/wp-json\/wp\/v2\/users\/2"}],"replies":[{"embeddable":true,"href":"https:\/\/www.europesays.com\/fr\/wp-json\/wp\/v2\/comments?post=340761"}],"version-history":[{"count":0,"href":"https:\/\/www.europesays.com\/fr\/wp-json\/wp\/v2\/posts\/340761\/revisions"}],"wp:featuredmedia":[{"embeddable":true,"href":"https:\/\/www.europesays.com\/fr\/wp-json\/wp\/v2\/media\/340762"}],"wp:attachment":[{"href":"https:\/\/www.europesays.com\/fr\/wp-json\/wp\/v2\/media?parent=340761"}],"wp:term":[{"taxonomy":"category","embeddable":true,"href":"https:\/\/www.europesays.com\/fr\/wp-json\/wp\/v2\/categories?post=340761"},{"taxonomy":"post_tag","embeddable":true,"href":"https:\/\/www.europesays.com\/fr\/wp-json\/wp\/v2\/tags?post=340761"}],"curies":[{"name":"wp","href":"https:\/\/api.w.org\/{rel}","templated":true}]}}