{"id":340763,"date":"2025-08-24T14:35:11","date_gmt":"2025-08-24T14:35:11","guid":{"rendered":"https:\/\/www.europesays.com\/fr\/340763\/"},"modified":"2025-08-24T14:35:11","modified_gmt":"2025-08-24T14:35:11","slug":"paul-weller-porte-plainte-contre-ses-comptables-qui-lont-lache-a-cause-de-son-soutien-a-gaza","status":"publish","type":"post","link":"https:\/\/www.europesays.com\/fr\/340763\/","title":{"rendered":"Paul Weller porte plainte contre ses comptables qui l\u2019ont l\u00e2ch\u00e9 \u00e0 cause de son soutien \u00e0 Gaza"},"content":{"rendered":"<p><strong>recadrage &#8211; L\u2019ex-leader de The Jam accuse le cabinet Harris and Trotter de discrimination<\/strong><\/p>\n<p><a href=\"https:\/\/www.20minutes.fr\/people\/2045983-20170409-paul-weller-papa?at_medium=RSS%20feed&amp;at_campaign=ynews&amp;utm_source=yahoo&amp;utm_medium=rss&amp;utm_campaign=news_feed&amp;utm_content=in_article_link\" rel=\"nofollow noopener\" target=\"_blank\" data-ylk=\"slk:Paul Weller;elm:context_link;itc:0;sec:content-canvas\" class=\"link \">Paul Weller<\/a> attaque son ancien cabinet comptable en justice. Le musicien de 67 ans a d\u00e9pos\u00e9 une plainte pour discrimination contre le cabinet Harris and Trotter, lequel a cess\u00e9 de travailler avec lui en mars dernier. La raison ? Ses prises de position sur le <a href=\"https:\/\/www.20minutes.fr\/arts-stars\/culture\/musique\/4168698-20250820-accuse-soutien-hezbollah-rappeur-trio-nord-irlandais-kneecap-comparait-londres?at_medium=RSS%20feed&amp;at_campaign=ynews&amp;utm_source=yahoo&amp;utm_medium=rss&amp;utm_campaign=news_feed&amp;utm_content=in_article_link\" rel=\"nofollow noopener\" target=\"_blank\" data-ylk=\"slk:conflit \u00e0 Gaza;elm:context_link;itc:0;sec:content-canvas\" class=\"link \">conflit \u00e0 Gaza<\/a>.<\/p>\n<p>Selon les documents juridiques consult\u00e9s par la Press Association et relay\u00e9s par <a href=\"https:\/\/news.sky.com\/story\/paul-weller-suing-former-accountants-after-they-stopped-working-with-him-over-gaza-statements-13415000?at_medium=RSS%20feed&amp;at_campaign=ynews&amp;utm_source=yahoo&amp;utm_medium=rss&amp;utm_campaign=news_feed&amp;utm_content=in_article_link\" rel=\"nofollow noopener\" target=\"_blank\" data-ylk=\"slk:Sky News;elm:context_link;itc:0;sec:content-canvas\" class=\"link \">Sky News<\/a>, un associ\u00e9 du cabinet avait envoy\u00e9 un message WhatsApp explicite au musicien : \u00ab Nous sommes offens\u00e9s par vos affirmations selon lesquelles Isra\u00ebl commet un g\u00e9nocide. En tant que cabinet ayant des racines juives et de nombreux associ\u00e9s juifs, nous ne sommes pas pr\u00eats \u00e0 travailler avec quelqu\u2019un qui porte de telles opinions anti-isra\u00e9liennes. \u00bb<\/p>\n<p>Une bataille judiciaire aux enjeux symboliques<\/p>\n<p>Les avocats de Paul Weller estiment que le cabinet a discrimin\u00e9 ill\u00e9galement le chanteur en raison de ses convictions personnelles \u00e0 l\u2019endroit du conflit et de la <a href=\"https:\/\/www.20minutes.fr\/monde\/4165282-20250725-reconnaissance-palestine-consequences-diplomatiques-france-notamment-israel-usa?at_medium=RSS%20feed&amp;at_campaign=ynews&amp;utm_source=yahoo&amp;utm_medium=rss&amp;utm_campaign=news_feed&amp;utm_content=in_article_link\" rel=\"nofollow noopener\" target=\"_blank\" data-ylk=\"slk:reconnaissance de la Palestine;elm:context_link;itc:0;sec:content-canvas\" class=\"link \">reconnaissance de la Palestine<\/a> comme \u00c9tat-nation.<\/p>\n<p>\u00ab Ce qui arrive au peuple palestinien \u00e0 Gaza est une catastrophe humanitaire \u00bb, a d\u00e9clar\u00e9 Paul Weller. \u00ab Je crois qu\u2019Isra\u00ebl commet un g\u00e9nocide contre eux. Faire taire ceux qui disent cette v\u00e9rit\u00e9 n\u2019est pas seulement de la censure, c\u2019est de la complicit\u00e9. \u00bb Enfin, le musicien s\u2019est engag\u00e9 \u00e0 reverser tous les dommages-int\u00e9r\u00eats qu\u2019il pourrait obtenir pour soutenir les efforts humanitaires \u00e0 Gaza.<\/p>\n<p><a href=\"https:\/\/www.20minutes.fr\/arts-stars\/people\/4168999-20250824-paul-weller-porte-plainte-contre-comptables-lache-cause-soutien-gaza?at_medium=RSS%20feed&amp;at_campaign=ynews&amp;utm_source=yahoo&amp;utm_medium=rss&amp;utm_campaign=news_feed&amp;utm_content=read_more_link\" rel=\"nofollow noopener\" target=\"_blank\" data-ylk=\"slk:Lire la suite sur 20minutes;elm:context_link;itc:0;sec:content-canvas\" class=\"link \">Lire la suite sur 20minutes<\/a><\/p>\n<p>\u00c0 lire aussi :<br \/><a href=\"https:\/\/www.20minutes.fr\/monde\/israel\/4161265-20250701-gaza-plainte-france-contre-deux-soldats-franco-israeliens-crimes-guerre?at_medium=RSS%20feed&amp;at_campaign=ynews&amp;utm_source=yahoo&amp;utm_medium=rss&amp;utm_campaign=news_feed&amp;utm_content=related_content_link\" rel=\"nofollow noopener\" target=\"_blank\" data-ylk=\"slk:Gaza : Plainte en France contre deux soldats franco-isra\u00e9liens pour \u00ab crimes de guerre \u00bb;elm:context_link;itc:0;sec:content-canvas\" class=\"link \">Gaza : Plainte en France contre deux soldats franco-isra\u00e9liens pour \u00ab crimes de guerre \u00bb<\/a><br \/><a href=\"https:\/\/www.20minutes.fr\/arts-stars\/culture\/musique\/4168885-20250821-rock-seine-crif-demande-deprogrammation-groupe-kneecap-accuse-soutien-hezbollah?at_medium=RSS%20feed&amp;at_campaign=ynews&amp;utm_source=yahoo&amp;utm_medium=rss&amp;utm_campaign=news_feed&amp;utm_content=related_content_link\" rel=\"nofollow noopener\" target=\"_blank\" data-ylk=\"slk:Rock en Seine : Le Crif demande la d\u00e9programmation du groupe Kneecap, accus\u00e9 de soutien au Hezbollah;elm:context_link;itc:0;sec:content-canvas\" class=\"link \">Rock en Seine : Le Crif demande la d\u00e9programmation du groupe Kneecap, accus\u00e9 de soutien au Hezbollah<\/a><\/p>\n","protected":false},"excerpt":{"rendered":"recadrage &#8211; L\u2019ex-leader de The Jam accuse le cabinet Harris and Trotter de discrimination Paul Weller attaque son&hellip;\n","protected":false},"author":2,"featured_media":340764,"comment_status":"","ping_status":"","sticky":false,"template":"","format":"standard","meta":{"footnotes":""},"categories":[1359],"tags":[1081,58,59,1011,27,665,47714,973,47715],"class_list":{"0":"post-340763","1":"post","2":"type-post","3":"status-publish","4":"format-standard","5":"has-post-thumbnail","7":"category-people","8":"tag-crimes-de-guerre","9":"tag-divertissement","10":"tag-entertainment","11":"tag-fr","12":"tag-france","13":"tag-gaza","14":"tag-paul-weller","15":"tag-people","16":"tag-press-association"},"share_on_mastodon":{"url":"https:\/\/pubeurope.com\/@fr\/115084245293884958","error":""},"_links":{"self":[{"href":"https:\/\/www.europesays.com\/fr\/wp-json\/wp\/v2\/posts\/340763","targetHints":{"allow":["GET"]}}],"collection":[{"href":"https:\/\/www.europesays.com\/fr\/wp-json\/wp\/v2\/posts"}],"about":[{"href":"https:\/\/www.europesays.com\/fr\/wp-json\/wp\/v2\/types\/post"}],"author":[{"embeddable":true,"href":"https:\/\/www.europesays.com\/fr\/wp-json\/wp\/v2\/users\/2"}],"replies":[{"embeddable":true,"href":"https:\/\/www.europesays.com\/fr\/wp-json\/wp\/v2\/comments?post=340763"}],"version-history":[{"count":0,"href":"https:\/\/www.europesays.com\/fr\/wp-json\/wp\/v2\/posts\/340763\/revisions"}],"wp:featuredmedia":[{"embeddable":true,"href":"https:\/\/www.europesays.com\/fr\/wp-json\/wp\/v2\/media\/340764"}],"wp:attachment":[{"href":"https:\/\/www.europesays.com\/fr\/wp-json\/wp\/v2\/media?parent=340763"}],"wp:term":[{"taxonomy":"category","embeddable":true,"href":"https:\/\/www.europesays.com\/fr\/wp-json\/wp\/v2\/categories?post=340763"},{"taxonomy":"post_tag","embeddable":true,"href":"https:\/\/www.europesays.com\/fr\/wp-json\/wp\/v2\/tags?post=340763"}],"curies":[{"name":"wp","href":"https:\/\/api.w.org\/{rel}","templated":true}]}}