{"id":340767,"date":"2025-08-24T14:37:11","date_gmt":"2025-08-24T14:37:11","guid":{"rendered":"https:\/\/www.europesays.com\/fr\/340767\/"},"modified":"2025-08-24T14:37:11","modified_gmt":"2025-08-24T14:37:11","slug":"albertville-avant-de-voir-les-films-le-grand-bivouac-se-livre-des-a-present","status":"publish","type":"post","link":"https:\/\/www.europesays.com\/fr\/340767\/","title":{"rendered":"Albertville. Avant de voir les films, le Grand Bivouac se \u201clivre\u201d d\u00e8s \u00e0 pr\u00e9sent"},"content":{"rendered":"<p>Au <a href=\"https:\/\/www.ledauphine.com\/culture-loisirs\/2025\/06\/13\/le-grand-bivouac-d-albertville-devoile-son-affiche-2025-et-elle-va-vous-surprendre\" target=\"_blank\" rel=\"nofollow noopener\">Grand Bivouac<\/a> , les auteurs sont d\u00e9sormais partout\u00a0! Ils se livrent \u00e0 l\u2019occasion d\u2019ap\u00e9ros, p\u2019tits d\u00e9j et rencontres partag\u00e9s avec le public. Ils apportent leur regard sur un documentaire qui les concerne ou qui touche au c\u0153ur de leur livre. Et ils croisent leurs pages et leurs parcours avec d\u2019autres plumes sensibles lors de forums th\u00e9matiques\u2026 Eux aussi, ils ont leur mot \u00e0 dire\u00a0!<\/p>\n<p>\u00ab\u00a0J\u2019adore envoyer le livre de l\u2019un \u00e0 l\u2019autre pour qu\u2019ils pr\u00e9parent le forum qu\u2019ils vont partager\u00a0\u00bb, sourit Lydie Cliquet, qui avec toute l\u2019\u00e9quipe de la Librairie des Bauges,&#8230;<\/p>\n","protected":false},"excerpt":{"rendered":"Au Grand Bivouac , les auteurs sont d\u00e9sormais partout\u00a0! Ils se livrent \u00e0 l\u2019occasion d\u2019ap\u00e9ros, p\u2019tits d\u00e9j et&hellip;\n","protected":false},"author":2,"featured_media":340768,"comment_status":"","ping_status":"","sticky":false,"template":"","format":"standard","meta":{"footnotes":""},"categories":[1357],"tags":[7004,14282,1379,650,6211,1687,58,7003,59,1011,27,1380,2410,873,5486,5508],"class_list":{"0":"post-340767","1":"post","2":"type-post","3":"status-publish","4":"format-standard","5":"has-post-thumbnail","7":"category-livres","8":"tag-albertville","9":"tag-albertville-bassin","10":"tag-books","11":"tag-cinema","12":"tag-conference","13":"tag-culture-loisirs","14":"tag-divertissement","15":"tag-edition-tarentaise-maurienne","16":"tag-entertainment","17":"tag-fr","18":"tag-france","19":"tag-livres","20":"tag-livres-bd","21":"tag-musique","22":"tag-rencontre","23":"tag-savoie"},"share_on_mastodon":{"url":"https:\/\/pubeurope.com\/@fr\/115084253286100264","error":""},"_links":{"self":[{"href":"https:\/\/www.europesays.com\/fr\/wp-json\/wp\/v2\/posts\/340767","targetHints":{"allow":["GET"]}}],"collection":[{"href":"https:\/\/www.europesays.com\/fr\/wp-json\/wp\/v2\/posts"}],"about":[{"href":"https:\/\/www.europesays.com\/fr\/wp-json\/wp\/v2\/types\/post"}],"author":[{"embeddable":true,"href":"https:\/\/www.europesays.com\/fr\/wp-json\/wp\/v2\/users\/2"}],"replies":[{"embeddable":true,"href":"https:\/\/www.europesays.com\/fr\/wp-json\/wp\/v2\/comments?post=340767"}],"version-history":[{"count":0,"href":"https:\/\/www.europesays.com\/fr\/wp-json\/wp\/v2\/posts\/340767\/revisions"}],"wp:featuredmedia":[{"embeddable":true,"href":"https:\/\/www.europesays.com\/fr\/wp-json\/wp\/v2\/media\/340768"}],"wp:attachment":[{"href":"https:\/\/www.europesays.com\/fr\/wp-json\/wp\/v2\/media?parent=340767"}],"wp:term":[{"taxonomy":"category","embeddable":true,"href":"https:\/\/www.europesays.com\/fr\/wp-json\/wp\/v2\/categories?post=340767"},{"taxonomy":"post_tag","embeddable":true,"href":"https:\/\/www.europesays.com\/fr\/wp-json\/wp\/v2\/tags?post=340767"}],"curies":[{"name":"wp","href":"https:\/\/api.w.org\/{rel}","templated":true}]}}