{"id":340769,"date":"2025-08-24T14:38:19","date_gmt":"2025-08-24T14:38:19","guid":{"rendered":"https:\/\/www.europesays.com\/fr\/340769\/"},"modified":"2025-08-24T14:38:19","modified_gmt":"2025-08-24T14:38:19","slug":"xavier-les-12-coups-de-midi-fait-une-revelation-surprenante-sur-ses-gains-dans-le-jeu-de-tf1-jai-gagne-moins-que","status":"publish","type":"post","link":"https:\/\/www.europesays.com\/fr\/340769\/","title":{"rendered":"Xavier (Les 12 coups de midi) fait une r\u00e9v\u00e9lation surprenante sur ses gains dans le jeu de TF1 : \u00ab\u00a0J&rsquo;ai gagn\u00e9 moins que&#8230;\u00a0\u00bb"},"content":{"rendered":"<p><a href=\"https:\/\/www.programme-tv.net\/news\/tv\/384945-emilien-n-est-plus-la-pour-corriger-les-questions-une-erreur-s-est-glissee-dans-une-question-des-12-coups-de-midi-ce-jeudi\/\" data-api-deeplink=\"teleloisirs:\/\/news\/384945\" target=\"_blank\" rel=\"noopener\">Avant le parcours sensationnel d&rsquo;\u00c9milien<\/a>, il \u00e9tait une fois, en janvier\u00a02013, <a href=\"https:\/\/www.programme-tv.net\/news\/tv\/382885-xavier-les-12-coups-de-midi-se-confie-sur-son-duel-face-a-emilien-dans-le-combat-des-maitres-c-etait-plus-attendu-par-les-fans-que-par-nous\/\" data-api-deeplink=\"teleloisirs:\/\/news\/382885\" target=\"_blank\" rel=\"noopener\">Xavier, jeune ing\u00e9nieur savoyard,<\/a> d\u00e9barque sur le plateau <a href=\"https:\/\/www.programme-tv.net\/news\/tv\/385183-les-12-coups-de-midi-fanny-est-eliminee-apres-huit-victoires-decouvrez-le-montant-de-sa-cagnotte\/\" data-api-deeplink=\"teleloisirs:\/\/news\/385183\" target=\"_blank\" rel=\"noopener\">des 12 coups de midi <\/a>qui existe depuis juin\u00a02010 et est d\u00e8s le d\u00e9part anim\u00e9 <a href=\"https:\/\/www.programme-tv.net\/news\/tv\/384948-jean-luc-reichmann-rend-hommage-a-patrice-laffont-dans-les-12-coups-de-midi-un-an-apres-sa-disparition\/\" data-api-deeplink=\"teleloisirs:\/\/news\/384948\" target=\"_blank\" rel=\"noopener\">par l&rsquo;irrempla\u00e7able Jean-Luc Reichmann<\/a>. Avec sa culture encyclop\u00e9dique et son sang-froid olympien, <b>il aligne 76 participations cons\u00e9cutives, un record \u00e0 l\u2019\u00e9poque<\/b>, et empoche la coquette somme de 335\u00a0856\u00a0\u20ac. \u00c0 ce moment-l\u00e0, il est le plus grand champion du jeu. Et puis, le 21\u00a0mars 2013, au sommet de sa gloire, il d\u00e9cide de partir\u2026 non pas parce qu\u2019il a perdu, mais parce qu\u2019il d\u00e9croche un poste chez EDF. <b>Xavier reste, \u00e0 ce jour, de ce fait, invaincu<\/b>. Et semble ind\u00e9tr\u00f4nable.<\/p>\n<p>Les 12 coups, les 15 ans\u00a0: qui a gagn\u00e9 le prime anniversaire avec Xavier et \u00c9milien anim\u00e9 par Jean-Luc Reichmann\u00a0?<\/p>\n<p>Le 12\u00a0juillet 2025, TF1 a offert aux fans du jeu un spectacle in\u00e9dit\u00a0: <a href=\"https:\/\/www.programme-tv.net\/news\/tv\/382993-xavier-les-12-coups-de-midi-reagit-a-sa-victoire-contre-emilien-dans-le-combat-des-maitres-les-statistiques-etaient-contre-moi\/\" data-api-deeplink=\"teleloisirs:\/\/news\/382993\" target=\"_blank\" rel=\"noopener\">un Combat des Ma\u00eetres \u00e9pique<\/a> entre les deux titans de l\u2019\u00e9mission. D\u2019un c\u00f4t\u00e9, \u00c9milien, <a href=\"https:\/\/www.programme-tv.net\/news\/tv\/385179-jean-luc-reichmann-les-12-coups-de-midi-explique-pourquoi-les-champions-d-autres-jeux-tele-ne-sont-pas-invites-on-prefere-ne-pas\/\" data-api-deeplink=\"teleloisirs:\/\/news\/385179\" target=\"_blank\" rel=\"noopener\">champion historique<\/a> avec plus de 2,5\u00a0millions d&rsquo;euros de gains et 647 participations, un record mondial. De l&rsquo;autre, Xavier, l\u2019\u00e9ternel invaincu, qui, en 2013, avait align\u00e9 76 victoires cons\u00e9cutives avant de quitter le jeu. Une vraie confrontation de g\u00e9n\u00e9rations\u00a0: l\u2019exp\u00e9rience tranquille de Xavier contre la domination r\u00e9cente et impressionnante d\u2019\u00c9milien. Les deux ma\u00eetres ont \u00e9t\u00e9 \u00e9paul\u00e9s par des \u00e9quipes de c\u00e9l\u00e9brit\u00e9s pr\u00eates \u00e0 en d\u00e9coudre. Alors qu\u2019\u00c9milien apparaissait comme favori, virtuose dans ses r\u00e9ponses, c\u2019est finalement Xavier qui livre une performance m\u00e9morable. En retard, il a encha\u00een\u00e9 quatre r\u00e9ponses justes cons\u00e9cutives, pour une \u00ab\u00a0remontada\u00a0\u00bb digne des plus grands moments de t\u00e9l\u00e9. Les deux champions participaient aussi au prime anniversaire ce 22\u00a0ao\u00fbt <a href=\"https:\/\/www.programme-tv.net\/news\/tv\/384887-nous-etions-un-peu-fatigues-xavier-les-12-coups-de-midi-raconte-les-coulisses-du-prime-des-15-ans-du-jeu-avec-emilien\/\" data-api-deeplink=\"teleloisirs:\/\/news\/384887\" target=\"_blank\" rel=\"noopener\">Les 12 coups, les 15 ans<\/a>. Les Ma\u00eetres de midi y donnaient chacun <a href=\"https:\/\/www.programme-tv.net\/news\/tv\/384063-les-12-coups-de-midi-les-15-ans-voici-ce-qui-vous-attend-dans-le-prime-special-avec-des-anciens-champions-ce-vendredi-22-aout\/\" data-api-deeplink=\"teleloisirs:\/\/news\/384063\" target=\"_blank\" rel=\"noopener\">un coup de main \u00e0 des \u00ab\u00a0chouchous\u00a0\u00bb<\/a>. Xavier secondait Ruben. Le bin\u00f4me l&rsquo;a emport\u00e9\u00a0: Ruben est reparti avec 27\u00a0000\u00a0\u20ac.<\/p>\n<p>                        \u00ab\u00a0J&rsquo;ai un message pour la production\u00a0\u00bb\u00a0: apr\u00e8s pr\u00e8s de 15 ans de participation, Xavier des 12 coups de midi tient les comptes\u00a0!<\/p>\n<p>Depuis son d\u00e9part des 12 coups de midi en 2013 avec 335\u00a0856\u00a0euros en poche, Xavier n\u2019a cess\u00e9 d\u2019enrichir son palmar\u00e8s. Mais sans exc\u00e8s. En 2020, il signe un retour triomphal lors du Combat des Ma\u00eetres, il bat \u00c9ric et ajoute 10\u00a0000\u00a0\u20ac \u00e0 son compteur, somme int\u00e9gralement revers\u00e9e \u00e0 une association. <b>Trois ans plus tard, il r\u00e9cidive face \u00e0 Paul El Kharrat et repart avec 20\u00a0000\u00a0\u20ac pour une bonne cause.<\/b> La m\u00eame ann\u00e9e, il s\u2019impose sur France 2 dans le Quiz des Champions, offrant \u00e0 nouveau 20\u00a0000\u00a0\u20ac \u00e0 une association.<\/p>\n<p>Au total, en additionnant ces victoires \u00e0 ses passages r\u00e9guliers dans certains grands rendez-vous, <b>Xavier flirte aujourd\u2019hui avec les 385\u00a0000\u00a0\u20ac de gains cumul\u00e9s.<\/b> Pas mal\u00a0! Mais rapport\u00e9 aux 27 primes auxquels il a particip\u00e9, pas tant\u00a0! \u00ab\u00a0J&rsquo;ai gagn\u00e9 moins par \u00e9mission en 27 primes que les candidats des 15 ans en un seul\u00a0\u00bb, a compt\u00e9 Xavier non sans malice. Et d&rsquo;ajouter avec humour : \u00ab\u00a0C&rsquo;est un petit message \u00e0 l&rsquo;attention de la production\u00a0!\u00a0\u00bb<\/p>\n","protected":false},"excerpt":{"rendered":"Avant le parcours sensationnel d&rsquo;\u00c9milien, il \u00e9tait une fois, en janvier\u00a02013, Xavier, jeune ing\u00e9nieur savoyard, d\u00e9barque sur le&hellip;\n","protected":false},"author":2,"featured_media":340770,"comment_status":"","ping_status":"","sticky":false,"template":"","format":"standard","meta":{"footnotes":""},"categories":[1356],"tags":[244,58,8049,59,1011,27,2173,465,47717,8050,252,199,2175,1364,29527],"class_list":{"0":"post-340769","1":"post","2":"type-post","3":"status-publish","4":"format-standard","5":"has-post-thumbnail","7":"category-television","8":"tag-commentaire","9":"tag-divertissement","10":"tag-emilien-les-12-coups-de-midi","11":"tag-entertainment","12":"tag-fr","13":"tag-france","14":"tag-interview","15":"tag-jean-luc-reichmann","16":"tag-les-12-coups-1100099387","17":"tag-les-douze-coups-de-midi","18":"tag-television","19":"tag-tf1","20":"tag-tl-story","21":"tag-tv","22":"tag-xavier-les-12-coups-de-midi"},"share_on_mastodon":{"url":"https:\/\/pubeurope.com\/@fr\/115084257140006637","error":""},"_links":{"self":[{"href":"https:\/\/www.europesays.com\/fr\/wp-json\/wp\/v2\/posts\/340769","targetHints":{"allow":["GET"]}}],"collection":[{"href":"https:\/\/www.europesays.com\/fr\/wp-json\/wp\/v2\/posts"}],"about":[{"href":"https:\/\/www.europesays.com\/fr\/wp-json\/wp\/v2\/types\/post"}],"author":[{"embeddable":true,"href":"https:\/\/www.europesays.com\/fr\/wp-json\/wp\/v2\/users\/2"}],"replies":[{"embeddable":true,"href":"https:\/\/www.europesays.com\/fr\/wp-json\/wp\/v2\/comments?post=340769"}],"version-history":[{"count":0,"href":"https:\/\/www.europesays.com\/fr\/wp-json\/wp\/v2\/posts\/340769\/revisions"}],"wp:featuredmedia":[{"embeddable":true,"href":"https:\/\/www.europesays.com\/fr\/wp-json\/wp\/v2\/media\/340770"}],"wp:attachment":[{"href":"https:\/\/www.europesays.com\/fr\/wp-json\/wp\/v2\/media?parent=340769"}],"wp:term":[{"taxonomy":"category","embeddable":true,"href":"https:\/\/www.europesays.com\/fr\/wp-json\/wp\/v2\/categories?post=340769"},{"taxonomy":"post_tag","embeddable":true,"href":"https:\/\/www.europesays.com\/fr\/wp-json\/wp\/v2\/tags?post=340769"}],"curies":[{"name":"wp","href":"https:\/\/api.w.org\/{rel}","templated":true}]}}