{"id":340771,"date":"2025-08-24T14:39:09","date_gmt":"2025-08-24T14:39:09","guid":{"rendered":"https:\/\/www.europesays.com\/fr\/340771\/"},"modified":"2025-08-24T14:39:09","modified_gmt":"2025-08-24T14:39:09","slug":"le-rap-est-il-fini-mc-solaar-donne-son-avis","status":"publish","type":"post","link":"https:\/\/www.europesays.com\/fr\/340771\/","title":{"rendered":"le rap est-il fini ? MC Solaar donne son avis"},"content":{"rendered":"<p><img decoding=\"async\" src=\"https:\/\/www.europesays.com\/fr\/wp-content\/uploads\/2025\/08\/photo_1755869048.jpg\" class=\"textcenter img-content\" loading=\"lazy\"\/>Bestimage<br \/>\n<br \/>\nWerenoi, SDM, Jul, Gims, Hamza, SCH, Orelsan, PNL, Ninho, Bouss, PLK, Tiakola, Laylow&#8230; Nombreux sont les talents qui ont explos\u00e9 dans les charts ces derni\u00e8res ann\u00e9es, preuve d&rsquo;une sc\u00e8ne particuli\u00e8rement vive. Genre num\u00e9ro un en France, comme dans le reste du monde, le rap a nettement \u00e9volu\u00e9 ces derni\u00e8res d\u00e9cennies. Qu&rsquo;en pense MC Solaar, le pionnier qui a fait bouger les codes dans les ann\u00e9es 90 ? \u00ab Quand j&rsquo;ai commenc\u00e9, il y a trente-cinq ans, tr\u00e8s peu de rappeurs \u00e9taient programm\u00e9s. \u00c0 l&rsquo;\u00e9poque, nous en r\u00eavions tous, mais beaucoup disaient que ce n&rsquo;\u00e9tait pas possible, que personne n&rsquo;aimait cette musique. Maintenant, quelle que soit la r\u00e9gion, des rappeurs sont \u00e0 l&rsquo;affiche \u00bb se r\u00e9jouit au <a href=\"https:\/\/www.leparisien.fr\/culture-loisirs\/musique\/mc-solaar-les-jeunes-nous-ont-mis-des-claques-22-08-2025-CCTF74MKOFBH7NOAIOTGIVGY4M.php?ts=1755867996096\" target=\"_blank\" class=\"spip_out\" rel=\"nofollow noopener\">Parisien<\/a> celui qui fait vibrer ses tubes \u00ab\u00a0Bouge de l\u00e0\u00a0\u00bb, \u00ab\u00a0Caroline\u00a0\u00bb ou \u00ab\u00a0Solaar pleure\u00a0\u00bb sur les sc\u00e8nes des plus grands festivals du pays.<\/p>\n<p>Le player Dailymotion est en train de se charger&#8230;<\/p>\n<p>\u00ab\u00a0Que \u00e7a ne tienne pas sur la longueur\u00a0\u00bb<br \/>\nA 56 ans, MC Solaar se souvient de l&rsquo;\u00e9tat d&rsquo;esprit du rap \u00e0 son \u00e9poque. \u00ab On voulait que le rap existe et, en m\u00eame temps, on tenait \u00e0 l&rsquo;\u00e9tat d\u2019esprit du rock alternatif : ne pas passer \u00e0 la t\u00e9l\u00e9, rester dans des structures ind\u00e9pendantes&#8230; On avait le sentiment qu&rsquo;on faisait partie d&rsquo;une autre soci\u00e9t\u00e9 \u00bb explique celui qui a <a href=\"https:\/\/www.chartsinfrance.net\/MC-Solaar\/news-128118.html\" target=\"_blank\" class=\"spip_out\" rel=\"nofollow noopener\">repris un tube de Gazo<\/a>, posant un regard encourageant sur la nouvelle sc\u00e8ne : \u00ab Les jeunes ont encore des choses \u00e0 dire, et ils ont aussi du style \u00bb. Citant Sexion d&rsquo;Assaut comme fer de lance d&rsquo;un rap plus familial qui a ouvert les portes, MC Solaar estime cependant que cet \u00e2ge d&rsquo;or ne devrait pas durer. <\/p>\n<p>\u00ab Quand il y a un tel rythme de production, on peut s&rsquo;attendre \u00e0 ce que \u00e7a ne tienne pas sur la longueur \u00bb explique l&rsquo;interpr\u00e8te de <a href=\"https:\/\/www.chartsinfrance.net\/MC-Solaar\/news-128172.html\" target=\"_blank\" class=\"spip_out\" rel=\"nofollow noopener\">\u00ab\u00a0Ils dansent\u00a0\u00bb<\/a>, tr\u00e8s lucide sur la situation actuelle : \u00ab Aujourd&rsquo;hui, il y a une urgence \u00e0 produire, tout va trop vite. Je ne parviens pas \u00e0 cerner tout le spectre du rap actuel \u00bb. Alors, le rap, le vrai, est-il fini ?  \u00ab Je ne suis pas si pessimiste. Certes, il y a eu de nombreuses \u00e9volutions, et il peut encore y en avoir. Mais cela ne va pas forc\u00e9ment signer la fin du mouvement. Il n&rsquo;appartient peut-\u00eatre plus au courant originel du hip-hop des d\u00e9buts, mais il est aussi fort \u00bb dit-il.<\/p>\n","protected":false},"excerpt":{"rendered":"Bestimage Werenoi, SDM, Jul, Gims, Hamza, SCH, Orelsan, PNL, Ninho, Bouss, PLK, Tiakola, Laylow&#8230; Nombreux sont les talents&hellip;\n","protected":false},"author":2,"featured_media":340772,"comment_status":"","ping_status":"","sticky":false,"template":"","format":"standard","meta":{"footnotes":""},"categories":[1355],"tags":[58,59,1011,27,1361,873],"class_list":{"0":"post-340771","1":"post","2":"type-post","3":"status-publish","4":"format-standard","5":"has-post-thumbnail","7":"category-musique","8":"tag-divertissement","9":"tag-entertainment","10":"tag-fr","11":"tag-france","12":"tag-music","13":"tag-musique"},"share_on_mastodon":{"url":"https:\/\/pubeurope.com\/@fr\/115084261431931115","error":""},"_links":{"self":[{"href":"https:\/\/www.europesays.com\/fr\/wp-json\/wp\/v2\/posts\/340771","targetHints":{"allow":["GET"]}}],"collection":[{"href":"https:\/\/www.europesays.com\/fr\/wp-json\/wp\/v2\/posts"}],"about":[{"href":"https:\/\/www.europesays.com\/fr\/wp-json\/wp\/v2\/types\/post"}],"author":[{"embeddable":true,"href":"https:\/\/www.europesays.com\/fr\/wp-json\/wp\/v2\/users\/2"}],"replies":[{"embeddable":true,"href":"https:\/\/www.europesays.com\/fr\/wp-json\/wp\/v2\/comments?post=340771"}],"version-history":[{"count":0,"href":"https:\/\/www.europesays.com\/fr\/wp-json\/wp\/v2\/posts\/340771\/revisions"}],"wp:featuredmedia":[{"embeddable":true,"href":"https:\/\/www.europesays.com\/fr\/wp-json\/wp\/v2\/media\/340772"}],"wp:attachment":[{"href":"https:\/\/www.europesays.com\/fr\/wp-json\/wp\/v2\/media?parent=340771"}],"wp:term":[{"taxonomy":"category","embeddable":true,"href":"https:\/\/www.europesays.com\/fr\/wp-json\/wp\/v2\/categories?post=340771"},{"taxonomy":"post_tag","embeddable":true,"href":"https:\/\/www.europesays.com\/fr\/wp-json\/wp\/v2\/tags?post=340771"}],"curies":[{"name":"wp","href":"https:\/\/api.w.org\/{rel}","templated":true}]}}