{"id":340773,"date":"2025-08-24T14:40:45","date_gmt":"2025-08-24T14:40:45","guid":{"rendered":"https:\/\/www.europesays.com\/fr\/340773\/"},"modified":"2025-08-24T14:40:45","modified_gmt":"2025-08-24T14:40:45","slug":"montceau-horreur-suspense-et-aventure-le-cinema-fete-les-50-ans-du-film-les-dents-de-la-mer","status":"publish","type":"post","link":"https:\/\/www.europesays.com\/fr\/340773\/","title":{"rendered":"Montceau &#8211; Horreur, suspense et aventure, le cin\u00e9ma f\u00eate les 50 ans du film \u00ab\u00a0Les dents de la mer\u00a0\u00bb"},"content":{"rendered":"<p><img fetchpriority=\"high\" decoding=\"async\" data-attachment-id=\"198606\" data-permalink=\"https:\/\/linformateurdebourgogne.com\/montceau-horreur-suspense-et-aventure-le-cinema-fete-les-50-ans-du-film-les-dents-de-la-mer\/attachment\/319611\/\" data-orig-file=\"https:\/\/linformateurdebourgogne.com\/wp-content\/uploads\/2025\/08\/319611-e1755945381402.webp\" data-orig-size=\"1097,698\" data-comments-opened=\"0\" data-image-meta=\"{&quot;aperture&quot;:&quot;0&quot;,&quot;credit&quot;:&quot;&quot;,&quot;camera&quot;:&quot;&quot;,&quot;caption&quot;:&quot;&quot;,&quot;created_timestamp&quot;:&quot;0&quot;,&quot;copyright&quot;:&quot;&quot;,&quot;focal_length&quot;:&quot;0&quot;,&quot;iso&quot;:&quot;0&quot;,&quot;shutter_speed&quot;:&quot;0&quot;,&quot;title&quot;:&quot;&quot;,&quot;orientation&quot;:&quot;0&quot;}\" data-image-title=\"319611\" data-image-description=\"\" data-image-caption=\"\" data-medium-file=\"https:\/\/linformateurdebourgogne.com\/wp-content\/uploads\/2025\/08\/319611-e1755945381402-300x191.webp\" data-large-file=\"https:\/\/linformateurdebourgogne.com\/wp-content\/uploads\/2025\/08\/319611-e1755945381402-1024x652.webp\" class=\"alignnone wp-image-198606 size-full\" src=\"https:\/\/www.europesays.com\/fr\/wp-content\/uploads\/2025\/08\/319611.webp.webp\" alt=\"\" width=\"1240\" height=\"698\"\/><\/p>\n<p><img loading=\"lazy\" decoding=\"async\" data-attachment-id=\"198513\" data-permalink=\"https:\/\/linformateurdebourgogne.com\/montceau-gym-journees-decouvertes-inscriptions-cest-la-rentree\/vide-94\/\" data-orig-file=\"https:\/\/linformateurdebourgogne.com\/wp-content\/uploads\/2025\/08\/vide-2.png\" data-orig-size=\"455,37\" data-comments-opened=\"0\" data-image-meta=\"{&quot;aperture&quot;:&quot;0&quot;,&quot;credit&quot;:&quot;&quot;,&quot;camera&quot;:&quot;&quot;,&quot;caption&quot;:&quot;&quot;,&quot;created_timestamp&quot;:&quot;0&quot;,&quot;copyright&quot;:&quot;&quot;,&quot;focal_length&quot;:&quot;0&quot;,&quot;iso&quot;:&quot;0&quot;,&quot;shutter_speed&quot;:&quot;0&quot;,&quot;title&quot;:&quot;&quot;,&quot;orientation&quot;:&quot;0&quot;}\" data-image-title=\"vide\" data-image-description=\"\" data-image-caption=\"\" data-medium-file=\"https:\/\/www.europesays.com\/fr\/wp-content\/uploads\/2025\/08\/vide-2-300x24.png\" data-large-file=\"https:\/\/linformateurdebourgogne.com\/wp-content\/uploads\/2025\/08\/vide-2.png\" class=\"alignnone size-medium wp-image-198513\" src=\"https:\/\/www.europesays.com\/fr\/wp-content\/uploads\/2025\/08\/vide-2-300x24.png\" alt=\"\" width=\"300\" height=\"24\"  \/><\/p>\n<p><strong>Revivez ou vivez le film culte de Steven Spielberg, \u00ab\u00a0Les dents de la mer\u00a0\u00bb ce dimanche 24 ao\u00fbt 2025 \u00e0 l\u2019Embarcad\u00e8re de Montceau-les-Mines \u00e0 20h30. Il sera pr\u00e9c\u00e9d\u00e9 \u00e0 18h30 de \u00ab\u00a0Dangerous animals\u00a0\u00bb. Une ambiance mordante \u00e0 12 \u20ac pour les deux films.\u00a0<\/strong><\/p>\n<p><img loading=\"lazy\" decoding=\"async\" data-attachment-id=\"198513\" data-permalink=\"https:\/\/linformateurdebourgogne.com\/montceau-gym-journees-decouvertes-inscriptions-cest-la-rentree\/vide-94\/\" data-orig-file=\"https:\/\/linformateurdebourgogne.com\/wp-content\/uploads\/2025\/08\/vide-2.png\" data-orig-size=\"455,37\" data-comments-opened=\"0\" data-image-meta=\"{&quot;aperture&quot;:&quot;0&quot;,&quot;credit&quot;:&quot;&quot;,&quot;camera&quot;:&quot;&quot;,&quot;caption&quot;:&quot;&quot;,&quot;created_timestamp&quot;:&quot;0&quot;,&quot;copyright&quot;:&quot;&quot;,&quot;focal_length&quot;:&quot;0&quot;,&quot;iso&quot;:&quot;0&quot;,&quot;shutter_speed&quot;:&quot;0&quot;,&quot;title&quot;:&quot;&quot;,&quot;orientation&quot;:&quot;0&quot;}\" data-image-title=\"vide\" data-image-description=\"\" data-image-caption=\"\" data-medium-file=\"https:\/\/www.europesays.com\/fr\/wp-content\/uploads\/2025\/08\/vide-2-300x24.png\" data-large-file=\"https:\/\/linformateurdebourgogne.com\/wp-content\/uploads\/2025\/08\/vide-2.png\" class=\"alignnone size-medium wp-image-198513\" src=\"https:\/\/www.europesays.com\/fr\/wp-content\/uploads\/2025\/08\/vide-2-300x24.png\" alt=\"\" width=\"300\" height=\"24\"  \/><\/p>\n<p>\u00ab\u00a0Les dents de la mer\u00a0\u00bb est un film culte qui, il y a 50 ans, a ouvert la voie au thriller qui m\u00e9lange horreur, suspense et aventure, bas\u00e9 sur le roman \u00e9ponyme de Peter Benchley, publi\u00e9 en 1974. La bande originale, compos\u00e9e par John Williams, est devenue mythique. Le th\u00e8me principal (deux notes r\u00e9p\u00e9t\u00e9es) est d\u00e9sormais synonyme de danger imminent, particuli\u00e8rement sous l\u2019eau.<\/p>\n<p><img loading=\"lazy\" decoding=\"async\" data-attachment-id=\"198513\" data-permalink=\"https:\/\/linformateurdebourgogne.com\/montceau-gym-journees-decouvertes-inscriptions-cest-la-rentree\/vide-94\/\" data-orig-file=\"https:\/\/linformateurdebourgogne.com\/wp-content\/uploads\/2025\/08\/vide-2.png\" data-orig-size=\"455,37\" data-comments-opened=\"0\" data-image-meta=\"{&quot;aperture&quot;:&quot;0&quot;,&quot;credit&quot;:&quot;&quot;,&quot;camera&quot;:&quot;&quot;,&quot;caption&quot;:&quot;&quot;,&quot;created_timestamp&quot;:&quot;0&quot;,&quot;copyright&quot;:&quot;&quot;,&quot;focal_length&quot;:&quot;0&quot;,&quot;iso&quot;:&quot;0&quot;,&quot;shutter_speed&quot;:&quot;0&quot;,&quot;title&quot;:&quot;&quot;,&quot;orientation&quot;:&quot;0&quot;}\" data-image-title=\"vide\" data-image-description=\"\" data-image-caption=\"\" data-medium-file=\"https:\/\/www.europesays.com\/fr\/wp-content\/uploads\/2025\/08\/vide-2-300x24.png\" data-large-file=\"https:\/\/linformateurdebourgogne.com\/wp-content\/uploads\/2025\/08\/vide-2.png\" class=\"alignnone size-medium wp-image-198513\" src=\"https:\/\/www.europesays.com\/fr\/wp-content\/uploads\/2025\/08\/vide-2-300x24.png\" alt=\"\" width=\"300\" height=\"24\"  \/><br \/>\n<strong data-start=\"304\" data-end=\"330\">R\u00e9sum\u00e9 de l\u2019histoire :<\/strong><\/p>\n<p data-start=\"332\" data-end=\"621\">Sur l\u2019\u00eele d\u2019Amity, une station baln\u00e9aire tranquille, une jeune femme est attaqu\u00e9e et tu\u00e9e par un requin pendant une baignade nocturne. Le chef de la police, Martin Brody, veut fermer les plages, mais le maire s\u2019y oppose, craignant pour la saison touristique. D\u2019autres attaques suivent\u2026<\/p>\n<p data-start=\"623\" data-end=\"849\">Brody d\u00e9cide alors de partir en mer pour tuer le requin avec l\u2019aide d\u2019un biologiste marin, Matt Hooper, et d\u2019un chasseur de requins bourru, Quint. S\u2019ensuit une chasse haletante contre un grand requin blanc gigantesque.<\/p>\n<p><img loading=\"lazy\" decoding=\"async\" data-attachment-id=\"198513\" data-permalink=\"https:\/\/linformateurdebourgogne.com\/montceau-gym-journees-decouvertes-inscriptions-cest-la-rentree\/vide-94\/\" data-orig-file=\"https:\/\/linformateurdebourgogne.com\/wp-content\/uploads\/2025\/08\/vide-2.png\" data-orig-size=\"455,37\" data-comments-opened=\"0\" data-image-meta=\"{&quot;aperture&quot;:&quot;0&quot;,&quot;credit&quot;:&quot;&quot;,&quot;camera&quot;:&quot;&quot;,&quot;caption&quot;:&quot;&quot;,&quot;created_timestamp&quot;:&quot;0&quot;,&quot;copyright&quot;:&quot;&quot;,&quot;focal_length&quot;:&quot;0&quot;,&quot;iso&quot;:&quot;0&quot;,&quot;shutter_speed&quot;:&quot;0&quot;,&quot;title&quot;:&quot;&quot;,&quot;orientation&quot;:&quot;0&quot;}\" data-image-title=\"vide\" data-image-description=\"\" data-image-caption=\"\" data-medium-file=\"https:\/\/www.europesays.com\/fr\/wp-content\/uploads\/2025\/08\/vide-2-300x24.png\" data-large-file=\"https:\/\/linformateurdebourgogne.com\/wp-content\/uploads\/2025\/08\/vide-2.png\" class=\"alignnone size-medium wp-image-198513\" src=\"https:\/\/www.europesays.com\/fr\/wp-content\/uploads\/2025\/08\/vide-2-300x24.png\" alt=\"\" width=\"300\" height=\"24\"  \/><\/p>\n<p>\u00a0<\/p>\n<tr>\n<td bgcolor=\"#fff\">\n<p>Il y a\u00a0<strong>50 ans<\/strong>, en\u00a0<strong>juin 1975<\/strong>, le cin\u00e9ma vivait une r\u00e9volution. Un jeune r\u00e9alisateur alors peu connu,\u00a0<strong>Steven Spielberg<\/strong>, jetait un pav\u00e9 gigantesque dans la mer du divertissement hollywoodien avec\u00a0<strong>LES DENTS DE LA MER<\/strong>. Aujourd\u2019hui,\u00a0<strong>son ombre plane toujours sur les plages, les salles obscures\u2026 et notre imaginaire collectif<\/strong>.<\/p>\n<p>\u00a0<\/p>\n<p>A cette occasion votre cin\u00e9ma l\u2019Embarcad\u00e8re vous propose une soir\u00e9e avec deux films, une ambiance mordante, et 50 ans de frissons \u00e0 c\u00e9l\u00e9brer !<\/p>\n<p><strong>\u00c0 18h30 \u2013 DANGEROUS ANIMALS\u00a0<\/strong>(interdit aux -12 ans)<\/p>\n<p>Un monstre marin s\u00e8me la terreur sur les c\u00f4tes\u2026 Du sang, du suspense et des nageoires aff\u00fbt\u00e9es dans ce tout nouveau survival aquatique !<\/p>\n<p><strong>\u00c0 20h30 \u2013 LES DENTS DE LA MER\u00a0<\/strong>(interdit aux -12 ans)<\/p>\n<p>Le classique culte de Spielberg f\u00eate ses 50 ans ! Un requin g\u00e9ant, une petite ville en panique, une bande-son inoubliable\u2026 et le film qui a invent\u00e9 le blockbuster.<\/p>\n<p><strong>Formule 2 films = 12\u20ac seulement<\/strong><\/p>\n<p><strong>Films interdits aux moins de 12 ans\u00a0<\/strong><\/p>\n<\/td>\n<\/tr>\n<tr>\n<td bgcolor=\"#fff\"><a target=\"_blank\" href=\"https:\/\/tipi.cotecine.fr\/c?q=lbDESiqZ72JrSHnXzFbDmkMA2gBgaHR0cHM6Ly93d3cuY2luZW1hcy1wYW5hY2VhLmZyL21vbnRjZWF1LWVtYmFyY2FkZXJlL2V2ZW5lbWVudC8yMTg4NDk1LTUwLWFucy1sZXMtZGVudHMtZGUtbGEtbWVyrGf4zN_C3AE-nTP3PqxoqUtMLDcrSXN6lE-wdGlwaS5jb3RlY2luZS5mcg\" rel=\"noopener nofollow\"><img loading=\"lazy\" decoding=\"async\" src=\"https:\/\/www.europesays.com\/fr\/wp-content\/uploads\/2025\/08\/unnamed-20250822-220927.jpg\" alt=\"affiche\" width=\"600\" height=\"601\"\/><\/a><\/td>\n<\/tr>\n<tr>\n<td bgcolor=\"#fff\">\nProgrammation du mercredi 20 au mardi 26 ao\u00fbt 2025<\/p>\n<\/td>\n<\/tr>\n<p>J\u2019aime \u00e7a\u00a0:<\/p>\n<p>J\u2019aime chargement\u2026<\/p>\n<p><a class=\"sd-link-color\"\/><\/p>\n<p>\n\tArticles similaires\n<\/p>\n<p>\t\t\t\t\t\t <a href=\"https:\/\/linformateurdebourgogne.com\/montceau-horreur-suspense-et-aventure-le-cinema-fete-les-50-ans-du-film-les-dents-de-la-mer\/\" title=\"Lien vers  Montceau \u2013 Horreur, suspense et aventure, le cin\u00e9ma f\u00eate les 50 ans du film \u00ab\u00a0Les dents de la mer\u00a0\u00bb\" rel=\"bookmark nofollow noopener\" target=\"_blank\"> Favori<\/a>.\t\t\t\t\t\t\t\t\t\t\t<\/p>\n","protected":false},"excerpt":{"rendered":"Revivez ou vivez le film culte de Steven Spielberg, \u00ab\u00a0Les dents de la mer\u00a0\u00bb ce dimanche 24 ao\u00fbt&hellip;\n","protected":false},"author":2,"featured_media":340774,"comment_status":"","ping_status":"","sticky":false,"template":"","format":"standard","meta":{"footnotes":""},"categories":[1354],"tags":[58,59,1346,1011,27,1360],"class_list":{"0":"post-340773","1":"post","2":"type-post","3":"status-publish","4":"format-standard","5":"has-post-thumbnail","7":"category-films","8":"tag-divertissement","9":"tag-entertainment","10":"tag-films","11":"tag-fr","12":"tag-france","13":"tag-movies"},"share_on_mastodon":{"url":"https:\/\/pubeurope.com\/@fr\/115084265215618836","error":""},"_links":{"self":[{"href":"https:\/\/www.europesays.com\/fr\/wp-json\/wp\/v2\/posts\/340773","targetHints":{"allow":["GET"]}}],"collection":[{"href":"https:\/\/www.europesays.com\/fr\/wp-json\/wp\/v2\/posts"}],"about":[{"href":"https:\/\/www.europesays.com\/fr\/wp-json\/wp\/v2\/types\/post"}],"author":[{"embeddable":true,"href":"https:\/\/www.europesays.com\/fr\/wp-json\/wp\/v2\/users\/2"}],"replies":[{"embeddable":true,"href":"https:\/\/www.europesays.com\/fr\/wp-json\/wp\/v2\/comments?post=340773"}],"version-history":[{"count":0,"href":"https:\/\/www.europesays.com\/fr\/wp-json\/wp\/v2\/posts\/340773\/revisions"}],"wp:featuredmedia":[{"embeddable":true,"href":"https:\/\/www.europesays.com\/fr\/wp-json\/wp\/v2\/media\/340774"}],"wp:attachment":[{"href":"https:\/\/www.europesays.com\/fr\/wp-json\/wp\/v2\/media?parent=340773"}],"wp:term":[{"taxonomy":"category","embeddable":true,"href":"https:\/\/www.europesays.com\/fr\/wp-json\/wp\/v2\/categories?post=340773"},{"taxonomy":"post_tag","embeddable":true,"href":"https:\/\/www.europesays.com\/fr\/wp-json\/wp\/v2\/tags?post=340773"}],"curies":[{"name":"wp","href":"https:\/\/api.w.org\/{rel}","templated":true}]}}