{"id":340779,"date":"2025-08-24T14:43:11","date_gmt":"2025-08-24T14:43:11","guid":{"rendered":"https:\/\/www.europesays.com\/fr\/340779\/"},"modified":"2025-08-24T14:43:11","modified_gmt":"2025-08-24T14:43:11","slug":"lactrice-lila-salet-a-porte-plainte-contre-jean-imbert-pour-violences-conjugales","status":"publish","type":"post","link":"https:\/\/www.europesays.com\/fr\/340779\/","title":{"rendered":"L\u2019actrice Lila Salet a port\u00e9 plainte contre Jean Imbert pour violences conjugales"},"content":{"rendered":"<p> Alexandra Rosenfeld d\u00e9nonce l\u2019emprise de Jean Imbert quatre mois apr\u00e8s avoir t\u00e9moign\u00e9 anonymement <\/p>\n<p>                                 <img decoding=\"async\" loading=\"lazy\" src=\"https:\/\/www.europesays.com\/fr\/wp-content\/uploads\/2025\/08\/1756046591_412_8d7d3bc_upload-1-2i6q2mqqq0er-gettyimages-1410169367.jpg\"  width=\"640\" height=\"auto\" alt=\"PARIS, FRANCE - 04\/23\/2022: Miss France 2006 and Miss Europe 2006, Alexandra Rosenfeld poses during a portrait session in Paris, France on 04\/23\/2022. (Photo by Eric Fougere\/Corbis via Getty Images)\" title=\"PARIS, FRANCE - 04\/23\/2022: Miss France 2006 and Miss Europe 2006, Alexandra Rosenfeld poses during a portrait session in Paris, France on 04\/23\/2022. (Photo by Eric Fougere\/Corbis via Getty Images)\"\/>          Eric Fougere &#8211; Corbis \/ Corbis via Getty Images   PARIS, FRANCE &#8211; 04\/23\/2022: Miss France 2006 and Miss Europe 2006, Alexandra Rosenfeld poses during a portrait session in Paris, France on 04\/23\/2022. (Photo by Eric Fougere\/Corbis via Getty Images)         <\/p>\n<p> Alexandra Rosenfeld, ici en avril 2022, accuse son ancien compagnon Jean Imbert de violence.  <\/p>\n<p>VIOLENCES SEXISTES &#8211; \u00ab\u00a0Je ne suis pas \u00c9l\u00e9onore, je suis Alexandra. Et maintenant, je parle.\u00a0\u00bb C\u2019est sur son compte Instagram <a href=\"https:\/\/www.huffingtonpost.fr\/life\/article\/alexandra-rosenfeld-a-bien-ri-du-message-haineux-de-cet-internaute_168234.html\" target=\"_blank\" rel=\"noopener\">qu\u2019Alexandra Rosenfeld<\/a> a choisi de prendre la parole. Dans un post publi\u00e9 ce mardi\u00a019\u00a0ao\u00fbt\u00a02025, l\u2019ancienne Miss France est sortie de l\u2019anonymat sous lequel elle avait t\u00e9moign\u00e9 contre son ex-conjoint <a href=\"https:\/\/www.huffingtonpost.fr\/france\/article\/lila-salet-ex-compagne-de-jean-imbert-temoigne-sur-instagram-t-es-une-enflure-qui-frappe-les-femmes_249184.html\" target=\"_blank\" rel=\"noopener\">Jean Imbert<\/a>, accus\u00e9 de violences par plusieurs de ses anciennes compagnes.<\/p>\n<p>Dans une<a href=\"https:\/\/www.elle.fr\/Societe\/Les-enquetes\/Exclusif-quatre-ex-compagnes-de-Jean-Imbert-temoignent-de-violences-conjugales-4342334\" target=\"_blank\" rel=\"noopener\"> enqu\u00eate publi\u00e9e par Elle<\/a> en avril\u00a02025, trois femmes affirmaient avoir subi des \u00ab\u00a0violences psychologiques et, pour certaines, physiques\u00a0\u00bb, tandis qu\u2019une quatri\u00e8me confirmait des comportements jaloux et des d\u00e9nigrements.<\/p>\n<p>Dans l\u2019article, Alexandra Rosenfeld apparaissait sous le pseudonyme d\u2019\u00c9l\u00e9onore. Quatre mois plus tard, elle a d\u00e9sormais choisi de t\u00e9moigner publiquement.<\/p>\n<blockquote class=\"instagram-media\" data-instgrm-captioned=\"\" data-instgrm-permalink=\"https:\/\/www.instagram.com\/p\/DNiI2ldMuD3\/?utm_source=ig_embed&amp;utm_campaign=loading\" data-instgrm-version=\"14\" style=\" background:#FFF; border:0; border-radius:3px; box-shadow:0 0 1px 0 rgba(0,0,0,0.5),0 1px 10px 0 rgba(0,0,0,0.15); margin: 1px; max-width:658px; min-width:326px; padding:0; width:99.375%; width:-webkit-calc(100% - 2px); width:calc(100% - 2px);\"\/><p>\n       \u00ab\u00a0L\u2019emprise\u00a0\u00bb      <\/p>\n<p>Sur son post, la premi\u00e8re image est la photographie d\u2019un compte rendu m\u00e9dical. \u00ab\u00a0Traumatisme par choc direct\u00a0\u00bb, peut-on lire, suivi de \u00ab\u00a0fracture des os propres du nez\u00a0\u00bb. Celui qu\u2019elle accuse n\u2019est pas nomm\u00e9, mais les informations suffisent \u00e0 comprendre de qui il s\u2019agit.<\/p>\n<p>\u00ab\u00a0Il y a plus de dix ans, j\u2019\u00e9tais avec quelqu\u2019un. Il m\u2019a mis un coup de t\u00eate, une fois\u00a0\u00bb, \u00e9crit la trentenaire, avant de d\u00e9crire \u00ab\u00a0les m\u00e9pris, les rabaissements, les silences, les mots parfaitement plac\u00e9s pour me faire douter de moi, de ma valeur\u00a0\u00bb, avant de mettre un mot sur sa situation\u00a0: \u00ab\u00a0l\u2019emprise\u00a0\u00bb. \u00ab\u00a0Je ne savais m\u00eame pas que \u00e7a s\u2019appelait comme \u00e7a\u00a0\u00bb, ajoute-t-elle.<\/p>\n<p>Plus loin dans le carrousel, Alexandra Rosenfeld revient sur son t\u00e9moignage dans la presse, et les raisons qui l\u2019ont amen\u00e9e \u00e0 s\u2019exprimer. \u00ab\u00a0Il y a quelques mois, des journalistes m\u2019ont appel\u00e9e. Trois femmes racontaient des choses&#8230; que j\u2019aurais pu \u00e9crire. Mais vraiment, mot pour mot. [&#8230;] Elles parlaient de lui&#8230; Et de ce qu\u2019il avait continu\u00e9 \u00e0 faire bien apr\u00e8s moi. [&#8230;] Je savais qu\u2019elles disaient vrai. Et je savais qu\u2019elles risquaient de ne pas \u00eatre crues\u00a0\u00bb.<\/p>\n<p>      Alexandra Rosenfeld accuse Jean Imbert de mensonge      <\/p>\n<p>\u00ab\u00a0On m\u2019a appel\u00e9e \u00c9l\u00e9onore, poursuit-elle. Ce pr\u00e9nom \u00e9tait faux, mais ce que j\u2019ai dit \u00e9tait vrai.\u00a0\u00bb Dans l\u2019article, elle revient sur ce coup de t\u00eate mentionn\u00e9 dans son post Instagram, qui aurait eu lieu alors qu\u2019elle \u00e9changeait avec son ex-conjoint. Aupr\u00e8s des journalistes, un t\u00e9moin a confirm\u00e9 la sc\u00e8ne. Le chef, interrog\u00e9 dans le cadre de l\u2019article de Elle, a r\u00e9pondu que cette sc\u00e8ne \u00e9tait intervenue \u00ab\u00a0dans un moment de violences subies par Jean Imbert, alors qu\u2019il \u00e9tait empoign\u00e9 par \u00c9l\u00e9onore, et qu\u2019il s\u2019en d\u00e9gageait. Il en regrette profond\u00e9ment les cons\u00e9quences pour elle\u00a0\u00bb. \u00ab\u00a0Ce qu\u2019il a r\u00e9pondu est faux\u00a0\u00bb, affirme Alexandra Rosenfeld dans son post.<\/p>\n<p>Face aux questions qu\u2019on ass\u00e8ne souvent aux victimes de violences conjugales qui prennent la parole &#8211; \u00ab\u00a0Pourquoi elles parlent maintenant\u00a0? Pourquoi elles sont rest\u00e9es\u00a0? Elle veut se faire remarquer\u00a0?\u00a0\u00bb -, la chroniqueuse a pr\u00e9par\u00e9 des r\u00e9ponses\u00a0: \u00ab\u00a0Je parle maintenant parce que j\u2019ai mis du temps \u00e0 gu\u00e9rir. Je suis rest\u00e9e parce que j\u2019\u00e9tais sous emprise. Et je ne cherche rien \u00e0 gagner &#8211; juste la paix et \u00eatre en accord avec moi-m\u00eame\u00a0\u00bb. Sous son post, de nombreux commentaires expriment leur soutien.<\/p>\n<p>                <script async src=\"\/\/www.instagram.com\/embed.js\"><\/script><\/p>\n","protected":false},"excerpt":{"rendered":"Alexandra Rosenfeld d\u00e9nonce l\u2019emprise de Jean Imbert quatre mois apr\u00e8s avoir t\u00e9moign\u00e9 anonymement Eric Fougere &#8211; Corbis \/&hellip;\n","protected":false},"author":2,"featured_media":144988,"comment_status":"","ping_status":"","sticky":false,"template":"","format":"standard","meta":{"footnotes":""},"categories":[8],"tags":[58,59,118,1011,27,13518,303,2634,13570],"class_list":{"0":"post-340779","1":"post","2":"type-post","3":"status-publish","4":"format-standard","5":"has-post-thumbnail","7":"category-divertissement","8":"tag-divertissement","9":"tag-entertainment","10":"tag-faits-divers","11":"tag-fr","12":"tag-france","13":"tag-jean-imbert","14":"tag-justice","15":"tag-plainte","16":"tag-violences-conjuguales"},"share_on_mastodon":{"url":"https:\/\/pubeurope.com\/@fr\/115084276789081405","error":""},"_links":{"self":[{"href":"https:\/\/www.europesays.com\/fr\/wp-json\/wp\/v2\/posts\/340779","targetHints":{"allow":["GET"]}}],"collection":[{"href":"https:\/\/www.europesays.com\/fr\/wp-json\/wp\/v2\/posts"}],"about":[{"href":"https:\/\/www.europesays.com\/fr\/wp-json\/wp\/v2\/types\/post"}],"author":[{"embeddable":true,"href":"https:\/\/www.europesays.com\/fr\/wp-json\/wp\/v2\/users\/2"}],"replies":[{"embeddable":true,"href":"https:\/\/www.europesays.com\/fr\/wp-json\/wp\/v2\/comments?post=340779"}],"version-history":[{"count":0,"href":"https:\/\/www.europesays.com\/fr\/wp-json\/wp\/v2\/posts\/340779\/revisions"}],"wp:featuredmedia":[{"embeddable":true,"href":"https:\/\/www.europesays.com\/fr\/wp-json\/wp\/v2\/media\/144988"}],"wp:attachment":[{"href":"https:\/\/www.europesays.com\/fr\/wp-json\/wp\/v2\/media?parent=340779"}],"wp:term":[{"taxonomy":"category","embeddable":true,"href":"https:\/\/www.europesays.com\/fr\/wp-json\/wp\/v2\/categories?post=340779"},{"taxonomy":"post_tag","embeddable":true,"href":"https:\/\/www.europesays.com\/fr\/wp-json\/wp\/v2\/tags?post=340779"}],"curies":[{"name":"wp","href":"https:\/\/api.w.org\/{rel}","templated":true}]}}