{"id":340780,"date":"2025-08-24T14:44:10","date_gmt":"2025-08-24T14:44:10","guid":{"rendered":"https:\/\/www.europesays.com\/fr\/340780\/"},"modified":"2025-08-24T14:44:10","modified_gmt":"2025-08-24T14:44:10","slug":"eclipse-solaire-ca-va-bruler-les-yeux-decouvrez-ou-la-france-sera-eblouie-ou-decue-en-aout-2025","status":"publish","type":"post","link":"https:\/\/www.europesays.com\/fr\/340780\/","title":{"rendered":"\u00c9clipse solaire : \u00ab \u00c7a va br\u00fbler les yeux ! \u00bb D\u00e9couvrez o\u00f9 la France sera \u00e9blouie ou d\u00e9\u00e7ue en ao\u00fbt 2025"},"content":{"rendered":"<tr>\n<td><strong>EN BREF<\/strong><\/td>\n<\/tr>\n<tr>\n<td>\n<ul>\n<li>\ud83c\udf18 <strong>Aucune \u00e9clipse solaire<\/strong> n\u2019aura lieu le 2 ao\u00fbt 2025.<\/li>\n<li>\ud83d\uddd3\ufe0f La prochaine \u00e9clipse totale se produira le <strong>2 ao\u00fbt 2027<\/strong>, visible en partie depuis le sud de la France.<\/li>\n<li>\ud83d\udce2 La rumeur de 2025 est une <strong>fausse information<\/strong> largement diffus\u00e9e sur les r\u00e9seaux sociaux.<\/li>\n<li>\ud83d\udd2d Observer une \u00e9clipse n\u00e9cessite des <strong>pr\u00e9cautions<\/strong> pour prot\u00e9ger ses yeux.<\/li>\n<\/ul>\n<\/td>\n<\/tr>\n<p>Depuis quelques jours, une rumeur se r\u00e9pand comme une tra\u00een\u00e9e de poudre sur les r\u00e9seaux sociaux : une \u00e9clipse solaire serait pr\u00e9vue pour le 2 ao\u00fbt 2025, visible depuis la France. Cependant, les faits semblent indiquer le contraire. Des sp\u00e9cialistes en astronomie et des sources fiables permettent de clarifier la situation. Cet article vise \u00e0 d\u00e9m\u00ealer le vrai du faux autour de cette pr\u00e9tendue \u00e9clipse solaire, en s\u2019appuyant sur des informations v\u00e9rifi\u00e9es et des analyses d\u2019experts.<\/p>\n<p>Les affirmations erron\u00e9es autour de la date du 2 ao\u00fbt 2025<\/p>\n<p>Il n\u2019y aura pas d\u2019\u00e9clipse solaire le 2 ao\u00fbt 2025, contrairement aux rumeurs qui circulent. Cette confusion provient d\u2019une erreur, un m\u00e9lange de dates qui a sem\u00e9 le trouble. En r\u00e9alit\u00e9, la prochaine grande \u00e9clipse solaire totale aura lieu le 2 ao\u00fbt 2027. Cette information a \u00e9t\u00e9 confirm\u00e9e par des experts en astronomie qui ont soulign\u00e9 l\u2019absence de tout \u00e9v\u00e9nement similaire pour 2025. Ainsi, les attentes pour cette date sont bas\u00e9es sur des informations incorrectes.<\/p>\n<p>La confusion pourrait \u00eatre due \u00e0 une mauvaise interpr\u00e9tation des calendriers astronomiques ou \u00e0 une propagation rapide de fausses nouvelles sur les r\u00e9seaux sociaux. Dans le monde interconnect\u00e9 d\u2019aujourd\u2019hui, les informations se diffusent rapidement, mais elles ne sont pas toujours exactes. D\u2019o\u00f9 l\u2019importance de v\u00e9rifier les faits avant de les diffuser plus largement.<\/p>\n<blockquote class=\"wp-embedded-content\" data-secret=\"KQT5It2nn7\">\n<p><a href=\"https:\/\/www.innovant.fr\/2025\/08\/17\/monstre-cosmique-en-approche-un-trou-noir-600000-fois-plus-massif-que-notre-soleil-menace-notre-galaxie-entiere\/\" rel=\"nofollow noopener\" target=\"_blank\">\u00ab Monstre cosmique en approche \u00bb : un trou noir 600000 fois plus massif que notre Soleil menace notre galaxie enti\u00e8re<\/a><\/p>\n<\/blockquote>\n<p>La v\u00e9ritable \u00e9clipse solaire du 2 ao\u00fbt 2027<\/p>\n<p>La prochaine \u00e9clipse solaire totale pr\u00e9vue aura lieu le 2 ao\u00fbt 2027. Ce sera un \u00e9v\u00e9nement rare et spectaculaire, visible principalement en Afrique du Nord, au Moyen-Orient et dans certaines parties de l\u2019Europe du Sud. La France ne sera que partiellement touch\u00e9e, principalement dans ses r\u00e9gions m\u00e9ridionales. Les amateurs d\u2019astronomie et les curieux seront sans doute nombreux \u00e0 se d\u00e9placer pour observer ce ph\u00e9nom\u00e8ne.<\/p>\n<p>Les \u00e9clipses solaires totales sont rares et attirent l\u2019attention des chercheurs et du grand public. Elles offrent une opportunit\u00e9 unique d\u2019\u00e9tudier certains aspects de l\u2019astronomie, notamment la couronne solaire. En 2027, cet \u00e9v\u00e9nement sera particuli\u00e8rement suivi, avec des pr\u00e9parations d\u00e9j\u00e0 en cours pour accueillir le public dans les meilleures conditions possibles.<\/p>\n<blockquote class=\"wp-embedded-content\" data-secret=\"eqerm1UPNd\">\n<p><a href=\"https:\/\/www.innovant.fr\/2025\/07\/30\/le-2-aout-le-ciel-sassombrira-mais-pas-tout-de-suite-une-eclipse-impressionnante-arrive-pourtant-ce-nest-pas-pour-tout-de-suite-selon-les-astronomes-impatients\/\" rel=\"nofollow noopener\" target=\"_blank\">Le 2 ao\u00fbt le ciel s\u2019assombrira \u00ab mais pas tout de suite \u00bb une \u00e9clipse impressionnante arrive pourtant ce n\u2019est pas pour tout de suite selon les astronomes impatients<\/a><\/p>\n<\/blockquote>\n<p>Impact des fausses informations sur la perception du public<\/p>\n<p>La propagation rapide des fausses informations sur une \u00e9clipse solaire inexistante souligne un probl\u00e8me majeur dans notre soci\u00e9t\u00e9 actuelle. Les rumeurs non v\u00e9rifi\u00e9es peuvent influencer la perception du public et cr\u00e9er des attentes non fond\u00e9es. Les r\u00e9seaux sociaux, bien qu\u2019outils puissants de partage d\u2019informations, sont \u00e9galement des vecteurs de d\u00e9sinformation lorsqu\u2019ils ne sont pas utilis\u00e9s avec discernement.<\/p>\n<p>Les cons\u00e9quences de ces fausses nouvelles peuvent aller au-del\u00e0 de la simple d\u00e9ception. Elles peuvent aussi nuire \u00e0 la cr\u00e9dibilit\u00e9 des sources d\u2019information et des experts. Il est donc essentiel de promouvoir une v\u00e9rification rigoureuse des informations avant leur diffusion, et d\u2019encourager le public \u00e0 s\u2019informer aupr\u00e8s de sources fiables et reconnues.<\/p>\n<blockquote class=\"wp-embedded-content\" data-secret=\"uRhetNkAMV\">\n<p><a href=\"https:\/\/www.innovant.fr\/2025\/04\/10\/oui-jai-achete-50-avis-google-et-mon-chiffre-daffaires-a-double-la-methode-hallucinante-dacheter-des-fans-com-pour-la-reputation-en-ligne-sur-google\/\" rel=\"nofollow noopener\" target=\"_blank\">\u00ab Oui, j\u2019ai achet\u00e9 50 avis Google et mon chiffre d\u2019affaires a doubl\u00e9 \u00bb : la m\u00e9thode hallucinante d\u2019Acheter-des-Fans.com pour la r\u00e9putation en ligne sur Google<\/a><\/p>\n<\/blockquote>\n<p>Comment se pr\u00e9parer \u00e0 observer une \u00e9clipse solaire<\/p>\n<p>Observer une \u00e9clipse solaire est une exp\u00e9rience fascinante, mais elle n\u00e9cessite des pr\u00e9cautions. Il est crucial de prot\u00e9ger ses yeux avec des lunettes sp\u00e9ciales qui filtrent les rayons nocifs du soleil. Ne jamais regarder directement le soleil sans protection ad\u00e9quate. Pour ceux qui souhaitent photographier l\u2019\u00e9v\u00e9nement, l\u2019utilisation de filtres solaires sur les appareils photo est recommand\u00e9e.<\/p>\n<p>En vue de l\u2019\u00e9clipse solaire totale de 2027, il peut \u00eatre utile de se renseigner sur les meilleurs endroits pour l\u2019observation. Certaines organisations proposent des voyages sp\u00e9ciaux vers les zones o\u00f9 l\u2019\u00e9clipse sera la plus visible. Ces \u00e9v\u00e9nements sont aussi l\u2019occasion de sensibiliser le public aux merveilles de l\u2019astronomie et d\u2019encourager les vocations scientifiques.<\/p>\n<p>L\u2019annonce erron\u00e9e d\u2019une \u00e9clipse solaire en 2025 rappelle l\u2019importance de v\u00e9rifier les informations avant de les diffuser. Alors que la v\u00e9ritable \u00e9clipse de 2027 promet d\u2019\u00eatre un spectacle \u00e0 ne pas manquer, quelles le\u00e7ons pouvons-nous tirer sur la gestion de l\u2019information et la sensibilisation du public aux ph\u00e9nom\u00e8nes astronomiques ?<\/p>\n<p>Cet article s\u2019appuie sur des sources v\u00e9rifi\u00e9es et l\u2019assistance de technologies \u00e9ditoriales.<\/p>\n<p id=\"rating\">\u00c7a vous a plu ?\u00a04.5\/5 (28)<\/p>\n","protected":false},"excerpt":{"rendered":"EN BREF \ud83c\udf18 Aucune \u00e9clipse solaire n\u2019aura lieu le 2 ao\u00fbt 2025. \ud83d\uddd3\ufe0f La prochaine \u00e9clipse totale se&hellip;\n","protected":false},"author":2,"featured_media":340781,"comment_status":"","ping_status":"","sticky":false,"template":"","format":"standard","meta":{"footnotes":""},"categories":[7],"tags":[1011,27,43,40,41,39,42,44],"class_list":{"0":"post-340780","1":"post","2":"type-post","3":"status-publish","4":"format-standard","5":"has-post-thumbnail","7":"category-sciences-et-technologies","8":"tag-fr","9":"tag-france","10":"tag-science","11":"tag-science-and-technology","12":"tag-sciences","13":"tag-sciences-et-technologies","14":"tag-technologies","15":"tag-technology"},"share_on_mastodon":{"url":"https:\/\/pubeurope.com\/@fr\/115084280738620681","error":""},"_links":{"self":[{"href":"https:\/\/www.europesays.com\/fr\/wp-json\/wp\/v2\/posts\/340780","targetHints":{"allow":["GET"]}}],"collection":[{"href":"https:\/\/www.europesays.com\/fr\/wp-json\/wp\/v2\/posts"}],"about":[{"href":"https:\/\/www.europesays.com\/fr\/wp-json\/wp\/v2\/types\/post"}],"author":[{"embeddable":true,"href":"https:\/\/www.europesays.com\/fr\/wp-json\/wp\/v2\/users\/2"}],"replies":[{"embeddable":true,"href":"https:\/\/www.europesays.com\/fr\/wp-json\/wp\/v2\/comments?post=340780"}],"version-history":[{"count":0,"href":"https:\/\/www.europesays.com\/fr\/wp-json\/wp\/v2\/posts\/340780\/revisions"}],"wp:featuredmedia":[{"embeddable":true,"href":"https:\/\/www.europesays.com\/fr\/wp-json\/wp\/v2\/media\/340781"}],"wp:attachment":[{"href":"https:\/\/www.europesays.com\/fr\/wp-json\/wp\/v2\/media?parent=340780"}],"wp:term":[{"taxonomy":"category","embeddable":true,"href":"https:\/\/www.europesays.com\/fr\/wp-json\/wp\/v2\/categories?post=340780"},{"taxonomy":"post_tag","embeddable":true,"href":"https:\/\/www.europesays.com\/fr\/wp-json\/wp\/v2\/tags?post=340780"}],"curies":[{"name":"wp","href":"https:\/\/api.w.org\/{rel}","templated":true}]}}