{"id":340782,"date":"2025-08-24T14:45:12","date_gmt":"2025-08-24T14:45:12","guid":{"rendered":"https:\/\/www.europesays.com\/fr\/340782\/"},"modified":"2025-08-24T14:45:12","modified_gmt":"2025-08-24T14:45:12","slug":"il-y-avait-quelque-chose-en-feu-dans-lallee-un-vol-damerican-airlines-deroute-apres-un-incendie-en-plein-vol","status":"publish","type":"post","link":"https:\/\/www.europesays.com\/fr\/340782\/","title":{"rendered":"\u00ab\u00a0Il y avait quelque chose en feu dans l\u2019all\u00e9e\u00a0\u00bb\u00a0: un vol d\u2019American Airlines d\u00e9rout\u00e9 apr\u00e8s un incendie en plein vol"},"content":{"rendered":"<p class=\"paragraph text_align_left lp-f-body-02\">Grosse frayeur \u00e0 bord d\u2019un vol American Airlines samedi. <a href=\"https:\/\/www.leparisien.fr\/faits-divers\/un-grand-boom-un-avion-boeing-737-max-8-prend-feu-avant-de-decoller-a-denver-les-173-passagers-evacues-par-les-toboggans-27-07-2025-BV3W3XE4IRGYBJABJVIX5HGRPY.php\" target=\"_self\" rel=\"nofollow noopener\">Un incendie<\/a> s\u2019est d\u00e9clar\u00e9 en plein vol dans l\u2019appareil qui reliait Philadelphie \u00e0 Phoenix (\u00c9tats-Unis). Le vol 357, qui transportait 160 passagers et six membres d\u2019\u00e9quipage, a atterri en toute s\u00e9curit\u00e9 \u00e0 l\u2019a\u00e9roport de Washington Dulles, peu avant midi.<\/p>\n<p class=\"paragraph text_align_left lp-f-body-02\">\u00c0 l\u2019origine de la fum\u00e9e, un appareil \u00e9lectronique appartenant \u00e0 un passager. La situation \u00e9tait d\u00e9j\u00e0 sous contr\u00f4le avant l\u2019atterrissage, a pr\u00e9cis\u00e9 American Airlines, alors que les pompiers se tenaient pr\u00eats \u00e0 intervenir sur le tarmac.<\/p>\n<p>\u00ab\u00a0Beaucoup de passagers toussaient dans l\u2019avion\u00a0\u00bb<\/p>\n<p class=\"paragraph text_align_left lp-f-body-02\">Adriana Novello, une passag\u00e8re de 22\u00a0ans, raconte \u00e0 <a href=\"https:\/\/abcnews.go.com\/US\/american-airlines-flight-diverted-after-passengers-device-catches\/story?id=124926351\" target=\"_self\" rel=\"nofollow noopener\">ABC News<\/a> avoir \u00e9t\u00e9 r\u00e9veill\u00e9e par un membre de l\u2019\u00e9quipage qui a bouscul\u00e9 son si\u00e8ge en r\u00e9cup\u00e9rant l\u2019extincteur. \u00ab\u00a0J\u2019ai senti une odeur de fum\u00e9e et beaucoup de passagers toussaient dans l\u2019avion, d\u00e9taille-t-elle. J\u2019ai regard\u00e9 derri\u00e8re moi et j\u2019ai compris qu\u2019il y avait quelque chose en feu dans l\u2019all\u00e9e.\u00a0\u00bb<\/p>\n<p class=\"paragraph text_align_left lp-f-body-02\">\u00ab\u00a0Nous nous excusons aupr\u00e8s de nos clients pour la g\u00eane occasionn\u00e9e et remercions notre \u00e9quipage pour son professionnalisme\u00a0\u00bb, a r\u00e9agi un porte-parole de la compagnie.<\/p>\n<p class=\"lp-card-podcast-highlighting__title  lp-f-subtitle-05\">[4\/4] C\u00e9cile Vallin, les secrets d\u2019une disparition<\/p>\n<p class=\"lp-card-podcast-highlighting__description lp-f-ui-05\">Crime story raconte chaque semaine les grandes affaires criminelles.<\/p>\n<p><a class=\"lp-card-podcast-highlighting__call-to-action\" data-page-type=\"HP\" data-block-name=\"podcast-highlight\">\u00c9couter<\/a><\/p>\n<p class=\"paragraph text_align_left lp-f-body-02\">Les batteries lithium-ion pr\u00e9sentes dans de nombreux appareils \u00e9lectroniques peuvent provoquer des feux \u00e0 bord. Les incidents sont rares, mais peuvent \u00eatre graves. Les autorit\u00e9s n\u2019ont pas pr\u00e9cis\u00e9 quel type d\u2019appareil \u00e9tait en cause dans l\u2019incendie survenu samedi. La Federal Aviation Amdnistration (FAA) a ouvert une enqu\u00eate.<\/p>\n","protected":false},"excerpt":{"rendered":"Grosse frayeur \u00e0 bord d\u2019un vol American Airlines samedi. Un incendie s\u2019est d\u00e9clar\u00e9 en plein vol dans l\u2019appareil&hellip;\n","protected":false},"author":2,"featured_media":340783,"comment_status":"","ping_status":"","sticky":false,"template":"","format":"standard","meta":{"footnotes":""},"categories":[6],"tags":[35,33,34,118,1011,27],"class_list":{"0":"post-340782","1":"post","2":"type-post","3":"status-publish","4":"format-standard","5":"has-post-thumbnail","7":"category-economie","8":"tag-business","9":"tag-economie","10":"tag-economy","11":"tag-faits-divers","12":"tag-fr","13":"tag-france"},"share_on_mastodon":{"url":"https:\/\/pubeurope.com\/@fr\/115084284733573413","error":""},"_links":{"self":[{"href":"https:\/\/www.europesays.com\/fr\/wp-json\/wp\/v2\/posts\/340782","targetHints":{"allow":["GET"]}}],"collection":[{"href":"https:\/\/www.europesays.com\/fr\/wp-json\/wp\/v2\/posts"}],"about":[{"href":"https:\/\/www.europesays.com\/fr\/wp-json\/wp\/v2\/types\/post"}],"author":[{"embeddable":true,"href":"https:\/\/www.europesays.com\/fr\/wp-json\/wp\/v2\/users\/2"}],"replies":[{"embeddable":true,"href":"https:\/\/www.europesays.com\/fr\/wp-json\/wp\/v2\/comments?post=340782"}],"version-history":[{"count":0,"href":"https:\/\/www.europesays.com\/fr\/wp-json\/wp\/v2\/posts\/340782\/revisions"}],"wp:featuredmedia":[{"embeddable":true,"href":"https:\/\/www.europesays.com\/fr\/wp-json\/wp\/v2\/media\/340783"}],"wp:attachment":[{"href":"https:\/\/www.europesays.com\/fr\/wp-json\/wp\/v2\/media?parent=340782"}],"wp:term":[{"taxonomy":"category","embeddable":true,"href":"https:\/\/www.europesays.com\/fr\/wp-json\/wp\/v2\/categories?post=340782"},{"taxonomy":"post_tag","embeddable":true,"href":"https:\/\/www.europesays.com\/fr\/wp-json\/wp\/v2\/tags?post=340782"}],"curies":[{"name":"wp","href":"https:\/\/api.w.org\/{rel}","templated":true}]}}