{"id":340788,"date":"2025-08-24T14:48:12","date_gmt":"2025-08-24T14:48:12","guid":{"rendered":"https:\/\/www.europesays.com\/fr\/340788\/"},"modified":"2025-08-24T14:48:12","modified_gmt":"2025-08-24T14:48:12","slug":"le-feu-desormais-maitrise-serait-parti-dune-dechetterie-sauvage","status":"publish","type":"post","link":"https:\/\/www.europesays.com\/fr\/340788\/","title":{"rendered":"le feu d\u00e9sormais ma\u00eetris\u00e9 serait parti d&rsquo;une d\u00e9chetterie sauvage"},"content":{"rendered":"<p>Un incendie est en cours dans la Dr\u00f4me, \u00e0 hauteur de Crest. \u00c0 proximit\u00e9 d\u2019un camp de gens du voyage et de la ligne TGV, un important dispositif de secours a \u00e9t\u00e9 engag\u00e9.<\/p>\n<p>Ce sont pas moins de 9 v\u00e9hicules qui sont mobilis\u00e9s sur place, soit environ 60 sapeurs-pompiers.\u00a0<\/p>\n<p>A 14 heures, l\u2019incendie \u00e9tait ma\u00eetris\u00e9. Les combattants du feu \u00e9taient encore sur place pour noyer les restes de flammes. Au total, 2000 m2 de broussailles ont br\u00fbl\u00e9, communique le Service d\u00e9partemental d\u2019incendie et de secours (Sdis) de la Dr\u00f4me.<\/p>\n<p>C\u00f4t\u00e9 SNCF, cette derni\u00e8re annonce une reprise des circulations imminentes sur le secteur.\u00a0<\/p>\n<p>Un incendie parti d&rsquo;un d\u00e9p\u00f4t sauvage de d\u00e9chets<\/p>\n<p>Selon nos informations, l\u2019incendie est parti d\u2019un d\u00e9p\u00f4t sauvage de d\u00e9chets \u00e0 proximit\u00e9 d\u2019un camp de gens du voyage, route des Limites, qui s\u00e9pare les communes de Crest et Eurre. En plus de broussailles, les flammes se sont empar\u00e9es de caravanes \u00e0 la casse, de vieux pneus, de vieilles bouteilles et de machines \u00e0 laver d\u00e9pos\u00e9es l\u00e0. Si des bruits d\u2019explosion ont pu se faire entendre, ils seraient dus aux pneus qui auraient \u00e9clat\u00e9 sous l\u2019effet de la chaleur.<\/p>\n<p>Le temps de l\u2019intervention des secours, une vingtaine de personnes du camp de gens du voyage ont \u00e9t\u00e9 \u00e9vacu\u00e9es. Aucun transport n\u2019a en revanche \u00e9t\u00e9 effectu\u00e9 en direction d\u2019h\u00f4pitaux.<\/p>\n<p>Selon les sapeurs-pompiers, le sinistre n\u2019a pas caus\u00e9 non plus de pollution, alors que la r\u00e9serve naturelle des Rami\u00e8res du Val de Dr\u00f4me se trouve \u00e0 proximit\u00e9.<\/p>\n<p>SNCF R\u00e9seau va d\u00e9poser plainte<\/p>\n<p>La portion de la SNCF a \u00e9t\u00e9 coup\u00e9e au niveau de Crest. \u00ab\u00a0En raison d\u2019un incendie aux abords des voies dans une d\u00e9chetterie sauvage aux alentours de Crest, dans la Dr\u00f4me, et pour permettre l\u2019intervention des pompiers, la circulation des trains est adapt\u00e9e sur la ligne \u00e0 grande vitesse entre Valence TGV et Avignon TGV dans les deux sens, communique la SNCF. Les TGV empruntent un itin\u00e9raire alternatif via Valence-Ville et Mont\u00e9limar. Le temps de trajet est rallong\u00e9 d\u2019une heure en moyenne.\u00a0\u00bb<\/p>\n<p>\u00ab\u00a0Tous les trains roulent. Il n\u2019y a aucune suppression\u00a0\u00bb, ajoute la SNCF, qui attend la fin de l\u2019intervention des pompiers et leur autorisation pour \u00ab\u00a0faire reprendre la circulation ferroviaire sur la portion de ligne \u00e0 haute vitesse actuellement ferm\u00e9e.\u00a0\u00bb<\/p>\n<p>Par ailleurs, SNCF R\u00e9seau a fait part de sa volont\u00e9 de d\u00e9poser plainte.<\/p>\n","protected":false},"excerpt":{"rendered":"Un incendie est en cours dans la Dr\u00f4me, \u00e0 hauteur de Crest. \u00c0 proximit\u00e9 d\u2019un camp de gens&hellip;\n","protected":false},"author":2,"featured_media":340789,"comment_status":"","ping_status":"","sticky":false,"template":"","format":"standard","meta":{"footnotes":""},"categories":[2],"tags":[11,32643,2730,2735,274,107,1011,27,1310,12,2803],"class_list":{"0":"post-340788","1":"post","2":"type-post","3":"status-publish","4":"format-standard","5":"has-post-thumbnail","7":"category-actualites","8":"tag-actualites","9":"tag-crest","10":"tag-drome","11":"tag-edition-valence-rhone-crussol-vallee-de-la-drome","12":"tag-faits-divers-justice","13":"tag-fil-info","14":"tag-fr","15":"tag-france","16":"tag-incendie","17":"tag-news","18":"tag-transport"},"share_on_mastodon":{"url":"https:\/\/pubeurope.com\/@fr\/115084296432847933","error":""},"_links":{"self":[{"href":"https:\/\/www.europesays.com\/fr\/wp-json\/wp\/v2\/posts\/340788","targetHints":{"allow":["GET"]}}],"collection":[{"href":"https:\/\/www.europesays.com\/fr\/wp-json\/wp\/v2\/posts"}],"about":[{"href":"https:\/\/www.europesays.com\/fr\/wp-json\/wp\/v2\/types\/post"}],"author":[{"embeddable":true,"href":"https:\/\/www.europesays.com\/fr\/wp-json\/wp\/v2\/users\/2"}],"replies":[{"embeddable":true,"href":"https:\/\/www.europesays.com\/fr\/wp-json\/wp\/v2\/comments?post=340788"}],"version-history":[{"count":0,"href":"https:\/\/www.europesays.com\/fr\/wp-json\/wp\/v2\/posts\/340788\/revisions"}],"wp:featuredmedia":[{"embeddable":true,"href":"https:\/\/www.europesays.com\/fr\/wp-json\/wp\/v2\/media\/340789"}],"wp:attachment":[{"href":"https:\/\/www.europesays.com\/fr\/wp-json\/wp\/v2\/media?parent=340788"}],"wp:term":[{"taxonomy":"category","embeddable":true,"href":"https:\/\/www.europesays.com\/fr\/wp-json\/wp\/v2\/categories?post=340788"},{"taxonomy":"post_tag","embeddable":true,"href":"https:\/\/www.europesays.com\/fr\/wp-json\/wp\/v2\/tags?post=340788"}],"curies":[{"name":"wp","href":"https:\/\/api.w.org\/{rel}","templated":true}]}}