{"id":340790,"date":"2025-08-24T14:49:11","date_gmt":"2025-08-24T14:49:11","guid":{"rendered":"https:\/\/www.europesays.com\/fr\/340790\/"},"modified":"2025-08-24T14:49:11","modified_gmt":"2025-08-24T14:49:11","slug":"firminy-un-sons-et-lumieres-appelou-au-chateau-des-bruneaux","status":"publish","type":"post","link":"https:\/\/www.europesays.com\/fr\/340790\/","title":{"rendered":"Firminy. Un \u00ab\u00a0sons et lumi\u00e8res\u00a0\u00bb appelou au ch\u00e2teau des Bruneaux"},"content":{"rendered":"<p>La f\u00eate \u00e9tait belle pour l\u2019inauguration de ce \u00ab\u00a0sons et lumi\u00e8res\u00a0\u00bb appelou. \u00ab\u00a0Une chance pour notre ville d\u2019avoir \u00e9t\u00e9 s\u00e9lectionn\u00e9e par la R\u00e9gion, un spectacle gratuit qui prolonge les vacances\u00a0\u00bb, explique Julien Luya, maire de Firminy.<\/p>\n<p>Tous se f\u00e9licitent de <a href=\"https:\/\/www.leprogres.fr\/culture-loisirs\/2025\/08\/22\/sons-et-lumieres-au-chateau-des-bruneaux-l-idee-est-de-faire-rever\" target=\"_blank\" rel=\"noopener\">cette mise en valeur du patrimoine appelou<\/a> : \u00ab\u00a0La R\u00e9gion choisit chaque ann\u00e9e depuis 2019 sept villes afin de proposer cette animation. Roanne et Firminy sont les deux villes de la Loire \u00e0 \u00eatre s\u00e9lectionn\u00e9es, cela repr\u00e9sente un budget cons\u00e9quent pour la R\u00e9gion. Le ch\u00e2teau des Bruneaux est un \u00e9crin id\u00e9al, un grand merci aux b\u00e9n\u00e9voles qui le font vivre\u00a0\u00bb, d\u00e9taille Laurence Bussi\u00e8re, conseill\u00e8re r\u00e9gionale.<\/p>\n<p>Quant \u00e0 Gilbert Coud\u00e8ne, directeur artistique des Allumeurs de r\u00eaves, il saluait l\u2019accueil des \u00e9lus de la ville et le choix de la R\u00e9gion\u00a0: \u00ab\u00a0J\u2019appr\u00e9cie ce lieu clos, loin de l\u2019agitation qui va permettre aux spectateurs de r\u00eaver et de d\u00e9couvrir l\u2019identit\u00e9 de leur ville et de leur territoire, les d\u00e9tails sont multiples mais vous pourrez venir et revenir afin d\u2019en appr\u00e9cier toutes les nuances.\u00a0\u00bb<\/p>\n","protected":false},"excerpt":{"rendered":"La f\u00eate \u00e9tait belle pour l\u2019inauguration de ce \u00ab\u00a0sons et lumi\u00e8res\u00a0\u00bb appelou. \u00ab\u00a0Une chance pour notre ville d\u2019avoir&hellip;\n","protected":false},"author":2,"featured_media":340791,"comment_status":"","ping_status":"","sticky":false,"template":"","format":"standard","meta":{"footnotes":""},"categories":[9653],"tags":[1111,11,2430,1687,7539,1777,674,10282,10283,1011,27,12,25,4001,3140],"class_list":{"0":"post-340790","1":"post","2":"type-post","3":"status-publish","4":"format-standard","5":"has-post-thumbnail","7":"category-saint-etienne","8":"tag-actu","9":"tag-actualites","10":"tag-auvergne-rhone-alpes","11":"tag-culture-loisirs","12":"tag-edition-loire-sud","13":"tag-eu","14":"tag-europe","15":"tag-firminy","16":"tag-firminy-ville","17":"tag-fr","18":"tag-france","19":"tag-news","20":"tag-republique-francaise","21":"tag-saint-etienne","22":"tag-spectacle"},"share_on_mastodon":{"url":"https:\/\/pubeurope.com\/@fr\/115084300360276673","error":""},"_links":{"self":[{"href":"https:\/\/www.europesays.com\/fr\/wp-json\/wp\/v2\/posts\/340790","targetHints":{"allow":["GET"]}}],"collection":[{"href":"https:\/\/www.europesays.com\/fr\/wp-json\/wp\/v2\/posts"}],"about":[{"href":"https:\/\/www.europesays.com\/fr\/wp-json\/wp\/v2\/types\/post"}],"author":[{"embeddable":true,"href":"https:\/\/www.europesays.com\/fr\/wp-json\/wp\/v2\/users\/2"}],"replies":[{"embeddable":true,"href":"https:\/\/www.europesays.com\/fr\/wp-json\/wp\/v2\/comments?post=340790"}],"version-history":[{"count":0,"href":"https:\/\/www.europesays.com\/fr\/wp-json\/wp\/v2\/posts\/340790\/revisions"}],"wp:featuredmedia":[{"embeddable":true,"href":"https:\/\/www.europesays.com\/fr\/wp-json\/wp\/v2\/media\/340791"}],"wp:attachment":[{"href":"https:\/\/www.europesays.com\/fr\/wp-json\/wp\/v2\/media?parent=340790"}],"wp:term":[{"taxonomy":"category","embeddable":true,"href":"https:\/\/www.europesays.com\/fr\/wp-json\/wp\/v2\/categories?post=340790"},{"taxonomy":"post_tag","embeddable":true,"href":"https:\/\/www.europesays.com\/fr\/wp-json\/wp\/v2\/tags?post=340790"}],"curies":[{"name":"wp","href":"https:\/\/api.w.org\/{rel}","templated":true}]}}