{"id":340794,"date":"2025-08-24T14:51:22","date_gmt":"2025-08-24T14:51:22","guid":{"rendered":"https:\/\/www.europesays.com\/fr\/340794\/"},"modified":"2025-08-24T14:51:22","modified_gmt":"2025-08-24T14:51:22","slug":"malzeville-mariage-zohra-et-pierre","status":"publish","type":"post","link":"https:\/\/www.europesays.com\/fr\/340794\/","title":{"rendered":"Malz\u00e9ville | Mariage. Zohra et Pierre"},"content":{"rendered":"<p>Samedi apr\u00e8s-midi \u00e0 la Dou\u00ebra, Ir\u00e8ne Girard, adjointe au maire, de concert avec Dahman Richter, \u00e9lu nanc\u00e9ien, a uni par les liens du mariage Pierre Grosse, \u00e9conomiste de la construction, domicili\u00e9 \u00e0 Serres et Zohra Boulkaibet, domicili\u00e9e Square Granjean \u00e0 Malz\u00e9ville que leur amie Kenza photographie a immortalis\u00e9 en photo.<\/p>\n<p>Nos voeux de bonheur et f\u00e9licitations aux jeunes \u00e9poux.<\/p>\n","protected":false},"excerpt":{"rendered":"Samedi apr\u00e8s-midi \u00e0 la Dou\u00ebra, Ir\u00e8ne Girard, adjointe au maire, de concert avec Dahman Richter, \u00e9lu nanc\u00e9ien, a&hellip;\n","protected":false},"author":2,"featured_media":340795,"comment_status":"","ping_status":"","sticky":false,"template":"","format":"standard","meta":{"footnotes":""},"categories":[9635],"tags":[1111,11,9223,1704,1777,674,1011,27,775,11259,1930,11260,1702,12,25,104],"class_list":{"0":"post-340794","1":"post","2":"type-post","3":"status-publish","4":"format-standard","5":"has-post-thumbnail","7":"category-nancy","8":"tag-actu","9":"tag-actualites","10":"tag-carnet-du-jour","11":"tag-edition-nancy-et-agglomeration","12":"tag-eu","13":"tag-europe","14":"tag-fr","15":"tag-france","16":"tag-grand-est","17":"tag-malzeville","18":"tag-mariage","19":"tag-metropole-du-grand-nancy-54b4","20":"tag-nancy","21":"tag-news","22":"tag-republique-francaise","23":"tag-societe"},"share_on_mastodon":{"url":"https:\/\/pubeurope.com\/@fr\/115084308163758218","error":""},"_links":{"self":[{"href":"https:\/\/www.europesays.com\/fr\/wp-json\/wp\/v2\/posts\/340794","targetHints":{"allow":["GET"]}}],"collection":[{"href":"https:\/\/www.europesays.com\/fr\/wp-json\/wp\/v2\/posts"}],"about":[{"href":"https:\/\/www.europesays.com\/fr\/wp-json\/wp\/v2\/types\/post"}],"author":[{"embeddable":true,"href":"https:\/\/www.europesays.com\/fr\/wp-json\/wp\/v2\/users\/2"}],"replies":[{"embeddable":true,"href":"https:\/\/www.europesays.com\/fr\/wp-json\/wp\/v2\/comments?post=340794"}],"version-history":[{"count":0,"href":"https:\/\/www.europesays.com\/fr\/wp-json\/wp\/v2\/posts\/340794\/revisions"}],"wp:featuredmedia":[{"embeddable":true,"href":"https:\/\/www.europesays.com\/fr\/wp-json\/wp\/v2\/media\/340795"}],"wp:attachment":[{"href":"https:\/\/www.europesays.com\/fr\/wp-json\/wp\/v2\/media?parent=340794"}],"wp:term":[{"taxonomy":"category","embeddable":true,"href":"https:\/\/www.europesays.com\/fr\/wp-json\/wp\/v2\/categories?post=340794"},{"taxonomy":"post_tag","embeddable":true,"href":"https:\/\/www.europesays.com\/fr\/wp-json\/wp\/v2\/tags?post=340794"}],"curies":[{"name":"wp","href":"https:\/\/api.w.org\/{rel}","templated":true}]}}