{"id":340806,"date":"2025-08-24T15:02:11","date_gmt":"2025-08-24T15:02:11","guid":{"rendered":"https:\/\/www.europesays.com\/fr\/340806\/"},"modified":"2025-08-24T15:02:11","modified_gmt":"2025-08-24T15:02:11","slug":"le-conducteur-juge-lundi-pour-blessures-involontaires","status":"publish","type":"post","link":"https:\/\/www.europesays.com\/fr\/340806\/","title":{"rendered":"le conducteur jug\u00e9 lundi pour \u00ab\u00a0blessures involontaires\u00a0\u00bb"},"content":{"rendered":"<p class=\"article__intro\">Lundi 25 ao\u00fbt, un jeune homme de 19 ans va compara\u00eetre devant le tribunal correctionnel de Grenoble pour \u00ab\u00a0blessures involontaires\u00a0\u00bb apr\u00e8s avoir fauch\u00e9 quatre personnes d\u2019une m\u00eame famille le 31 mai, le soir de la victoire du PSG en Ligue des champions.<\/p>\n<p>\n      La Quotidienne Soci\u00e9t\u00e9\n    <\/p>\n<p>\n      De la vie quotidienne aux grands enjeux, recevez tous les jours les sujets qui font la soci\u00e9t\u00e9 locale, comme la justice, l\u2019\u00e9ducation, la sant\u00e9 et la famille.\n    <\/p>\n<p>    France T\u00e9l\u00e9visions utilise votre adresse e-mail afin de vous envoyer la newsletter \u00ab\u00a0La Quotidienne Soci\u00e9t\u00e9\u00a0\u00bb. Vous pouvez vous d\u00e9sinscrire \u00e0 tout moment via le lien en bas de cette newsletter. <a target=\"_blank\" href=\"https:\/\/www.francetelevisions.fr\/groupe\/confidentialite\/politique-de-confidentialite\/politique-de-confidentialite-de-france-televisions-6503\" rel=\"noopener\">Notre politique de confidentialit\u00e9<\/a><\/p>\n<p>C\u2019\u00e9tait une soir\u00e9e de c\u00e9l\u00e9brations et de liesse, qui a malheureusement tourn\u00e9 au drame. Le samedi 31 mai, en marge de la victoire du PSG en Ligue des champions, quatre membres d\u2019une famille ont \u00e9t\u00e9 percut\u00e9s par une voiture \u00e0 Grenoble (Is\u00e8re).\u00a0<\/p>\n<p>Le conducteur impliqu\u00e9, un jeune homme de 19 ans va \u00eatre jug\u00e9 devant le tribunal correctionnel de Grenoble ce lundi 25 ao\u00fbt, pour \u00ab\u00a0blessures involontaires\u00a0\u00bb, \u00ab\u00a0violation manifestement d\u00e9lib\u00e9r\u00e9e d\u2019une obligation de s\u00e9curit\u00e9 ou de prudence\u00a0\u00bb, \u00ab\u00a0destruction du bien d\u2019un charg\u00e9 de mission de service public\u00a0\u00bb, \u00ab\u00a0d\u00e9gradation ou d\u00e9t\u00e9rioration d\u2019un bien appartenant \u00e0 autrui\u00a0\u00bb, et \u00ab\u00a0circulation d\u2019un v\u00e9hicule non autoris\u00e9 sur une voie r\u00e9serv\u00e9e aux v\u00e9hicules de transport en commun\u00a0\u00bb.\u00a0<\/p>\n<p>Samedi 31 mai, alors que le PSG vient de remporter la ligue des Champions, de nombreux supporters se rassemblent aux alentours de 22 h 30 sur le cours Jean-Jaur\u00e8s \u00e0 Grenoble. Des v\u00e9hicules bloquent dans un premier temps la circulation.<\/p>\n<p>Selon le parquet de Grenoble, \u00ab\u00a0Il y a eu de nombreux tirs de mortiers en centre-ville ainsi que la d\u00e9ambulation de nombreux pi\u00e9tons sur le cours Jean Jaur\u00e8s et le blocage de la circulation des tramways sur l\u2019ensemble des lignes\u00a0\u00bb.\u00a0<\/p>\n<p>Puis, vers 23 h 40, un v\u00e9hicule BMW s\u00e9rie 1 qui circulait sur les rails du tramway \u00e0 vive allure \u00ab\u00a0percute un groupe de pi\u00e9tons\u00a0\u00bb \u00e0 l\u2019angle de l\u2019avenue Alsace-Lorraine. Quatre personnes, membres d\u2019une m\u00eame famille sont bless\u00e9es, dont deux gri\u00e8vement : une femme de 46 ans, ses deux fils jumeaux de 17 ans ainsi que sa ni\u00e8ce de 18 ans. \u00a0<\/p>\n<\/p>\n<p>Apr\u00e8s l\u2019accident, l\u2019automobiliste de 19 ans mis en cause avait pris la fuite en abandonnant son v\u00e9hicule, avant de se rendre peu de temps apr\u00e8s. Une enqu\u00eate a \u00e9t\u00e9 imm\u00e9diatement ouverte. Le jeune homme a expliqu\u00e9 aux enqu\u00eateurs avoir perdu le contr\u00f4le de sa voiture apr\u00e8s avoir \u00e9t\u00e9 vis\u00e9 par des tirs de mortiers lanc\u00e9s par des f\u00eatards.<\/p>\n<p>Selon le parquet, il s&rsquo;agit d&rsquo;un \u00ab\u00a0jeune conducteur\u00a0\u00bb poss\u00e9dant tous ses points de permis et \u00ab\u00a0n\u00e9gatif au d\u00e9pistage d&rsquo;alcool\u00e9mie et de stup\u00e9fiants\u00a0\u00bb. Il \u00e9tait \u00e9galement inconnu de la justice jusqu&rsquo;alors.<\/p>\n","protected":false},"excerpt":{"rendered":"Lundi 25 ao\u00fbt, un jeune homme de 19 ans va compara\u00eetre devant le tribunal correctionnel de Grenoble pour&hellip;\n","protected":false},"author":2,"featured_media":147917,"comment_status":"","ping_status":"","sticky":false,"template":"","format":"standard","meta":{"footnotes":""},"categories":[9566],"tags":[1111,11,2430,1777,674,1011,27,2731,12,25],"class_list":{"0":"post-340806","1":"post","2":"type-post","3":"status-publish","4":"format-standard","5":"has-post-thumbnail","7":"category-grenoble","8":"tag-actu","9":"tag-actualites","10":"tag-auvergne-rhone-alpes","11":"tag-eu","12":"tag-europe","13":"tag-fr","14":"tag-france","15":"tag-grenoble","16":"tag-news","17":"tag-republique-francaise"},"share_on_mastodon":{"url":"https:\/\/pubeurope.com\/@fr\/115084351422652294","error":""},"_links":{"self":[{"href":"https:\/\/www.europesays.com\/fr\/wp-json\/wp\/v2\/posts\/340806","targetHints":{"allow":["GET"]}}],"collection":[{"href":"https:\/\/www.europesays.com\/fr\/wp-json\/wp\/v2\/posts"}],"about":[{"href":"https:\/\/www.europesays.com\/fr\/wp-json\/wp\/v2\/types\/post"}],"author":[{"embeddable":true,"href":"https:\/\/www.europesays.com\/fr\/wp-json\/wp\/v2\/users\/2"}],"replies":[{"embeddable":true,"href":"https:\/\/www.europesays.com\/fr\/wp-json\/wp\/v2\/comments?post=340806"}],"version-history":[{"count":0,"href":"https:\/\/www.europesays.com\/fr\/wp-json\/wp\/v2\/posts\/340806\/revisions"}],"wp:featuredmedia":[{"embeddable":true,"href":"https:\/\/www.europesays.com\/fr\/wp-json\/wp\/v2\/media\/147917"}],"wp:attachment":[{"href":"https:\/\/www.europesays.com\/fr\/wp-json\/wp\/v2\/media?parent=340806"}],"wp:term":[{"taxonomy":"category","embeddable":true,"href":"https:\/\/www.europesays.com\/fr\/wp-json\/wp\/v2\/categories?post=340806"},{"taxonomy":"post_tag","embeddable":true,"href":"https:\/\/www.europesays.com\/fr\/wp-json\/wp\/v2\/tags?post=340806"}],"curies":[{"name":"wp","href":"https:\/\/api.w.org\/{rel}","templated":true}]}}