{"id":340807,"date":"2025-08-24T15:04:18","date_gmt":"2025-08-24T15:04:18","guid":{"rendered":"https:\/\/www.europesays.com\/fr\/340807\/"},"modified":"2025-08-24T15:04:18","modified_gmt":"2025-08-24T15:04:18","slug":"reduit-tres-rapidement-a-neuf-rennes-a-vecu-un-cauchemar-a-lorient","status":"publish","type":"post","link":"https:\/\/www.europesays.com\/fr\/340807\/","title":{"rendered":"r\u00e9duit tr\u00e8s rapidement \u00e0 neuf, Rennes a v\u00e9cu un cauchemar \u00e0 Lorient"},"content":{"rendered":"<p>Le promu lorientais a profit\u00e9 des d\u00e9boires de leurs voisins rennais pour s\u2019imposer tr\u00e8s sereinement ce dimanche (4-0), lors de la 2e journ\u00e9e.<\/p>\n<p class=\"fig-paragraph\">Un dimanche \u00e0 vite oublier pour Rennes et Habib Beye. Alors que les Bretons ambitionnaient de confirmer leur succ\u00e8s inaugural cette saison face \u00e0 l\u2019OM (1-0), ils ont subi une v\u00e9ritable correction au Moustoir, face \u00e0 des Lorientais qui ne s\u2019attendaient ni \u00e0 une telle victoire (4-0), ni \u00e0 se retrouver \u00e0 11 contre 9 apr\u00e8s seulement dix minutes de jeu. C\u2019est le temps qu\u2019il a fallu en effet \u00e0 Camara (6e) et Wooh (10e) pour \u00eatre chacun sanctionn\u00e9 d\u2019un carton rouge.<\/p>\n<p class=\"fig-paragraph\">D\u00e8s lors, une seule possibilit\u00e9 pour les visiteurs\u00a0: r\u00e9sister. Mais le fil a fini par c\u00e9der au pire moment, juste avant la pause sur un but de Soumano (1-0, 45e+4). D\u00e8s la reprise, assomm\u00e9 par ce but de retard et cette double inf\u00e9riorit\u00e9 num\u00e9rique, Rennes allait subir inlassablement les vagues adverses, dont trois se finirent par un but\u00a0: Tosin (47e), Pagis (65e) et Le Bris (69e). Au classement, Lorient remonte provisoirement \u00e0 la 3e place avec ce premier succ\u00e8s cette saison. Rennes, lui, glisse au 11e rang.<\/p>\n","protected":false},"excerpt":{"rendered":"Le promu lorientais a profit\u00e9 des d\u00e9boires de leurs voisins rennais pour s\u2019imposer tr\u00e8s sereinement ce dimanche (4-0),&hellip;\n","protected":false},"author":2,"featured_media":340808,"comment_status":"","ping_status":"","sticky":false,"template":"","format":"standard","meta":{"footnotes":""},"categories":[2821],"tags":[1111,11,829,1777,674,1011,27,12,584,25,3087],"class_list":{"0":"post-340807","1":"post","2":"type-post","3":"status-publish","4":"format-standard","5":"has-post-thumbnail","7":"category-rennes","8":"tag-actu","9":"tag-actualites","10":"tag-bretagne","11":"tag-eu","12":"tag-europe","13":"tag-fr","14":"tag-france","15":"tag-news","16":"tag-rennes","17":"tag-republique-francaise","18":"tag-stade-rennais"},"share_on_mastodon":{"url":"https:\/\/pubeurope.com\/@fr\/115084359268470043","error":""},"_links":{"self":[{"href":"https:\/\/www.europesays.com\/fr\/wp-json\/wp\/v2\/posts\/340807","targetHints":{"allow":["GET"]}}],"collection":[{"href":"https:\/\/www.europesays.com\/fr\/wp-json\/wp\/v2\/posts"}],"about":[{"href":"https:\/\/www.europesays.com\/fr\/wp-json\/wp\/v2\/types\/post"}],"author":[{"embeddable":true,"href":"https:\/\/www.europesays.com\/fr\/wp-json\/wp\/v2\/users\/2"}],"replies":[{"embeddable":true,"href":"https:\/\/www.europesays.com\/fr\/wp-json\/wp\/v2\/comments?post=340807"}],"version-history":[{"count":0,"href":"https:\/\/www.europesays.com\/fr\/wp-json\/wp\/v2\/posts\/340807\/revisions"}],"wp:featuredmedia":[{"embeddable":true,"href":"https:\/\/www.europesays.com\/fr\/wp-json\/wp\/v2\/media\/340808"}],"wp:attachment":[{"href":"https:\/\/www.europesays.com\/fr\/wp-json\/wp\/v2\/media?parent=340807"}],"wp:term":[{"taxonomy":"category","embeddable":true,"href":"https:\/\/www.europesays.com\/fr\/wp-json\/wp\/v2\/categories?post=340807"},{"taxonomy":"post_tag","embeddable":true,"href":"https:\/\/www.europesays.com\/fr\/wp-json\/wp\/v2\/tags?post=340807"}],"curies":[{"name":"wp","href":"https:\/\/api.w.org\/{rel}","templated":true}]}}