{"id":340812,"date":"2025-08-24T15:08:09","date_gmt":"2025-08-24T15:08:09","guid":{"rendered":"https:\/\/www.europesays.com\/fr\/340812\/"},"modified":"2025-08-24T15:08:09","modified_gmt":"2025-08-24T15:08:09","slug":"100-aiglons-revient-pour-une-18e-saison-et-avec-une-nouvelle-formule","status":"publish","type":"post","link":"https:\/\/www.europesays.com\/fr\/340812\/","title":{"rendered":"100% Aiglons revient pour une 18e saison et avec une nouvelle formule\u00a0!"},"content":{"rendered":"<p>100% Aiglons revient ce lundi pour une 18e saison avec la belle victoire du Gym face \u00e0 Auxerre (3-1) \u00e0 d\u00e9briefer et avec une nouvelle formule. D\u00e8s 16h vous retrouverez l&rsquo;\u00e9mission en podcast audio et vid\u00e9o sur notre application ici avec de nouvelles rubriques et des surprises.<\/p>\n<p>Alors que 100% Aiglons atteint l&rsquo;\u00e2ge de la majorit\u00e9 avec cette 18e saison qui d\u00e9marre ce lundi, l&rsquo;\u00e9mission qui d\u00e9cortique l&rsquo;actualit\u00e9 de l&rsquo;OGC Nice revient avec une nouvelle formule. D\u00e8s 16h le lundi vous retrouverez d&rsquo;abord la version int\u00e9grale du podcast enregistr\u00e9 un peu plus t\u00f4t dans la journ\u00e9e, sans pub, sans musique et sans langue de bois\u00a0! Une version audio et une version vid\u00e9o seront disponibles sur notre site internet et notre application ici. Les meilleurs extraits seront ensuite diffus\u00e9s entre 18h et 19h le lundi soir sur ici Azur, le cr\u00e9neau historique de l&rsquo;\u00e9mission.<\/p>\n<p>Nouvelle formule sur la forme mais aussi sur le fond avec de nouvelles rubriques pour tout savoir sur le Gym avec des d\u00e9bats enflamm\u00e9s, des avis tranch\u00e9s, un Patrice Alberganti qui aura carte blanche dans la s\u00e9quence \u00ab\u00a0ici Alberganti\u00a0\u00bb pour donner son avis de passionn\u00e9, des invit\u00e9s et des supporters autour de la table pour accompagner la \u00ab\u00a0team foot\u00a0\u00bb ici Azur que vous connaissez Victor Juttner, Benjamin Pierson et Maxime Bacqui\u00e9. Avec aussi du sourire dans le quizz concoct\u00e9 chaque lundi par Benjamin. On esp\u00e8re que \u00e7a vous plaira. Nous on a h\u00e2te de vous retrouver\u00a0!<\/p>\n","protected":false},"excerpt":{"rendered":"100% Aiglons revient ce lundi pour une 18e saison avec la belle victoire du Gym face \u00e0 Auxerre&hellip;\n","protected":false},"author":2,"featured_media":340813,"comment_status":"","ping_status":"","sticky":false,"template":"","format":"standard","meta":{"footnotes":""},"categories":[2819],"tags":[1111,11,1777,674,1011,27,12,2401,882,25],"class_list":{"0":"post-340812","1":"post","2":"type-post","3":"status-publish","4":"format-standard","5":"has-post-thumbnail","7":"category-nice","8":"tag-actu","9":"tag-actualites","10":"tag-eu","11":"tag-europe","12":"tag-fr","13":"tag-france","14":"tag-news","15":"tag-nice","16":"tag-provence-alpes-cote-dazur","17":"tag-republique-francaise"},"share_on_mastodon":{"url":"https:\/\/pubeurope.com\/@fr\/115084375199508268","error":""},"_links":{"self":[{"href":"https:\/\/www.europesays.com\/fr\/wp-json\/wp\/v2\/posts\/340812","targetHints":{"allow":["GET"]}}],"collection":[{"href":"https:\/\/www.europesays.com\/fr\/wp-json\/wp\/v2\/posts"}],"about":[{"href":"https:\/\/www.europesays.com\/fr\/wp-json\/wp\/v2\/types\/post"}],"author":[{"embeddable":true,"href":"https:\/\/www.europesays.com\/fr\/wp-json\/wp\/v2\/users\/2"}],"replies":[{"embeddable":true,"href":"https:\/\/www.europesays.com\/fr\/wp-json\/wp\/v2\/comments?post=340812"}],"version-history":[{"count":0,"href":"https:\/\/www.europesays.com\/fr\/wp-json\/wp\/v2\/posts\/340812\/revisions"}],"wp:featuredmedia":[{"embeddable":true,"href":"https:\/\/www.europesays.com\/fr\/wp-json\/wp\/v2\/media\/340813"}],"wp:attachment":[{"href":"https:\/\/www.europesays.com\/fr\/wp-json\/wp\/v2\/media?parent=340812"}],"wp:term":[{"taxonomy":"category","embeddable":true,"href":"https:\/\/www.europesays.com\/fr\/wp-json\/wp\/v2\/categories?post=340812"},{"taxonomy":"post_tag","embeddable":true,"href":"https:\/\/www.europesays.com\/fr\/wp-json\/wp\/v2\/tags?post=340812"}],"curies":[{"name":"wp","href":"https:\/\/api.w.org\/{rel}","templated":true}]}}