{"id":340814,"date":"2025-08-24T15:09:23","date_gmt":"2025-08-24T15:09:23","guid":{"rendered":"https:\/\/www.europesays.com\/fr\/340814\/"},"modified":"2025-08-24T15:09:23","modified_gmt":"2025-08-24T15:09:23","slug":"voici-lhistoire-de-la-rue-joffre-un-village-en-plein-coeur-de-nantes","status":"publish","type":"post","link":"https:\/\/www.europesays.com\/fr\/340814\/","title":{"rendered":"voici l&rsquo;histoire de la rue Joffre, un village en plein c\u0153ur de Nantes"},"content":{"rendered":"<p>            Par<br \/>\n        <strong><br \/>\n            <a href=\"https:\/\/actu.fr\/auteur\/emma-derome\" title=\"Consulter tous les articles de Emma Derome\" target=\"_blank\" rel=\"noopener\">Emma Derome<\/a><br \/>\n        <\/strong><\/p>\n<p>        Publi\u00e9 le<\/p>\n<p>            24 ao\u00fbt 2025 \u00e0 16h26        <\/p>\n<p>\u00ab\u2009La rue Joffre et le quartier Joffre ont <strong>toujours \u00e9t\u00e9 un peu ce petit village<\/strong>\u2009\u00bb. C\u2019est ainsi que plusieurs commer\u00e7ants et riverains nous d\u00e9crivent l\u2019ambiance de <strong>ce coin \u00e0 part du centre-ville de Nantes<\/strong>.<\/p>\n<p class=\" wall-content\"><strong>\u00ab\u2009Solidarit\u00e9\u2009\u00bb et \u00ab\u2009convivialit\u00e9\u2009\u00bb<\/strong> sont les ma\u00eetres mots dans cette rue vivante de jour comme de nuit, dont le quotidien est ponctu\u00e9 par l\u2019organisation d\u2019\u00e9v\u00e8nements ouverts \u00e0 tous, favorisant le brassage social. En attendant le prochain rendez-vous du 13\u00a0septembre, avec le grand banquet \u00e0 ciel ouvert <a href=\"https:\/\/metropole.nantes.fr\/que-faire-nantes\/agenda\/joffre-mon-amour-banquet-animations-concerts\" target=\"_blank\" rel=\"noopener\">\u00ab\u2009Joffre mon amour\u2009\u00bb<\/a>, la r\u00e9daction revient sur la trajectoire de ce quartier par la voix de ses occupants.<\/p>\n<p>De \u00ab\u2009la rue des kebabs et des coiffeurs\u2009\u00bb \u00e0 \u00ab\u2009un village o\u00f9 tout le monde se conna\u00eet\u2009\u00bb<\/p>\n<p class=\" wall-content\">Auparavant, certains la traversaient sans vraiment la regarder, dans le but de gagner le centre-ville. Il y a une dizaine d\u2019ann\u00e9es, on la surnommait <strong>\u00ab\u2009la rue des kebabs et des coiffeurs\u2009\u00bb<\/strong> (neuf salons de coiffure et barbiers s\u2019\u00e9tendaient sur 250\u00a0m\u00e8tres).<\/p>\n<p class=\" wall-content\">Aujourd\u2019hui, sa pi\u00e9tonnisation et <a href=\"https:\/\/actu.fr\/pays-de-la-loire\/nantes_44109\/a-cote-enfin-un-primeur-dans-ce-quartier-de-nantes_62967619.html\" target=\"_blank\" rel=\"noopener\">l\u2019\u00e9mergence de nouveaux commerces<\/a> de bouche et de bars l\u2019ont transform\u00e9 en un point de ralliement m\u00ealant des populations tr\u00e8s diverses\u2009: des \u00e9tudiants fauch\u00e9s qui louent des studios aux familles ais\u00e9es qui peuplent les maisons cossues de l\u2019arri\u00e8re rue, en passant par les seniors de la r\u00e9sidence d\u2019\u00e0 c\u00f4t\u00e9 ou les artistes branch\u00e9s, et tout type de travailleurs \u00e0 l\u2019heure du d\u00e9jeuner.<\/p>\n<p class=\" wall-content\">La rue Joffre \u00e9tait d\u00e9j\u00e0 <strong>bouillonnante de vie dans les ann\u00e9es 80 et 90<\/strong>, nous raconte <strong>Fr\u00e9d\u00e9ric Foucault<\/strong>, coiffeur historique de la rue. Ce nouveau retrait\u00e9 a travaill\u00e9 dans le m\u00eame salon, au num\u00e9ro\u00a064, <strong>pendant 35\u00a0ans<\/strong>, avant de fermer boutique fin 2024. Mais il \u00e9tait d\u00e9j\u00e0 familier du quartier \u00e9tant plus jeune, avec un p\u00e8re pompier bas\u00e9 \u00e0 la caserne de la rue Gambetta, juste \u00e0 c\u00f4t\u00e9.<\/p>\n<blockquote class=\"ac-article-quote wall-content\">\n<p>\u00c0 l&rsquo;\u00e9poque, il y avait trois charcuteries, des boucheries, une poissonnerie, une fromagerie, trois ou quatre brasseries&#8230; Les familles des pompiers, mais aussi la caserne militaire \u00e0 Mellinet un peu plus loin, faisaient vivre tout ce monde-l\u00e0. Alors quand tout \u00e7a a ferm\u00e9, \u00e7a n&rsquo;\u00e9tait plus pareil.<\/p>\n<p>    <strong>Fr\u00e9d\u00e9ric Foucault, ancien coiffeur de la rue Joffre<\/strong>\n            <\/p><\/blockquote>\n<p class=\" wall-content\">Fr\u00e9d\u00e9ric \u00e9voque <strong>un passage \u00e0 vide<\/strong>, au d\u00e9but des<strong> ann\u00e9es 2000<\/strong>, \u00e0 cause de \u00ab\u2009deux trois commerces un peu bizarres\u2009\u00bb, des voitures \u00ab\u2009qui stationnaient sur le trottoir pendant des heures\u2009\u00bb. \u00ab\u2009On parlait mal de la rue. Ensuite, des travaux ont \u00e9t\u00e9 faits, des poteaux ont \u00e9t\u00e9 install\u00e9s, et \u00e7a a chang\u00e9. En quelques ann\u00e9es, c\u2019est devenu \u00e0 nouveau ce petit village, o\u00f9 tout le monde se conna\u00eet.\u2009\u00bb<\/p>\n<p>Votre r\u00e9gion, votre actu !<\/p>\n<p>Recevez chaque jour les infos qui comptent pour vous.<\/p>\n<p>\t<a href=\"https:\/\/actu.fr\/newsletter\" class=\"ac-btn ac-btn--corner ac-btn--medium ac-btn--blue800\" target=\"_blank\" rel=\"noopener\">S&rsquo;incrire<\/a><\/p>\n<p class=\" wall-content\">Par la suite, le quartier a davantage d\u00e9velopp\u00e9 sa <strong>vie nocturne et \u00e9tudiante<\/strong>, avec l\u2019ouverture de nombreux <strong>bars, fast-food et d\u2019\u00e9piceries nocturnes<\/strong>. Mais depuis en quelques ann\u00e9es, <strong>une vie de jour s\u2019installe \u00e0 nouveau<\/strong>, avec des caf\u00e9s, des restaurants aux inspirations culinaires diff\u00e9rentes (fran\u00e7aises, syriennes, portugaises, asiatiques\u2026).<\/p>\n<p>    <img   decoding=\"async\" loading=\"lazy\" src=\"https:\/\/www.europesays.com\/fr\/wp-content\/uploads\/2025\/08\/img-5299-960x640.jpg\" alt=\"Le traiteur Le Cellier est le point de rendez-vous des habitu\u00e9s \u00e0 l'heure de l'afterwork.\" width=\"960\" height=\"640\"\/><br \/>\n    Le traiteur Le Cellier est le point de rendez-vous des habitu\u00e9s, commer\u00e7ants comme habitants, \u00e0 l\u2019heure de l\u2019afterwork. (\u00a9Emma Derome \/ actu Nantes)\u00ab\u2009On est un peu comme les irr\u00e9ductibles Gaulois\u2009\u00bb<\/p>\n<p class=\" wall-content\">Des <strong>nouveaux<\/strong> sont arriv\u00e9s, comme le bar branch\u00e9 Feu ou le restau Gut, mais un tissu d\u2019<strong>anciens<\/strong> est rest\u00e9, comme l\u2019auto-\u00e9cole ou la toiletteuse pour chien. La moiti\u00e9 des commerces de la rue est adh\u00e9rente de <strong>l\u2019association des commer\u00e7ants<\/strong>, qui les accompagne et favorise <strong>l\u2019entraide<\/strong>.<\/p>\n<p class=\" wall-content\">\u00ab\u2009Il y a <strong>une passation<\/strong> qui se fait entre les deux mondes\u2009\u00bb, nous explique <strong>Olivier Hochedez<\/strong>, qui tient Le Cellier, le traiteur de la rue, depuis quatre ans. \u00ab\u2009Quand on a ouvert, on \u00e9tait encore en travaux que quatre ou cinq anciens de la rue sont pass\u00e9s sous le rideau et nous ont dit\u2009: <strong>\u2018Bonjour, bienvenue, si vous avez besoin de quoi que ce soit, on est l\u00e0.\u2019<\/strong> Et \u00e7a, c\u2019\u00e9tait quand m\u00eame un peu dingue.\u2009\u00bb<\/p>\n<p class=\" wall-content\">Comment expliquer ce microcosme bienveillant qui s\u2019est form\u00e9 dans cet axe-l\u00e0\u2009? \u00ab\u2009C\u2019est <strong>une ancienne voie royale<\/strong> ici, en partant de Paris direction le ch\u00e2teau des ducs de Bretagne. C\u2019est <strong>une porte d\u2019entr\u00e9e dans la ville<\/strong>, un lieu de passage tr\u00e8s fr\u00e9quent\u00e9\u2009\u00bb, ajoute Olivier.<\/p>\n<p>    <img   decoding=\"async\" loading=\"lazy\" src=\"https:\/\/www.europesays.com\/fr\/wp-content\/uploads\/2025\/08\/capture-decran-2025-08-19-094748-960x640.png\" alt=\"La place Mar\u00e9chal Foch et sa colonne Louis XVI se placent comme une fronti\u00e8re physique entre le quartier Saint-Cl\u00e9ment et le centre-ville. \" width=\"960\" height=\"640\"\/><br \/>\n    La colonne Louis XVI se place comme une fronti\u00e8re physique entre le quartier Saint-Cl\u00e9ment et le quartier de la cath\u00e9drale. (\u00a9Archives de Nantes)<\/p>\n<p class=\" wall-content\">La rue Mar\u00e9chal Joffre, qui ne porte le nom de ce fameux officier fran\u00e7ais de la Premi\u00e8re Guerre mondiale que <strong>depuis 1931<\/strong>, s\u2019appelait auparavant <strong>rue Saint-Cl\u00e9ment<\/strong>, du nom donn\u00e9 \u00e0 <a href=\"https:\/\/actu.fr\/pays-de-la-loire\/nantes_44109\/nantes-cette-eglise-emblematique-ferme-pendant-deux-ans-en-raison-de-travaux_62598451.html\" target=\"_blank\" rel=\"noopener\">la paroisse \u00e9difi\u00e9e dans le faubourg<\/a> d\u00e8s le Moyen-\u00e2ge. Elle se situe aux portes historiques de la ville, juste <strong>\u00e0 l\u2019ext\u00e9rieur des remparts<\/strong>, dont le vestige le mieux conserv\u00e9, la porte Saint-Pierre, est encore visible derri\u00e8re la place Foch.<\/p>\n<p class=\" wall-content\">Cette derni\u00e8re, prolong\u00e9e par les cours Saint-Andr\u00e9 et Saint-Pierre, fait encore figure de <strong>fronti\u00e8re avec le centre-ville<\/strong>. \u00ab\u2009On n\u2019est pas compl\u00e8tement dans le centre, et on n\u2019est pas compl\u00e8tement \u00e0 l\u2019ext\u00e9rieur. Cette esp\u00e8ce d\u2019<strong>entre-deux g\u00e9ographique cr\u00e9e ce petit cocon entre nous<\/strong>. Finalement, on est un peu comme <strong>les irr\u00e9ductibles Gaulois<\/strong>\u2009\u00bb, plaisante le commer\u00e7ant.<\/p>\n<blockquote class=\"ac-article-quote wall-content\">\n<p>Notre force, c&rsquo;est qu&rsquo;on est tous des commerces ind\u00e9pendants et tr\u00e8s diff\u00e9rents. Le boulanger, il ouvre \u00e0 6h45, et le dernier commerce, il ferme \u00e0 4h. En fait, la rue Joffre, elle s&rsquo;\u00e9teint juste deux heures. Sinon, elle est toujours en mouvement, et c&rsquo;est \u00e7a qui est beau. <\/p>\n<p>    <strong>Olivier Hochedez, patron du traiteur Le Cellier et co-g\u00e9rant de l&rsquo;association des commer\u00e7ants<\/strong>\n            <\/p><\/blockquote>\n<p>\u00ab\u2009Ici je retrouve Belleville, je me sens chez moi\u2009\u00bb<\/p>\n<p class=\" wall-content\">La particularit\u00e9 de la rue Joffre tient aussi en son <strong>dialogue rapproch\u00e9 entre habitants et commer\u00e7ants<\/strong>. Que ce soit le grand banquet \u00ab\u2009Joffre mon amour\u2009\u00bb (plus d\u2019infos en fin d\u2019article), le tournoi de p\u00e9tanque \u00ab\u2009Joffre mes boules\u2009\u00bb, les vide-greniers et leur bar \u00e0 hu\u00eetre, ou encore l\u2019\u00e9v\u00e8nement festif \u00ab\u2009DJ au balcon\u2009\u00bb (lors duquel des DJs s\u2019installent litt\u00e9ralement au balcon des habitants), il n\u2019y a plus une date qui n\u2019est pas<strong> organis\u00e9e main dans la main par les deux camps<\/strong>, en g\u00e9n\u00e9ral plut\u00f4t oppos\u00e9s pour des questions de nuisances.<\/p>\n<p class=\" wall-content\">\u00ab\u2009C\u2019est important dans notre soci\u00e9t\u00e9 o\u00f9 <strong>le lien social est en d\u00e9liquescence<\/strong>, de faire des choses ensemble, de<strong> s\u2019apprivoiser entre voisins<\/strong>, m\u00eame si on n\u2019est pas toujours du m\u00eame bord politique\u2009\u00bb, assure <strong>Didier Cervello<\/strong>, pr\u00e9sident de \u00ab\u2009Joffre ma rue\u2009\u00bb, l\u2019association des habitants et des amis de la rue Joffre.<\/p>\n<p>    <img   decoding=\"async\" loading=\"lazy\" src=\"https:\/\/www.europesays.com\/fr\/wp-content\/uploads\/2025\/08\/img-5318-960x640.jpg\" alt=\"La rue Joffre, c'est un melting pot d'\u00e9tudiants, de familles, de retrait\u00e9s et de travailleurs. \" width=\"960\" height=\"640\"\/><br \/>\n    La rue Joffre, c\u2019est un melting-pot d\u2019\u00e9tudiants, de familles, de retrait\u00e9s et de travailleurs.<\/p>\n<p class=\" wall-content\">Il faut dire que les commer\u00e7ants de proximit\u00e9 sont souvent aussi eux-m\u00eames des habitants de la rue, comme <strong>Nadine Neveu<\/strong>, patronne de la boutique de cadeaux Bient\u00f4t et co-pr\u00e9sidente de l\u2019association des commer\u00e7ants.<\/p>\n<blockquote class=\"ac-article-quote wall-content\">\n<p>Je suis arriv\u00e9e en tant qu&rsquo;habitante dans un premier temps, en 2017, et apr\u00e8s en tant que commer\u00e7ante, en 2020. Je ne me serais pas install\u00e9e ailleurs. Je viens de Paris, et ici je retrouve Belleville, je me sens chez moi.<\/p>\n<p>    <strong>Nadine Neveu, patronne de la boutique Bient\u00f4t et co-g\u00e9rante de l&rsquo;association des commer\u00e7ants<\/strong>\n            <\/p><\/blockquote>\n<p class=\" wall-content\"><strong>D\u00e9m\u00e9nager quatre fois, toujours au m\u00eame endroit<\/strong><\/p>\n<p class=\" wall-content\">Les commer\u00e7ants de proximit\u00e9 comptent autant sur le soutien des habitants, que l\u2019inverse est vrai. <strong>Aur\u00e8le<\/strong>, m\u00e8re c\u00e9libataire install\u00e9e dans la rue depuis une dizaine d\u2019ann\u00e9es, se sent en s\u00e9curit\u00e9 gr\u00e2ce \u00e0 eux. \u00ab\u2009C\u2019est tr\u00e8s rassurant de vivre quelque part o\u00f9 tout le monde se conna\u00eet, o\u00f9 je sais que <strong>ma fille, si elle a un probl\u00e8me<\/strong>, peut aller chez Charlotte et \u00c9tienne (les libraires de La Vie devant soi, N.D.L.R.), chez Olivier (Le Cellier), un peu <strong>partout<\/strong>. J\u2019ai v\u00e9cu dans le quartier Decr\u00e9, et ce n\u2019\u00e9tait pas pareil, <strong>c\u2019\u00e9tait froid<\/strong>.\u2009\u00bb<\/p>\n<blockquote class=\"ac-article-quote wall-content\">\n<p>Parfois j&rsquo;essaye de changer de rue pour en sortir un peu, mais je finis toujours par revenir.<\/p>\n<p>    <strong>Aur\u00e8le, habitante de la rue Joffre<\/strong>\n            <\/p><\/blockquote>\n<p class=\" wall-content\">Se nourrir du matin au soir, acheter ses livres ou son tabac, prendre un verre en terrasse, aller au th\u00e9\u00e2tre ou voir un concert, et m\u00eame se faire tatouer ou jouer \u00e0 des jeux\u2009: on peut tellement <strong>tout faire dans un rayon de 300\u00a0m\u00e8tres<\/strong> qu\u2019il faut se forcer pour en partir. S\u00e9verine, arriv\u00e9e par hasard il y a 15\u00a0ans, a <strong>d\u00e9m\u00e9nag\u00e9 quatre fois<\/strong>, mais <strong>toujours dans cette rue-l\u00e0<\/strong>.<\/p>\n<blockquote class=\"ac-article-quote wall-content\">\n<p>Quand t&rsquo;as (sic) eu une dure journ\u00e9e, il suffit de s&rsquo;installer en terrasse, et tu vas forc\u00e9ment croiser quelqu&rsquo;un que tu connais et discuter, \u00e7a change les id\u00e9es.<\/p>\n<p>    <strong>S\u00e9verine, habitante de la rue Joffre<\/strong>\n            <\/p><\/blockquote>\n<p class=\" wall-content\">Un dynamisme qui devient m\u00eame parfois <strong>un soutien \u00e9motionnel<\/strong>. \u00ab\u2009Je me souviens de certaines soir\u00e9es \u00e9lectorales o\u00f9 j\u2019\u00e9tais seule chez moi\u2009\u00bb, raconte Marion, riveraine depuis 8\u00a0ans et d\u00e9sormais vendeuse au primeur bio de la rue. \u00ab\u2009J\u2019ai ressenti ce besoin de sortir dans la rue, je savais qu\u2019il y aurait du monde avec qui partager \u00e7a.\u2009\u00bb<\/p>\n<p class=\" wall-content\">S\u00e9verine, qui s\u2019est d\u00e9j\u00e0 enferm\u00e9e hors de chez elle, n\u2019a \u00ab\u2009eu qu\u2019\u00e0 faire trois m\u00e8tres\u2009\u00bb pour se faire h\u00e9berger. <strong>\u00ab\u2009Cette rue, je l\u2019aime de tout mon c\u0153ur\u2009\u00bb<\/strong>, conclut-elle.<\/p>\n<p>Pour d\u00e9couvrir la rue Joffre dans toute sa splendeur, ne manquez pas l\u2019\u00e9v\u00e8nement Joffre mon Amour. Samedi 13\u00a0septembre 2025\u2009: banquet des restaurateurs dans la rue (<a href=\"https:\/\/www.billetweb.fr\/shop.php?event=joffre-mon-amour-20251\" target=\"_blank\" rel=\"noopener\">r\u00e9servation obligatoire ici<\/a>, nombreux choix possibles, y compris v\u00e9g\u00e9tariens et vegans), animations et concerts \u00e9galement le dimanche.<\/p>\n<p class=\" wall-content\">Personnalisez votre actualit\u00e9 en ajoutant vos villes et m\u00e9dias en favori avec <a href=\"https:\/\/moncompte.actu.fr\" title=\"D\u00e9couvez Mon Actu\" rel=\"nofollow noopener\" data-trk=\"{&quot;cta&quot;:{&quot;action&quot;:&quot;https:\\\/\\\/moncompte.actu.fr&quot;,&quot;category&quot;:&quot;mon compte&quot;,&quot;from&quot;:&quot;article footer&quot;,&quot;name&quot;:&quot;Mon actu&quot;,&quot;type&quot;:&quot;cta&quot;}}\" target=\"_blank\">Mon Actu<\/a>.<\/p>\n","protected":false},"excerpt":{"rendered":"Par Emma Derome Publi\u00e9 le 24 ao\u00fbt 2025 \u00e0 16h26 \u00ab\u2009La rue Joffre et le quartier Joffre ont&hellip;\n","protected":false},"author":2,"featured_media":340815,"comment_status":"","ping_status":"","sticky":false,"template":"","format":"standard","meta":{"footnotes":""},"categories":[2818],"tags":[1111,11,215,1777,674,1011,27,766,12,2551,2636,25,104,3400],"class_list":{"0":"post-340814","1":"post","2":"type-post","3":"status-publish","4":"format-standard","5":"has-post-thumbnail","7":"category-nantes","8":"tag-actu","9":"tag-actualites","10":"tag-commerce","11":"tag-eu","12":"tag-europe","13":"tag-fr","14":"tag-france","15":"tag-nantes","16":"tag-news","17":"tag-patrimoine","18":"tag-pays-de-la-loire","19":"tag-republique-francaise","20":"tag-societe","21":"tag-solidarite"},"share_on_mastodon":{"url":"https:\/\/pubeurope.com\/@fr\/115084379526687898","error":""},"_links":{"self":[{"href":"https:\/\/www.europesays.com\/fr\/wp-json\/wp\/v2\/posts\/340814","targetHints":{"allow":["GET"]}}],"collection":[{"href":"https:\/\/www.europesays.com\/fr\/wp-json\/wp\/v2\/posts"}],"about":[{"href":"https:\/\/www.europesays.com\/fr\/wp-json\/wp\/v2\/types\/post"}],"author":[{"embeddable":true,"href":"https:\/\/www.europesays.com\/fr\/wp-json\/wp\/v2\/users\/2"}],"replies":[{"embeddable":true,"href":"https:\/\/www.europesays.com\/fr\/wp-json\/wp\/v2\/comments?post=340814"}],"version-history":[{"count":0,"href":"https:\/\/www.europesays.com\/fr\/wp-json\/wp\/v2\/posts\/340814\/revisions"}],"wp:featuredmedia":[{"embeddable":true,"href":"https:\/\/www.europesays.com\/fr\/wp-json\/wp\/v2\/media\/340815"}],"wp:attachment":[{"href":"https:\/\/www.europesays.com\/fr\/wp-json\/wp\/v2\/media?parent=340814"}],"wp:term":[{"taxonomy":"category","embeddable":true,"href":"https:\/\/www.europesays.com\/fr\/wp-json\/wp\/v2\/categories?post=340814"},{"taxonomy":"post_tag","embeddable":true,"href":"https:\/\/www.europesays.com\/fr\/wp-json\/wp\/v2\/tags?post=340814"}],"curies":[{"name":"wp","href":"https:\/\/api.w.org\/{rel}","templated":true}]}}