{"id":340816,"date":"2025-08-24T15:10:14","date_gmt":"2025-08-24T15:10:14","guid":{"rendered":"https:\/\/www.europesays.com\/fr\/340816\/"},"modified":"2025-08-24T15:10:14","modified_gmt":"2025-08-24T15:10:14","slug":"les-familles-roumaines-menacees-dexpulsion-a-nantes-assignent-la-ville-devant-la-justice","status":"publish","type":"post","link":"https:\/\/www.europesays.com\/fr\/340816\/","title":{"rendered":"Les familles roumaines menac\u00e9es d\u2019expulsion \u00e0 Nantes assignent la ville devant la justice"},"content":{"rendered":"<p class=\"article__intro\">Une quinzaine de familles roumaines install\u00e9es depuis 2010 dans un bidonville du quartier Doulon, \u00e0 Nantes, font face \u00e0 une proc\u00e9dure d\u2019expulsion. Estimant ne pas avoir pu se d\u00e9fendre, elles ont saisi le tribunal judiciaire en tierce opposition.<\/p>\n<p>\n      La Quotidienne Soci\u00e9t\u00e9\n    <\/p>\n<p>\n      De la vie quotidienne aux grands enjeux, recevez tous les jours les sujets qui font la soci\u00e9t\u00e9 locale, comme la justice, l\u2019\u00e9ducation, la sant\u00e9 et la famille.\n    <\/p>\n<p>    France T\u00e9l\u00e9visions utilise votre adresse e-mail afin de vous envoyer la newsletter \u00ab\u00a0La Quotidienne Soci\u00e9t\u00e9\u00a0\u00bb. Vous pouvez vous d\u00e9sinscrire \u00e0 tout moment via le lien en bas de cette newsletter. <a target=\"_blank\" href=\"https:\/\/www.francetelevisions.fr\/groupe\/confidentialite\/politique-de-confidentialite\/politique-de-confidentialite-de-france-televisions-6503\" rel=\"nofollow noopener\">Notre politique de confidentialit\u00e9<\/a><\/p>\n<p>Le bras de fer s\u2019intensifie. \u00c0 Nantes, une quinzaine de familles roumaines, soit pr\u00e8s de 60 personnes, sont menac\u00e9es d\u2019expulsion du terrain qu\u2019elles occupent depuis 2010 dans le quartier Doulon.<\/p>\n<\/p>\n<p>Au d\u00e9but du mois de mai, la Ville de Nantes, propri\u00e9taire du terrain, a engag\u00e9 une proc\u00e9dure judiciaire pour obtenir leur d\u00e9part.<\/p>\n<p>Dans un communiqu\u00e9 envoy\u00e9 ce dimanche 24 ao\u00fbt, les familles annoncent avoir, \u00e0 leur tour, assign\u00e9 la municipalit\u00e9 en justice.<\/p>\n<p>La proc\u00e9dure avait d\u00e9but\u00e9 le 2 mai 2025, lorsqu\u2019un commissaire de justice s\u2019est pr\u00e9sent\u00e9 sur le terrain afin de signifier une assignation en r\u00e9f\u00e9r\u00e9 \u00e0 compara\u00eetre le 22 mai 2025. Mais le document \u00e9tait destin\u00e9 \u00e0 un individu qui n\u2019habite plus dans ce bidonville.<\/p>\n<p>\u00ab\u00a0Au lieu de chercher son adresse pour lui remettre cette assignation, il s\u2019est content\u00e9 de ce passage et de la r\u00e9ponse donn\u00e9e par une personne non identifi\u00e9e\u00a0\u00bb, rapporte le communiqu\u00e9. L\u2019audience du 22 mai s\u2019est donc tenue sans la pr\u00e9sence de la personne concern\u00e9e, ni de son avocat.<\/p>\n<p>Le 12 juin 2025, le tribunal judiciaire a tout de m\u00eame rendu une ordonnance r\u00e9cvlamant \u00ab\u00a0l\u2019expulsion de M. M.L. et de tous les occupants sans titre ni droit de son chef ou non, au besoin avec l\u2019aide de la force publique\u00a0\u00bb. France 3 Pays de la Loire a pu consulter ce document, sur lequel il est bien pr\u00e9cis\u00e9 que l\u2019huissier n\u2019est pas parvenu \u00e0 trouver le pr\u00e9venu avant l&rsquo;audience.<\/p>\n<p>Les habitants du bidonville n\u2019ont eu connaissance de cette d\u00e9cision que le 24 juillet dernier. \u00ab\u00a0Pour nous, \u00e7a a \u00e9t\u00e9 un bouleversement\u00a0\u00bb, <a target=\"_blank\" rel=\"noopener nofollow\" href=\"https:\/\/france3-regions.franceinfo.fr\/pays-de-la-loire\/loire-atlantique\/nantes\/les-politiques-s-en-foutent-de-nous-des-familles-roms-menacees-d-expulsion-a-cause-d-un-projet-d-urbanisation-3198822.html\">nous avait alors confi\u00e9s Cristina<\/a>, la jeune femme de 25 ans quia grandi sur ce terrain du quartier Doulon.<\/p>\n<p>L\u2019avocat des familles estime que la proc\u00e9dure pr\u00e9sente des vices, puisque les occupants n\u2019ont pas \u00e9t\u00e9 convoqu\u00e9s ni entendus.<\/p>\n<p>\u00ab\u00a0C\u2019est pourquoi les familles du bidonville ont saisi le tribunal judiciaire en formant une tierce opposition \u00e0 l\u2019encontre de la d\u00e9cision du 12 juin 2025\u00a0\u00bb, pr\u00e9cise le communiqu\u00e9.<\/p>\n<p>Cette demande a \u00e9t\u00e9 jug\u00e9e recevable par le tribunal judiciaire et notifi\u00e9e \u00e0 la mairie de Nantes.<\/p>\n<p>Contact\u00e9 par France 3 Pays de la Loire, la municipalit\u00e9 n&rsquo;a pas r\u00e9pondu \u00e0 notre sollicitation \u00e0 l&rsquo;heure de la publication de cet article.<\/p>\n<p><strong>Retrouvez-nous\u00a0sur nos r\u00e9seaux sociaux et sur\u00a0<\/strong><a target=\"_blank\" rel=\"noopener nofollow\" href=\"https:\/\/www.france.tv\/france-3\/pays-de-la-loire\/\"><strong>france.tv<\/strong><\/a><\/p>\n","protected":false},"excerpt":{"rendered":"Une quinzaine de familles roumaines install\u00e9es depuis 2010 dans un bidonville du quartier Doulon, \u00e0 Nantes, font face&hellip;\n","protected":false},"author":2,"featured_media":340817,"comment_status":"","ping_status":"","sticky":false,"template":"","format":"standard","meta":{"footnotes":""},"categories":[2818],"tags":[1111,11,1777,674,1011,27,766,12,2636,25],"class_list":{"0":"post-340816","1":"post","2":"type-post","3":"status-publish","4":"format-standard","5":"has-post-thumbnail","7":"category-nantes","8":"tag-actu","9":"tag-actualites","10":"tag-eu","11":"tag-europe","12":"tag-fr","13":"tag-france","14":"tag-nantes","15":"tag-news","16":"tag-pays-de-la-loire","17":"tag-republique-francaise"},"share_on_mastodon":{"url":"https:\/\/pubeurope.com\/@fr\/115084382916203937","error":""},"_links":{"self":[{"href":"https:\/\/www.europesays.com\/fr\/wp-json\/wp\/v2\/posts\/340816","targetHints":{"allow":["GET"]}}],"collection":[{"href":"https:\/\/www.europesays.com\/fr\/wp-json\/wp\/v2\/posts"}],"about":[{"href":"https:\/\/www.europesays.com\/fr\/wp-json\/wp\/v2\/types\/post"}],"author":[{"embeddable":true,"href":"https:\/\/www.europesays.com\/fr\/wp-json\/wp\/v2\/users\/2"}],"replies":[{"embeddable":true,"href":"https:\/\/www.europesays.com\/fr\/wp-json\/wp\/v2\/comments?post=340816"}],"version-history":[{"count":0,"href":"https:\/\/www.europesays.com\/fr\/wp-json\/wp\/v2\/posts\/340816\/revisions"}],"wp:featuredmedia":[{"embeddable":true,"href":"https:\/\/www.europesays.com\/fr\/wp-json\/wp\/v2\/media\/340817"}],"wp:attachment":[{"href":"https:\/\/www.europesays.com\/fr\/wp-json\/wp\/v2\/media?parent=340816"}],"wp:term":[{"taxonomy":"category","embeddable":true,"href":"https:\/\/www.europesays.com\/fr\/wp-json\/wp\/v2\/categories?post=340816"},{"taxonomy":"post_tag","embeddable":true,"href":"https:\/\/www.europesays.com\/fr\/wp-json\/wp\/v2\/tags?post=340816"}],"curies":[{"name":"wp","href":"https:\/\/api.w.org\/{rel}","templated":true}]}}