{"id":340818,"date":"2025-08-24T15:12:11","date_gmt":"2025-08-24T15:12:11","guid":{"rendered":"https:\/\/www.europesays.com\/fr\/340818\/"},"modified":"2025-08-24T15:12:11","modified_gmt":"2025-08-24T15:12:11","slug":"les-joueurs-des-girondins-de-bordeaux-deja-sermonnes-par-les-supporters","status":"publish","type":"post","link":"https:\/\/www.europesays.com\/fr\/340818\/","title":{"rendered":"les joueurs des Girondins de Bordeaux d\u00e9j\u00e0 sermonn\u00e9s par les supporters"},"content":{"rendered":"<p>            Par<br \/>\n        <strong><br \/>\n            <a href=\"https:\/\/actu.fr\/auteur\/redaction-bordeaux\" title=\"Consulter tous les articles de R\u00e9daction Bordeaux\" target=\"_blank\" rel=\"noopener\">R\u00e9daction Bordeaux<\/a><br \/>\n        <\/strong><\/p>\n<p>        Publi\u00e9 le<\/p>\n<p>            24 ao\u00fbt 2025 \u00e0 11h26        <\/p>\n<p>Il n\u2019aura fallu que deux petits matchs pour d\u00e9j\u00e0 tirer la sonnette d\u2019alarme aux <a href=\"https:\/\/actu.fr\/tag\/girondins-de-bordeaux\" target=\"_blank\" rel=\"noopener\">Girondins de Bordeaux<\/a>. Apr\u00e8s avoir conc\u00e9d\u00e9 le nul (0-0) en ouverture du championnat contre Avranches, les hommes de Bruno Irles se sont inclin\u00e9s (0-1) au <a href=\"https:\/\/actu.fr\/tag\/matmut-atlantique\" target=\"_blank\" rel=\"noopener\">stade Atlantique<\/a> contre Granville le samedi 23\u00a0ao\u00fbt 2025.<\/p>\n<p class=\" wall-content\">Le d\u00e9but de saison pouvait s\u2019annoncer radieux\u2009: une <strong>campagne d\u2019abonnement r\u00e9ussie<\/strong> et deux rencontres \u00e0 domicile pour entamer le National\u00a02. Au final, les carences se font d\u00e9j\u00e0 sentir.<\/p>\n<p class=\" wall-content\">Cueillis \u00e0 froid peu apr\u00e8s l\u2019heure de jeu, les Girondins<strong> n\u2019ont jamais r\u00e9ussi \u00e0 mettre le danger<\/strong> dans la surface normande. Une premi\u00e8re d\u00e9faite qui inqui\u00e8te d\u00e9j\u00e0 les supporters, soucieux d\u2019un <strong>recrutement peu ambitieux<\/strong> par rapport aux objectifs fix\u00e9s par le club.<\/p>\n<p class=\" wall-content\">Au coup de sifflet final, les joueurs se sont fait <strong>sermonner<\/strong> devant le virage sud, fortement garni malgr\u00e9 la prestation d\u00e9cevante. Les supporters se sont adress\u00e9s aux joueurs pour exprimer leur m\u00e9contentement.<\/p>\n<p class=\" wall-content\">\n<p class=\" wall-content\">\u00ab\u2009On ne veut pas voir \u00e7a en National\u00a02. On ne veut pas voir \u00e7a, on veut de l\u2019envie, de la motivation, de la hargne. <strong>Que vous soyez pr\u00eats \u00e0 mourir sur le terrain.<\/strong> Vous avez vu la tribune que vous avez, en National\u00a02\u2009? On a une des meilleures tribunes de Ligue\u00a01. Soyez-en fiers, soyez-en dignes. Au bout de vos pieds, vous tenez un des joyaux du foot fran\u00e7ais. Vous devez tout donner\u2009\u00bb, a clam\u00e9 un des repr\u00e9sentants du virage sud.<\/p>\n<p>Des banderoles contre G\u00e9rard Lopez<\/p>\n<p class=\" wall-content\">Tout au long de la rencontre, des <strong>banderoles<\/strong> contre le pr\u00e9sident G\u00e9rard Lopez ont fleuri dans la tribune occup\u00e9e par les Ultramarines. Elles visaient la gestion de la direction autour du recrutement. \u00ab\u2009Mercato <strong>inachev\u00e9<\/strong> \u00e0 cause de contrats mal g\u00e9r\u00e9s\u2009: le FCGB encore une fois sabord\u00e9\u2009\u00bb, \u00e9tait inscrit sur la premi\u00e8re affiche. Cela fait r\u00e9f\u00e9rence au cas Yanis Merdji et Etienne Beugr\u00e9, non d\u00e9sir\u00e9s en \u00e9quipe premi\u00e8re mais qui ne trouvent pas de porte de sortie.<\/p>\n<p>Votre r\u00e9gion, votre actu !<\/p>\n<p>Recevez chaque jour les infos qui comptent pour vous.<\/p>\n<p>\t<a href=\"https:\/\/actu.fr\/newsletter\" class=\"ac-btn ac-btn--corner ac-btn--medium ac-btn--blue800\" target=\"_blank\" rel=\"noopener\">S&rsquo;incrire<\/a><\/p>\n<p class=\" wall-content\">La deuxi\u00e8me banderole \u00e9voquait une sortie m\u00e9diatique de l\u2019homme d\u2019affaires hispano-luxembourgeois. \u00ab\u2009G\u00e9rard Lopez\u2009: plan B, plan C ou plan JDD\u2026 mais toujours pas de plan gagnant\u2009\u00bb. En effet, en juin dernier, le pr\u00e9sident avait accord\u00e9 un entretien au journal Le JDD apr\u00e8s la validation de son <strong>plan de continuation<\/strong> par le tribunal de commerce de Bordeaux.<\/p>\n<p class=\" wall-content\">Les prochains jours s\u2019annoncent <strong>charg\u00e9s<\/strong> pour la direction pour g\u00e9rer les derni\u00e8res rotations dans l\u2019effectif pour tenter de croire \u00e0 l\u2019objectif affich\u00e9\u2009:<strong> la mont\u00e9e en National\u00a01.<\/strong><\/p>\n<p class=\" wall-content\">Personnalisez votre actualit\u00e9 en ajoutant vos villes et m\u00e9dias en favori avec <a href=\"https:\/\/moncompte.actu.fr\" title=\"D\u00e9couvez Mon Actu\" rel=\"nofollow noopener\" data-trk=\"{&quot;cta&quot;:{&quot;action&quot;:&quot;https:\\\/\\\/moncompte.actu.fr&quot;,&quot;category&quot;:&quot;mon compte&quot;,&quot;from&quot;:&quot;article footer&quot;,&quot;name&quot;:&quot;Mon actu&quot;,&quot;type&quot;:&quot;cta&quot;}}\" target=\"_blank\">Mon Actu<\/a>.<\/p>\n","protected":false},"excerpt":{"rendered":"Par R\u00e9daction Bordeaux Publi\u00e9 le 24 ao\u00fbt 2025 \u00e0 11h26 Il n\u2019aura fallu que deux petits matchs pour&hellip;\n","protected":false},"author":2,"featured_media":340819,"comment_status":"","ping_status":"","sticky":false,"template":"","format":"standard","meta":{"footnotes":""},"categories":[2817],"tags":[1111,11,1997,1777,674,63,1011,27,2908,5977,12,2219,25,60],"class_list":{"0":"post-340818","1":"post","2":"type-post","3":"status-publish","4":"format-standard","5":"has-post-thumbnail","7":"category-bordeaux","8":"tag-actu","9":"tag-actualites","10":"tag-bordeaux","11":"tag-eu","12":"tag-europe","13":"tag-football","14":"tag-fr","15":"tag-france","16":"tag-girondins-de-bordeaux","17":"tag-matmut-atlantique","18":"tag-news","19":"tag-nouvelle-aquitaine","20":"tag-republique-francaise","21":"tag-sports"},"share_on_mastodon":{"url":"https:\/\/pubeurope.com\/@fr\/115084390837297377","error":""},"_links":{"self":[{"href":"https:\/\/www.europesays.com\/fr\/wp-json\/wp\/v2\/posts\/340818","targetHints":{"allow":["GET"]}}],"collection":[{"href":"https:\/\/www.europesays.com\/fr\/wp-json\/wp\/v2\/posts"}],"about":[{"href":"https:\/\/www.europesays.com\/fr\/wp-json\/wp\/v2\/types\/post"}],"author":[{"embeddable":true,"href":"https:\/\/www.europesays.com\/fr\/wp-json\/wp\/v2\/users\/2"}],"replies":[{"embeddable":true,"href":"https:\/\/www.europesays.com\/fr\/wp-json\/wp\/v2\/comments?post=340818"}],"version-history":[{"count":0,"href":"https:\/\/www.europesays.com\/fr\/wp-json\/wp\/v2\/posts\/340818\/revisions"}],"wp:featuredmedia":[{"embeddable":true,"href":"https:\/\/www.europesays.com\/fr\/wp-json\/wp\/v2\/media\/340819"}],"wp:attachment":[{"href":"https:\/\/www.europesays.com\/fr\/wp-json\/wp\/v2\/media?parent=340818"}],"wp:term":[{"taxonomy":"category","embeddable":true,"href":"https:\/\/www.europesays.com\/fr\/wp-json\/wp\/v2\/categories?post=340818"},{"taxonomy":"post_tag","embeddable":true,"href":"https:\/\/www.europesays.com\/fr\/wp-json\/wp\/v2\/tags?post=340818"}],"curies":[{"name":"wp","href":"https:\/\/api.w.org\/{rel}","templated":true}]}}