{"id":340824,"date":"2025-08-24T15:15:14","date_gmt":"2025-08-24T15:15:14","guid":{"rendered":"https:\/\/www.europesays.com\/fr\/340824\/"},"modified":"2025-08-24T15:15:14","modified_gmt":"2025-08-24T15:15:14","slug":"handicap-valides-ou-pas-et-si-vous-rejoignez-les-habitats-partages-simon-de-cyrene-a-croix","status":"publish","type":"post","link":"https:\/\/www.europesays.com\/fr\/340824\/","title":{"rendered":"Handicap. Valides ou pas, et si vous rejoignez les habitats partag\u00e9s \u00ab Simon de Cyr\u00e8ne \u00bb \u00e0 Croix\u00a0?"},"content":{"rendered":"<p>            Par<br \/>\n        <strong><br \/>\n            <a href=\"https:\/\/actu.fr\/auteur\/annesophie-2\" title=\"Consulter tous les articles de Anne-Sophie Hourdeaux\" rel=\"nofollow noopener\" target=\"_blank\">Anne-Sophie Hourdeaux<\/a><br \/>\n        <\/strong><\/p>\n<p>        Publi\u00e9 le<\/p>\n<p>            24 ao\u00fbt 2025 \u00e0 16h16        <\/p>\n<p>Trois rez-de-chauss\u00e9e, comptant chacun plusieurs studios individuels et des grands espaces communs : voil\u00e0 \u00e0 quoi ressembleront <b>les habitats partag\u00e9s Simon de Cyr\u00e8ne <\/b>\u00e0 <a href=\"https:\/\/actu.fr\/hauts-de-france\/croix_59163\" rel=\"nofollow noopener\" target=\"_blank\">Croix<\/a> (Nord)<b>, en centre-ville<\/b>, sur le site de la Maillerie. Ils seront les premiers de ce genre dans le Nord, <b>avec personnes handicap\u00e9es (c\u00e9r\u00e9bro-l\u00e9s\u00e9es) et valides.<\/b> <b>L\u2019ouverture est pr\u00e9vue mi 2026<\/b>. Vous pouvez postuler ! On vous explique en quoi consiste ce projet.<\/p>\n<p>3 rez-de-chauss\u00e9e de 550\u00a0m2 chacun \u00e0 la Maillerie<\/p>\n<p class=\" wall-content\">\u00c0 la Maillerie, \u00e9norme site entre Croix et <a href=\"https:\/\/actu.fr\/hauts-de-france\/villeneuve-d-ascq_59009\" rel=\"nofollow noopener\" target=\"_blank\">Villeneuve-d\u2019Ascq<\/a>, \u00e7a construit encore. En face de parc ludo-\u00e9ducatif Palomano, et pr\u00e8s des Halles, 3 immeubles sont sortis de terre. Ils accueilleront leurs premiers habitants en 2026. Et parmi eux, un projet tr\u00e8s original : des habitats partag\u00e9s !<\/p>\n<p>    <img   decoding=\"async\" loading=\"lazy\" class=\"size-large\" src=\"https:\/\/www.europesays.com\/fr\/wp-content\/uploads\/2025\/08\/5883afe92c5863c83afe92c581093av-960x640.jpg\" alt=\"habitat partag\u00e9 simon de cyr\u00e8ne croix\" width=\"960\" height=\"640\"\/><br \/>\n    Les habitats partag\u00e9s Simon de Cyr\u00e8ne \u00e0 Croix se trouvent au rez-de-chauss\u00e9e de 3 immeubles en construction, pr\u00e8s d\u2019un nouvel espace vert avec la Marque r\u00e9apparente. \u00a9Anne-Sophie Hourdeaux \/Croix du Nord<\/p>\n<p class=\" wall-content\">C\u2019est l\u2019association Simon de Cyr\u00e8ne Lille M\u00e9tropole qui propose ces h\u00e9bergements d\u2019un genre nouveau. \u00ab Sont mis \u00e0 notre disposition 3 rez-de-chauss\u00e9e d\u2019immeubles, de 550\u00a0m2 chacun, avec 11 studios par local, et une grande pi\u00e8ce de vie commune de 80\u00a0m2 \u00bb d\u00e9taille Laurence Rasson, responsable communication de Simon de Cyr\u00e8ne Lille M\u00e9tropole.<\/p>\n<p class=\" wall-content\">La particularit\u00e9 est de proposer une vie commune entre personnes porteuses de handicap c\u00e9r\u00e9bral et valides. \u00ab Chaque habitat, que nous appelons \u2018maisons\u2019, comptera 6 studios pour personnes handicap\u00e9es et 5 pour des personnes valides, dont 2 services civiques. Ce sera comme une grande famille ! \u00bb d\u00e9taille Vincent Leurent, pr\u00e9sident de l\u2019association.<\/p>\n<p>    <img   decoding=\"async\" loading=\"lazy\" class=\"size-large\" src=\"https:\/\/www.europesays.com\/fr\/wp-content\/uploads\/2025\/08\/d3c5afe92c586c7c5afe92c589bc5av-960x640.jpg\" alt=\"habitat partag\u00e9 simon de cyr\u00e8ne croix\" width=\"960\" height=\"640\"\/><br \/>\n    Entr\u00e9e d\u2019un des 3 locaux, 550 m2 chacun avec 11 studios, 6 pour les personnes c\u00e9r\u00e9bro-l\u00e9s\u00e9es et 5 pour valides, dont 2 en service civique. \u00a9Anne-Sophie Hourdeaux \/Croix du NordPartout en France<\/p>\n<p class=\" wall-content\">Ce projet est li\u00e9 \u00e0 la f\u00e9d\u00e9ration Simon de Cyr\u00e8ne, impuls\u00e9e par Laurent de Cherisey, qui veut d\u00e9velopper des habitats partag\u00e9s entre handicap\u00e9s c\u00e9r\u00e9bro-l\u00e9s\u00e9s et valides en France depuis 2011. On en trouve \u00e0 Lyon, Toulouse, Vanves, Dijon, Nantes, Marseille, Angers\u2026 Mais le Nord n\u2019\u00e9tait pas encore concern\u00e9. C\u2019est chose faite !<\/p>\n<p>Votre r\u00e9gion, votre actu !<\/p>\n<p>Recevez chaque jour les infos qui comptent pour vous.<\/p>\n<p>\t<a href=\"https:\/\/actu.fr\/newsletter\" class=\"ac-btn ac-btn--corner ac-btn--medium ac-btn--blue800\" rel=\"nofollow noopener\" target=\"_blank\">S&rsquo;incrire<\/a><\/p>\n<p>    <img   decoding=\"async\" loading=\"lazy\" class=\"size-large\" src=\"https:\/\/www.europesays.com\/fr\/wp-content\/uploads\/2025\/08\/3aed3fe92c5862eed3fe92c5822fd3v-960x640.jpg\" alt=\"habitat partag\u00e9 simon de cyr\u00e8ne croix\" width=\"960\" height=\"640\"\/><br \/>\n    Chaque \u00ab maison \u00bb Simon de Cyr\u00e8ne compte des studios individuels pour personnes handicap\u00e9es et valides, et des espaces communs. \u00a9Anne-Sophie Hourdeaux \/Croix du Nord<\/p>\n<p class=\" wall-content\">\u00ab On a eu la chance de rencontrer un promoteur immobilier, Nhood, avant m\u00eame la construction, ce qui nous a permis d\u2019\u00eatre entendus sur nos demandes et d\u2019avoir des locaux vraiment adapt\u00e9s \u00e0 notre projet \u00bb. Chaque rez-de-chauss\u00e9e donnera sur un jardin. En plus des 3 locaux, une salle polyvalente d\u2019activit\u00e9s est aussi mise \u00e0 disposition, qui pourra accueillir les habitants et d\u2019autres personnes porteuses de handicap ext\u00e9rieures.<\/p>\n<p>Super emplacement, entre centre-ville et nature<\/p>\n<p class=\" wall-content\">Cerise sur le g\u00e2teau, l\u2019emplacement : \u00e0 quelques centaines de m\u00e8tres du centre-ville de Croix et \u00e0 deux pas d\u2019un nouvel espace nature, la Branche de Croix renatur\u00e9e, avec la Marque r\u00e9apparente. \u00ab On voulait que nos h\u00e9bergements soient inclusifs en c\u0153ur de ville, et pas isol\u00e9s. L\u00e0, on a la nature en plus ! \u00bb signale Vincent Leurent.<\/p>\n<p class=\" wall-content\">Fin juin 2025 a eu lieu une visite des locaux par les premiers int\u00e9ress\u00e9s. Les b\u00e2timents sont encore en chantier, mais on peut d\u00e9j\u00e0 se projeter. Le futur directeur des 3 \u00ab maisons \u00bb \u00e9tait sur place, Christian Jouhanet : \u00ab Le but de ce projet est de faire en sorte que l\u2019autonomie ne rime pas avec solitude. On est chez soi, mais pas seul. La vie fraternelle sera importante, avec des animations, tout en respectant un accompagnement socio-m\u00e9dical \u00bb.<\/p>\n<p>Crit\u00e8res de s\u00e9lection<\/p>\n<p class=\" wall-content\">Le recrutement des \u00ab colocataires \u00bb, valides ou non, est en cours. Un s\u00e9jour d\u2019essai sera propos\u00e9. Quels sont les crit\u00e8res de s\u00e9lection ? \u00ab Il faut que les personnes porteuses de handicap c\u00e9r\u00e9bro-l\u00e9s\u00e9es soient majeures, hommes ou femmes, qu\u2019elles soient dans une situation m\u00e9dico-sociale stabilis\u00e9e, qu\u2019elles acceptent de partager des moments communs et de d\u00e9velopper leur autonomie\u2026 \u00bb signale l\u2019\u00e9quipe.<\/p>\n<p class=\" wall-content\">C\u00f4t\u00e9 personnes valides, deux jeunes en service civique sont recherch\u00e9s, plus 2 autres r\u00e9sidents salari\u00e9s par la structure, \u00ab qui s\u2019engagent au moins pour un an ou 2, ils seront r\u00e9mun\u00e9r\u00e9s avec la PCH, prestation de compensation du handicap, et avec le statut d\u2019aide \u00e0 domicile \u00bb. En plus, sera pr\u00e9sent un responsable de maison.<\/p>\n<p class=\" wall-content\">Le projet est d\u2019inspiration chr\u00e9tienne, comme son nom l\u2019indique. Simon de Cyr\u00e8ne est celui qui est appel\u00e9 par les Romains \u00e0 aider J\u00e9sus \u00e0 porter sa croix. Le symbole de la compassion, de la fraternit\u00e9. Mais le projet n\u2019est pas r\u00e9serv\u00e9 aux croyants, il est ouvert \u00e0 tous, sans lien avec la religion.<\/p>\n<p class=\" wall-content\">Mais l\u2019esprit Simon de Cyr\u00e8ne, ce n\u2019est pas seulement des habitats partag\u00e9s. \u00ab On a commenc\u00e9 en 2017 avec un groupe de compagnons \u00e0 Marcq-en-Bar\u0153ul, qui se r\u00e9unissait une fois par mois autour d\u2019un grand repas convivial. Aujourd\u2019hui, existe le groupe d\u2019entraide mutuelle, GEM, avec une salari\u00e9e, qui 3\u00a0jours par semaine se retrouve pour des activit\u00e9s et des sorties\u00a0\u00bb. Ce groupe continuera, parall\u00e8lement aux habitats partag\u00e9s.<\/p>\n<p>Infos : <a href=\"https:\/\/actu.fr\/cdn-cgi\/l\/email-protection\" class=\"__cf_email__\" data-cfemail=\"23404c4d574240570d4f4a4f4f4663504a4e4c4d4746405a51464d460d4c5144\" rel=\"nofollow noopener\" target=\"_blank\">[email\u00a0protected]<\/a>. En savoir plus : https:\/\/www.simondecyrene.org<\/p>\n<p class=\" wall-content\">Personnalisez votre actualit\u00e9 en ajoutant vos villes et m\u00e9dias en favori avec <a href=\"https:\/\/moncompte.actu.fr\" title=\"D\u00e9couvez Mon Actu\" rel=\"nofollow noopener\" data-trk=\"{&quot;cta&quot;:{&quot;action&quot;:&quot;https:\\\/\\\/moncompte.actu.fr&quot;,&quot;category&quot;:&quot;mon compte&quot;,&quot;from&quot;:&quot;article footer&quot;,&quot;name&quot;:&quot;Mon actu&quot;,&quot;type&quot;:&quot;cta&quot;}}\" target=\"_blank\">Mon Actu<\/a>.<\/p>\n","protected":false},"excerpt":{"rendered":"Par Anne-Sophie Hourdeaux Publi\u00e9 le 24 ao\u00fbt 2025 \u00e0 16h16 Trois rez-de-chauss\u00e9e, comptant chacun plusieurs studios individuels et&hellip;\n","protected":false},"author":2,"featured_media":340825,"comment_status":"","ping_status":"","sticky":false,"template":"","format":"standard","meta":{"footnotes":""},"categories":[2815],"tags":[1111,11,1777,674,1011,27,1943,811,1307,12,25,104],"class_list":{"0":"post-340824","1":"post","2":"type-post","3":"status-publish","4":"format-standard","5":"has-post-thumbnail","7":"category-lille","8":"tag-actu","9":"tag-actualites","10":"tag-eu","11":"tag-europe","12":"tag-fr","13":"tag-france","14":"tag-handicap","15":"tag-hauts-de-france","16":"tag-lille","17":"tag-news","18":"tag-republique-francaise","19":"tag-societe"},"share_on_mastodon":{"url":"https:\/\/pubeurope.com\/@fr\/115084403020418044","error":""},"_links":{"self":[{"href":"https:\/\/www.europesays.com\/fr\/wp-json\/wp\/v2\/posts\/340824","targetHints":{"allow":["GET"]}}],"collection":[{"href":"https:\/\/www.europesays.com\/fr\/wp-json\/wp\/v2\/posts"}],"about":[{"href":"https:\/\/www.europesays.com\/fr\/wp-json\/wp\/v2\/types\/post"}],"author":[{"embeddable":true,"href":"https:\/\/www.europesays.com\/fr\/wp-json\/wp\/v2\/users\/2"}],"replies":[{"embeddable":true,"href":"https:\/\/www.europesays.com\/fr\/wp-json\/wp\/v2\/comments?post=340824"}],"version-history":[{"count":0,"href":"https:\/\/www.europesays.com\/fr\/wp-json\/wp\/v2\/posts\/340824\/revisions"}],"wp:featuredmedia":[{"embeddable":true,"href":"https:\/\/www.europesays.com\/fr\/wp-json\/wp\/v2\/media\/340825"}],"wp:attachment":[{"href":"https:\/\/www.europesays.com\/fr\/wp-json\/wp\/v2\/media?parent=340824"}],"wp:term":[{"taxonomy":"category","embeddable":true,"href":"https:\/\/www.europesays.com\/fr\/wp-json\/wp\/v2\/categories?post=340824"},{"taxonomy":"post_tag","embeddable":true,"href":"https:\/\/www.europesays.com\/fr\/wp-json\/wp\/v2\/tags?post=340824"}],"curies":[{"name":"wp","href":"https:\/\/api.w.org\/{rel}","templated":true}]}}