{"id":340828,"date":"2025-08-24T15:17:22","date_gmt":"2025-08-24T15:17:22","guid":{"rendered":"https:\/\/www.europesays.com\/fr\/340828\/"},"modified":"2025-08-24T15:17:22","modified_gmt":"2025-08-24T15:17:22","slug":"sebastien-barles-se-rapproche-un-peu-plus-de-lfi","status":"publish","type":"post","link":"https:\/\/www.europesays.com\/fr\/340828\/","title":{"rendered":"S\u00e9bastien Barles se rapproche un peu plus de LFI"},"content":{"rendered":"<p>S\u00e9bastien Barles se rapproche un peu plus de LFI<\/p>\n<p>Suspendu au d\u00e9but de l\u2019\u00e9t\u00e9 par EELV pour <a href=\"https:\/\/www.laprovence.com\/article\/elections\/17411892287612\/municipales-a-marseille-pour-lavoir-joue-trop-solo-sebastien-barles-suspendu-deelv\" target=\"_blank\" rel=\"noopener\">l\u2019avoir jou\u00e9 trop solo en vue des municipales<\/a>, S\u00e9bastien Barles se rapproche un peu plus de La France insoumise. Dans une tribune publi\u00e9e le 17\u00a0ao\u00fbt dans La Tribune dimanche, l\u2019adjoint au maire fustige des \u00c9cologistes \u00ab\u00a0exsangues\u00a0\u00bb, un parti qui \u00ab\u00a0s\u2019est ringardis\u00e9 mettant sa cr\u00e9ativit\u00e9 au vestiaire\u00a0\u00bb et \u00ab\u00a0gangren\u00e9 par de st\u00e9riles et picrocholines guerres internes\u00a0\u00bb. Bref\u00a0: pour porter l'\u00a0\u00bb\u00e9cologie de transformation, de combat, de lib\u00e9ration, d\u2019\u00e9mancipation\u00a0\u00bb qu\u2019il appelle de ses v\u0153ux, S\u00e9bastien Barles estime que \u00ab\u00a0le partenaire politique privil\u00e9gi\u00e9 de cette force \u00e9colo radicale \u00e0 venir est <a href=\"https:\/\/www.laprovence.com\/article\/politique\/1584181440543314\/municipales-la-france-insoumise-fait-cavalier-seul-face-a-la-tentative-d-union-de-la-gauche-a-aubagne\" target=\"_blank\" rel=\"noopener\">La France insoumise<\/a>\u00ab\u00a0. La perche est tendue.<\/p>\n<p>Sy.P.<br \/>\n\u00c0 droite, on veut planter un nouvel arbre pour Ilan Halimi<\/p>\n<p><a href=\"https:\/\/www.laprovence.com\/article\/faits-divers-justice\/3126312322384414\/un-olivier-rendant-hommage-a-ilan-halimi-sequestre-et-battu-a-mort-en-2006-a-ete-abattu-a-epinay-sur-seine\" target=\"_blank\" rel=\"noopener\">Apr\u00e8s le tron\u00e7onnage de l\u2019olivier en m\u00e9moire d\u2019Ilan Halimi \u00e0 \u00c9pinay-sur-Seine<\/a>, le 14\u00a0ao\u00fbt, le collectif Une G\u00e9n\u00e9ration pour Marseille, qui rassemble des \u00e9lus et militants de droite, a \u00e9crit au maire de Marseille. Il souhaite qu\u2019un nouvel arbre soit plant\u00e9 par la Ville en hommage \u00e0 ce Fran\u00e7ais de confession juive victime d\u2019un assassinat antis\u00e9mite en janvier\u00a02006. En\u00a02019, un ch\u00eane avait d\u00e9j\u00e0 \u00e9t\u00e9 plant\u00e9 \u00e0 l\u2019initi&#8230;<\/p>\n","protected":false},"excerpt":{"rendered":"S\u00e9bastien Barles se rapproche un peu plus de LFI Suspendu au d\u00e9but de l\u2019\u00e9t\u00e9 par EELV pour l\u2019avoir&hellip;\n","protected":false},"author":2,"featured_media":340829,"comment_status":"","ping_status":"","sticky":false,"template":"","format":"standard","meta":{"footnotes":""},"categories":[2814],"tags":[17,1111,11,47719,2826,1777,674,1011,27,884,12,27233,378,316,882,17296,25,17417],"class_list":{"0":"post-340828","1":"post","2":"type-post","3":"status-publish","4":"format-standard","5":"has-post-thumbnail","7":"category-marseille","8":"tag-17","9":"tag-actu","10":"tag-actualites","11":"tag-barles","12":"tag-confidentiels","13":"tag-eu","14":"tag-europe","15":"tag-fr","16":"tag-france","17":"tag-marseille","18":"tag-news","19":"tag-peu","20":"tag-plus","21":"tag-politique","22":"tag-provence-alpes-cote-dazur","23":"tag-rapproche","24":"tag-republique-francaise","25":"tag-sebastien"},"share_on_mastodon":{"url":"https:\/\/pubeurope.com\/@fr\/115084410413913174","error":""},"_links":{"self":[{"href":"https:\/\/www.europesays.com\/fr\/wp-json\/wp\/v2\/posts\/340828","targetHints":{"allow":["GET"]}}],"collection":[{"href":"https:\/\/www.europesays.com\/fr\/wp-json\/wp\/v2\/posts"}],"about":[{"href":"https:\/\/www.europesays.com\/fr\/wp-json\/wp\/v2\/types\/post"}],"author":[{"embeddable":true,"href":"https:\/\/www.europesays.com\/fr\/wp-json\/wp\/v2\/users\/2"}],"replies":[{"embeddable":true,"href":"https:\/\/www.europesays.com\/fr\/wp-json\/wp\/v2\/comments?post=340828"}],"version-history":[{"count":0,"href":"https:\/\/www.europesays.com\/fr\/wp-json\/wp\/v2\/posts\/340828\/revisions"}],"wp:featuredmedia":[{"embeddable":true,"href":"https:\/\/www.europesays.com\/fr\/wp-json\/wp\/v2\/media\/340829"}],"wp:attachment":[{"href":"https:\/\/www.europesays.com\/fr\/wp-json\/wp\/v2\/media?parent=340828"}],"wp:term":[{"taxonomy":"category","embeddable":true,"href":"https:\/\/www.europesays.com\/fr\/wp-json\/wp\/v2\/categories?post=340828"},{"taxonomy":"post_tag","embeddable":true,"href":"https:\/\/www.europesays.com\/fr\/wp-json\/wp\/v2\/tags?post=340828"}],"curies":[{"name":"wp","href":"https:\/\/api.w.org\/{rel}","templated":true}]}}