{"id":340832,"date":"2025-08-24T15:19:17","date_gmt":"2025-08-24T15:19:17","guid":{"rendered":"https:\/\/www.europesays.com\/fr\/340832\/"},"modified":"2025-08-24T15:19:17","modified_gmt":"2025-08-24T15:19:17","slug":"dans-une-ville-calme-il-est-atteint-par-trois-balles","status":"publish","type":"post","link":"https:\/\/www.europesays.com\/fr\/340832\/","title":{"rendered":"dans une ville calme, il est atteint par trois balles"},"content":{"rendered":"<p itemprop=\"description\"><strong>La gendarmerie du Rh\u00f4ne est charg\u00e9e de l&rsquo;enqu\u00eate.<\/strong><\/p>\n<p>Depuis la nuit du 12 au 13 ao\u00fbt dernier, les militaires tentent de comprendre ce qu&rsquo;il s&rsquo;est pass\u00e9 \u00e0 Charbonni\u00e8res-les-Bains.<\/p>\n<p>Au pied d&rsquo;une r\u00e9sidence Lodge Park derri\u00e8re les Halles de l&rsquo;Ouest, un homme avait \u00e9t\u00e9 la cible de tirs d&rsquo;arme \u00e0 feu et avait \u00e9t\u00e9 atteint \u00e0 trois reprises. Il avait ensuite \u00e9t\u00e9 conduit par sa compagne jusqu&rsquo;\u00e0 la clinique de la Sauvegarde \u00e0 la Duch\u00e8re pour \u00eatre pris en charge.<\/p>\n<p>Depuis, la victime a pu sortir de l&rsquo;h\u00f4pital. Mais le flou r\u00e8gne autour de son agression \u00e0 l&rsquo;arme \u00e0 feu. La m\u00eame nuit, un v\u00e9hicule avait \u00e9t\u00e9 retrouv\u00e9 incendi\u00e9 sur la commune de l&rsquo;Ouest lyonnais.<\/p>\n<p>Aucune piste ne semble se d\u00e9gager, d&rsquo;autant que Charbonni\u00e8res-les-Bains n&rsquo;est pas r\u00e9put\u00e9e pour \u00eatre une plaque tournante du trafic de drogue.<\/p>\n","protected":false},"excerpt":{"rendered":"La gendarmerie du Rh\u00f4ne est charg\u00e9e de l&rsquo;enqu\u00eate. Depuis la nuit du 12 au 13 ao\u00fbt dernier, les&hellip;\n","protected":false},"author":2,"featured_media":340833,"comment_status":"","ping_status":"","sticky":false,"template":"","format":"standard","meta":{"footnotes":""},"categories":[1889],"tags":[1111,11,2813,2190,2430,1109,251,1112,2811,1777,674,118,1011,27,1922,1110,1114,2428,2810,12,241,316,25,2812,517,800],"class_list":{"0":"post-340832","1":"post","2":"type-post","3":"status-publish","4":"format-standard","5":"has-post-thumbnail","7":"category-lyon","8":"tag-actu","9":"tag-actualites","10":"tag-article","11":"tag-asvel","12":"tag-auvergne-rhone-alpes","13":"tag-breves","14":"tag-culture","15":"tag-depeches","16":"tag-economique","17":"tag-eu","18":"tag-europe","19":"tag-faits-divers","20":"tag-fr","21":"tag-france","22":"tag-info","23":"tag-informations","24":"tag-infos","25":"tag-lyon","26":"tag-lyonmag","27":"tag-news","28":"tag-ol","29":"tag-politique","30":"tag-republique-francaise","31":"tag-sociale","32":"tag-sport","33":"tag-transports"},"share_on_mastodon":{"url":"https:\/\/pubeurope.com\/@fr\/115084418316272713","error":""},"_links":{"self":[{"href":"https:\/\/www.europesays.com\/fr\/wp-json\/wp\/v2\/posts\/340832","targetHints":{"allow":["GET"]}}],"collection":[{"href":"https:\/\/www.europesays.com\/fr\/wp-json\/wp\/v2\/posts"}],"about":[{"href":"https:\/\/www.europesays.com\/fr\/wp-json\/wp\/v2\/types\/post"}],"author":[{"embeddable":true,"href":"https:\/\/www.europesays.com\/fr\/wp-json\/wp\/v2\/users\/2"}],"replies":[{"embeddable":true,"href":"https:\/\/www.europesays.com\/fr\/wp-json\/wp\/v2\/comments?post=340832"}],"version-history":[{"count":0,"href":"https:\/\/www.europesays.com\/fr\/wp-json\/wp\/v2\/posts\/340832\/revisions"}],"wp:featuredmedia":[{"embeddable":true,"href":"https:\/\/www.europesays.com\/fr\/wp-json\/wp\/v2\/media\/340833"}],"wp:attachment":[{"href":"https:\/\/www.europesays.com\/fr\/wp-json\/wp\/v2\/media?parent=340832"}],"wp:term":[{"taxonomy":"category","embeddable":true,"href":"https:\/\/www.europesays.com\/fr\/wp-json\/wp\/v2\/categories?post=340832"},{"taxonomy":"post_tag","embeddable":true,"href":"https:\/\/www.europesays.com\/fr\/wp-json\/wp\/v2\/tags?post=340832"}],"curies":[{"name":"wp","href":"https:\/\/api.w.org\/{rel}","templated":true}]}}