{"id":340834,"date":"2025-08-24T15:20:12","date_gmt":"2025-08-24T15:20:12","guid":{"rendered":"https:\/\/www.europesays.com\/fr\/340834\/"},"modified":"2025-08-24T15:20:12","modified_gmt":"2025-08-24T15:20:12","slug":"rhone-addict-aux-jeux-il-vole-et-escroque-des-dizaines-de-personnes-agees","status":"publish","type":"post","link":"https:\/\/www.europesays.com\/fr\/340834\/","title":{"rendered":"Rh\u00f4ne : addict aux jeux, il vole et escroque des dizaines de personnes \u00e2g\u00e9es"},"content":{"rendered":"<p>                            <img loading=\"lazy\" width=\"1080\" height=\"675\" class=\"attachment-article size-article wp-post-image lazyload\" alt=\"Policiers. @Hugo LAUBEPIN\" decoding=\"async\" src=\"https:\/\/www.europesays.com\/fr\/wp-content\/uploads\/2025\/06\/POlice-copie-e1687266383243.jpg\" data-eio-rwidth=\"1080\" data-eio-rheight=\"675\"\/><\/p>\n<p>Policiers au palais de justice de Lyon<br \/>\n@Hugo LAUBEPIN<\/p>\n<p class=\"content\" style=\"font-size:1.2em;font-weight:700\">Un homme de 57 ans a \u00e9t\u00e9 condamn\u00e9 \u00e0 trois ans de prison avec maintien en d\u00e9tention par le tribunal judiciaire de Lyon pour des vols et escroqueries commis dans toute la r\u00e9gion.<\/p>\n<p>Apr\u00e8s une premi\u00e8re condamnation en 2020 par le tribunal de Saint-\u00c9tienne pour des vols commis aupr\u00e8s de 25 personnes, puis en 2023 pour les m\u00eames faits sur 32 victimes, un homme de 57 ans, sans domicile fixe et p\u00e8re de trois filles, a \u00e9t\u00e9 condamn\u00e9 par le tribunal judiciaire de Lyon le 21 ao\u00fbt une nouvelle fois pour des vols et escroqueries commis majoritairement sur des personnes \u00e2g\u00e9es, indiquent nos confr\u00e8res du <a href=\"https:\/\/c.leprogres.fr\/faits-divers-justice\/2025\/08\/23\/pour-satisfaire-son-addiction-aux-jeux-il-escroquait-principalement-les-personnes-agees\" target=\"_blank\" rel=\"noreferrer noopener nofollow\">Progr\u00e8s<\/a>.<\/p>\n<p>Le mis en cause a en effet r\u00e9cidiv\u00e9 dans diff\u00e9rentes villes de la r\u00e9gion d\u2019Auvergne-Rh\u00f4ne-Alpes entre mars et juin 2025, dont D\u00e9cines, Grigny-sur-Rh\u00f4ne, Givors ou encore le Puy-en-Velay, pour r\u00e9pondre \u00e0 son addiction aux jeux. Et toujours sur des personnes \u00e2g\u00e9es. Le quinquag\u00e9naire aux 16 mentions dans son casier judiciaire s\u2019introduisait dans diff\u00e9rents domiciles pour y subtiliser des cartes bancaires ou des esp\u00e8ces. Il a plusieurs fois \u00e9t\u00e9 film\u00e9 devant des distributeurs automatiques avec les cartes des victimes. <\/p>\n<p>\u2028\u2028Le pr\u00e9venu, a finalement \u00e9t\u00e9 interpell\u00e9 le 25 juin dernier. Il a \u00e9t\u00e9 condamn\u00e9 \u00e0 une peine de trois ans de prison avec maintien en d\u00e9tention.<\/p>\n","protected":false},"excerpt":{"rendered":"Policiers au palais de justice de Lyon @Hugo LAUBEPIN Un homme de 57 ans a \u00e9t\u00e9 condamn\u00e9 \u00e0&hellip;\n","protected":false},"author":2,"featured_media":177475,"comment_status":"","ping_status":"","sticky":false,"template":"","format":"standard","meta":{"footnotes":""},"categories":[1889],"tags":[1111,11,2430,1777,674,1011,27,2428,12,25],"class_list":{"0":"post-340834","1":"post","2":"type-post","3":"status-publish","4":"format-standard","5":"has-post-thumbnail","7":"category-lyon","8":"tag-actu","9":"tag-actualites","10":"tag-auvergne-rhone-alpes","11":"tag-eu","12":"tag-europe","13":"tag-fr","14":"tag-france","15":"tag-lyon","16":"tag-news","17":"tag-republique-francaise"},"share_on_mastodon":{"url":"https:\/\/pubeurope.com\/@fr\/115084422504980206","error":""},"_links":{"self":[{"href":"https:\/\/www.europesays.com\/fr\/wp-json\/wp\/v2\/posts\/340834","targetHints":{"allow":["GET"]}}],"collection":[{"href":"https:\/\/www.europesays.com\/fr\/wp-json\/wp\/v2\/posts"}],"about":[{"href":"https:\/\/www.europesays.com\/fr\/wp-json\/wp\/v2\/types\/post"}],"author":[{"embeddable":true,"href":"https:\/\/www.europesays.com\/fr\/wp-json\/wp\/v2\/users\/2"}],"replies":[{"embeddable":true,"href":"https:\/\/www.europesays.com\/fr\/wp-json\/wp\/v2\/comments?post=340834"}],"version-history":[{"count":0,"href":"https:\/\/www.europesays.com\/fr\/wp-json\/wp\/v2\/posts\/340834\/revisions"}],"wp:featuredmedia":[{"embeddable":true,"href":"https:\/\/www.europesays.com\/fr\/wp-json\/wp\/v2\/media\/177475"}],"wp:attachment":[{"href":"https:\/\/www.europesays.com\/fr\/wp-json\/wp\/v2\/media?parent=340834"}],"wp:term":[{"taxonomy":"category","embeddable":true,"href":"https:\/\/www.europesays.com\/fr\/wp-json\/wp\/v2\/categories?post=340834"},{"taxonomy":"post_tag","embeddable":true,"href":"https:\/\/www.europesays.com\/fr\/wp-json\/wp\/v2\/tags?post=340834"}],"curies":[{"name":"wp","href":"https:\/\/api.w.org\/{rel}","templated":true}]}}