{"id":340837,"date":"2025-08-24T15:22:09","date_gmt":"2025-08-24T15:22:09","guid":{"rendered":"https:\/\/www.europesays.com\/fr\/340837\/"},"modified":"2025-08-24T15:22:09","modified_gmt":"2025-08-24T15:22:09","slug":"ratp-et-sncf-les-perturbations-annoncees-dans-les-transports-a-paris-et-en-ile-de-france-cette-semaine","status":"publish","type":"post","link":"https:\/\/www.europesays.com\/fr\/340837\/","title":{"rendered":"RATP et SNCF. Les perturbations annonc\u00e9es dans les transports \u00e0 Paris et en \u00cele-de-France cette semaine"},"content":{"rendered":"<p>            Par<br \/>\n        <strong><br \/>\n            <a href=\"https:\/\/actu.fr\/auteur\/redaction-paris\" title=\"Consulter tous les articles de R\u00e9daction Paris\" target=\"_blank\" rel=\"noopener\">R\u00e9daction Paris<\/a><br \/>\n        <\/strong><\/p>\n<p>        Publi\u00e9 le<\/p>\n<p>            24 ao\u00fbt 2025 \u00e0 17h11        <\/p>\n<p>A quelques jours de la rentr\u00e9e, la <a href=\"https:\/\/actu.fr\/tag\/ratp\" target=\"_blank\" rel=\"noopener\">RATP<\/a> et la <a href=\"https:\/\/actu.fr\/tag\/sncf\" target=\"_blank\" rel=\"noopener\">SNCF<\/a> n\u2019en ont pas fini avec les travaux sur diff\u00e9rentes lignes \u00e0 Paris et en \u00cele-de-France. Voici les perturbations qui vous attendent dans les <a href=\"https:\/\/actu.fr\/tag\/transport\" target=\"_blank\" rel=\"noopener\">transports<\/a> en commun franciliens du lundi 25 au dimanche 31 ao\u00fbt 2025.\u00a0<\/p>\n<p>Les perturbations dans le m\u00e9tro<\/p>\n<ul class=\" wall-content\">\n<li><strong>Ligne 1 :<\/strong> jusqu\u2019au 31 ao\u00fbt, le trafic est interrompu entre Charles de Gaulle \u2013 Etoile et La D\u00e9fense en raison de travaux d\u2019entretien. Bus en place.\u00a0<\/li>\n<li><strong>Ligne 6 :<\/strong> jusqu\u2019au 28 septembre, l\u2019arr\u00eat n\u2019est pas desservi \u00e0 Cambronne en raison de travaux de modernisation.\u00a0<\/li>\n<li><strong>Ligne 8 :<\/strong> jusqu\u2019au 31 ao\u00fbt, le trafic sera interrompu entre Reuilly-Diderot et Concorde en raison de travaux de modernisation.<\/li>\n<li><strong>Ligne 13 :<\/strong> jusqu\u2019au 31 ao\u00fbt, les acc\u00e8s aux stations Gabriel P\u00e9ri et Pernety sont ferm\u00e9s pour travaux.\u00a0<\/li>\n<\/ul>\n<p>Les perturbations dans le RER<\/p>\n<ul class=\" wall-content\">\n<li><strong>RER B\u00a0:<\/strong> En raison de travaux jusqu\u2019au 27 ao\u00fbt inclus\u200b\u200b, le trafic est interrompu entre Massy\u2013Palaiseau et La Croix de Berny.\u00a0<\/li>\n<li><strong>RER C :<\/strong> jusqu\u2019au 29 ao\u00fbt, du lundi au vendredi, d\u00e8s 23 h, le trafic est interrompu entre Paris Austerlitz et Pont de Rungis. Report : Lignes du M\u00e9tro, Tramways et lignes de bus de ville.\u00a0<\/li>\n<li><strong>RER D :<\/strong> jusqu\u2019au 31 octobre, du lundi au vendredi \u00e0 partir de 23h20, le trafic est interrompu entre Gare du Nord et Creil en raison de travaux. Bus en place. Jusqu\u2019au vendredi 29 ao\u00fbt, les gares entre Paris Gare de Lyon et Villeneuve-Saint-Georges ne sont pas desservies. Un service de bus de remplacement est mis en place entre Maisons-Alfort Alfortville et Villeneuve-Saint-Georges.\u00a0<\/li>\n<\/ul>\n<p>Les perturbations dans le Transilien<\/p>\n<ul class=\" wall-content\">\n<li><strong>Ligne J\u00a0:<\/strong> jusqu\u2019au 29 ao\u00fbt, du lundi au vendredi d\u00e8s 20h40, le trafic est interrompu entre Gare Saint-Lazare et Mantes-la-Jolie via Conflans-Sainte-Honorine. Bus de remplacement.<\/li>\n<li><strong>Ligne K\u00a0:<\/strong> jusqu\u2019au vendredi 19 d\u00e9cembre en soir\u00e9e, le trafic est interrompu entre Paris Gare du Nord et Cr\u00e9py-en-Valois.<\/li>\n<li><strong>Ligne N :<\/strong> jusqu\u2019au vendredi 12 d\u00e9cembre, le trafic est interrompu entre Paris Est et Coulommiers en semaine \u00e0 partir de 21h30. Jusqu\u2019au vendredi 29 ao\u00fbt, le trafic est interrompu en semaine \u00e0 partir de 21h entre Paris Montparnasse et Dreux. Un service de bus de remplacement est mis en place, avec desserte des gares interm\u00e9diaires. Le trafic est \u00e9galement \u00e0 l\u2019arr\u00eat aux m\u00eames heures de Paris Montparnasse vers Mantes-la-Jolie. Un service de bus de remplacement est mis en place au d\u00e9part de Versailles-Chantiers avec desserte des gares interm\u00e9diaires. Il l\u2019est \u00e9galement entre Paris Montparnasse et Plaisir \u2013 Grignon d\u00e8s 21h30 ainsi qu\u2019entre Paris Montparnasse et Rambouillet.<\/li>\n<li><strong>Ligne R\u00a0:<\/strong> jusqu\u2019au vendredi 29 ao\u00fbt, en semaine de 10h20 \u00e0 15h25, le trafic est interrompu entre Melun et Montereau via H\u00e9ricy. Un service de bus de remplacement est mis en place, avec desserte des gares interm\u00e9diaires.<\/li>\n<li><strong>Ligne U :<\/strong> jusqu\u2019au au vendredi 29 ao\u00fbt, en semaine \u00e0 partir de 21h30,\u00a0 le trafic est interrompu entre La D\u00e9fense et La Verri\u00e8re. Des bus de remplacement sont mis en place.\u00a0<\/li>\n<\/ul>\n<p>Les perturbations sur les lignes de tramway<\/p>\n<ul class=\" wall-content\">\n<li><strong>T1\u00a0:<\/strong> le trafic est interrompu entre Asni\u00e8res \u2013 Quatre Routes et Gare de Saint-Denis et perturb\u00e9 sur le reste de la ligne en raison d\u2019une d\u00e9gradation par un tiers \u00e0 L\u2019\u00cele-Saint-Denis. Pas de reprise pr\u00e9vue jusqu\u2019\u00e0 nouvel ordre.<\/li>\n<li><strong>T2\u2009:<\/strong> jusqu\u2019au 2 novembre 2025, le trafic est interrompu entre Porte de Versailles et Suzanne Lenglen en raison d\u2019importants travaux de modernisation.<br \/>Pour rejoindre la Porte de Versailles, depuis Suzanne Lenglen, rejoindre \u00e0 pied la station Balard du T3a.<\/li>\n<\/ul>\n<p class=\" wall-content\">Personnalisez votre actualit\u00e9 en ajoutant vos villes et m\u00e9dias en favori avec <a href=\"https:\/\/moncompte.actu.fr\" title=\"D\u00e9couvez Mon Actu\" rel=\"nofollow noopener\" data-trk=\"{&quot;cta&quot;:{&quot;action&quot;:&quot;https:\\\/\\\/moncompte.actu.fr&quot;,&quot;category&quot;:&quot;mon compte&quot;,&quot;from&quot;:&quot;article footer&quot;,&quot;name&quot;:&quot;Mon actu&quot;,&quot;type&quot;:&quot;cta&quot;}}\" target=\"_blank\">Mon Actu<\/a>.<\/p>\n","protected":false},"excerpt":{"rendered":"Par R\u00e9daction Paris Publi\u00e9 le 24 ao\u00fbt 2025 \u00e0 17h11 A quelques jours de la rentr\u00e9e, la RATP&hellip;\n","protected":false},"author":2,"featured_media":340838,"comment_status":"","ping_status":"","sticky":false,"template":"","format":"standard","meta":{"footnotes":""},"categories":[1592],"tags":[1111,11,1777,674,1011,27,662,12,626,625,25,2215,104,12443],"class_list":{"0":"post-340837","1":"post","2":"type-post","3":"status-publish","4":"format-standard","5":"has-post-thumbnail","7":"category-ile-de-france","8":"tag-actu","9":"tag-actualites","10":"tag-eu","11":"tag-europe","12":"tag-fr","13":"tag-france","14":"tag-ile-de-france","15":"tag-news","16":"tag-paris","17":"tag-ratp","18":"tag-republique-francaise","19":"tag-sncf","20":"tag-societe","21":"tag-transilien"},"share_on_mastodon":{"url":"https:\/\/pubeurope.com\/@fr\/115084430181530486","error":""},"_links":{"self":[{"href":"https:\/\/www.europesays.com\/fr\/wp-json\/wp\/v2\/posts\/340837","targetHints":{"allow":["GET"]}}],"collection":[{"href":"https:\/\/www.europesays.com\/fr\/wp-json\/wp\/v2\/posts"}],"about":[{"href":"https:\/\/www.europesays.com\/fr\/wp-json\/wp\/v2\/types\/post"}],"author":[{"embeddable":true,"href":"https:\/\/www.europesays.com\/fr\/wp-json\/wp\/v2\/users\/2"}],"replies":[{"embeddable":true,"href":"https:\/\/www.europesays.com\/fr\/wp-json\/wp\/v2\/comments?post=340837"}],"version-history":[{"count":0,"href":"https:\/\/www.europesays.com\/fr\/wp-json\/wp\/v2\/posts\/340837\/revisions"}],"wp:featuredmedia":[{"embeddable":true,"href":"https:\/\/www.europesays.com\/fr\/wp-json\/wp\/v2\/media\/340838"}],"wp:attachment":[{"href":"https:\/\/www.europesays.com\/fr\/wp-json\/wp\/v2\/media?parent=340837"}],"wp:term":[{"taxonomy":"category","embeddable":true,"href":"https:\/\/www.europesays.com\/fr\/wp-json\/wp\/v2\/categories?post=340837"},{"taxonomy":"post_tag","embeddable":true,"href":"https:\/\/www.europesays.com\/fr\/wp-json\/wp\/v2\/tags?post=340837"}],"curies":[{"name":"wp","href":"https:\/\/api.w.org\/{rel}","templated":true}]}}