{"id":340841,"date":"2025-08-24T15:24:11","date_gmt":"2025-08-24T15:24:11","guid":{"rendered":"https:\/\/www.europesays.com\/fr\/340841\/"},"modified":"2025-08-24T15:24:11","modified_gmt":"2025-08-24T15:24:11","slug":"legislative-partielle-a-paris-rachida-dati-maintient-sa-candidature-face-a-michel-barnier","status":"publish","type":"post","link":"https:\/\/www.europesays.com\/fr\/340841\/","title":{"rendered":"L\u00e9gislative partielle \u00e0 Paris : Rachida Dati maintient sa candidature face \u00e0 Michel Barnier"},"content":{"rendered":"<ul class=\"jsx-862013697 ArticleChapo__List\">\n<li class=\"jsx-862013697 ArticleChapo__List_Item flex\">Rachida Dati a annonc\u00e9 samedi le maintien de sa candidature \u00e0 la l\u00e9gislative partielle dans la 2\u1d49 circonscription de Paris.<\/li>\n<li class=\"jsx-862013697 ArticleChapo__List_Item flex\">La ministre de la Culture fera notamment face \u00e0 l&rsquo;ex-Premier ministre Michel Barnier, pourtant investi par son parti Les R\u00e9publicains.<\/li>\n<\/ul>\n<p data-module=\"article-paragraph\" class=\"jsx-3046738180 Paragraph Paragraph__End\">Un duel \u00e0 droite. Rachida Dati, qui lorgne \u00e9galement sur la mairie de Paris en 2026, a annonc\u00e9 samedi 23 ao\u00fbt le maintien de sa candidature \u00e0 la l\u00e9gislative partielle dans la 2\u1d49 circonscription de la capitale, malgr\u00e9 les poursuites judiciaires qui p\u00e8sent sur elle. \u00ab\u00a0L\u2019\u00e9lection l\u00e9gislative qui aura lieu dans ma circonscription des 5\u1d49, 6\u1d49 et 7\u1d49 arrondissements sera la premi\u00e8re \u00e9tape du rassemblement et de la dynamique de victoire \u00e0 Paris\u00a0\u00bb, affirme la ministre de la Culture. \u00ab\u00a0J\u2019invite les forces politiques de la droite et du centre \u00e0 prendre leurs responsabilit\u00e9s. D\u00e8s \u00e0 pr\u00e9sent, j\u2019assumerai les miennes et je le ferai jusqu\u2019au bout\u00a0\u00bb, mart\u00e8le-t-elle dans un entretien \u00e0 <a href=\"https:\/\/www.latribune.fr\/la-tribune-dimanche\/opinions\/opinion-pour-paris-le-temps-de-l-union-et-de-la-victoire-par-rachida-dati-ministre-de-la-culture-1031328.html\" rel=\"nofollow noopener\" target=\"_blank\">La Tribune du Dimanche<\/a>.\u00a0<\/p>\n<p>\u00ab\u00a0L\u2019opportunit\u00e9 historique de tourner la page\u00a0\u00bb Anne Hidalgo<\/p>\n<p data-module=\"article-paragraph\" class=\"jsx-3046738180 Paragraph\">La maire LR du 7\u1d49 arrondissement d\u00e9nonce la candidature \u00ab\u00a0instrumentalis\u00e9e\u00a0\u00bb de Michel Barnier et veut faire de cette premi\u00e8re \u00e9ch\u00e9ance \u00e9lectorale un tremplin vers les municipales pr\u00e9vues l&rsquo;ann\u00e9e suivante. Le tout, malgr\u00e9 une guerre fratricide \u00e0 droite, que la pr\u00e9sidente de la f\u00e9d\u00e9ration LR de Paris Agn\u00e8s Evren<a href=\"https:\/\/www.tf1info.fr\/politique\/election-legislative-partielle-2025-a-paris-lr-espere-trouver-un-accord-avec-rachida-dati-d-ici-la-rentree-2385875.html\" target=\"_blank\" rel=\"noopener\"> esp\u00e9rait d&rsquo;ailleurs \u00e9viter<\/a> jusqu&rsquo;\u00e0 tr\u00e8s r\u00e9cemment. \u00ab\u00a0Je me pr\u00e9sente aux suffrages des Parisiens pour un seul objectif : gagner Paris et rendre aux Parisiens la ville qu&rsquo;ils m\u00e9ritent\u00a0\u00bb, mart\u00e8le <a href=\"https:\/\/www.tf1info.fr\/politique\/election-legislative-partielle-a-paris-michel-barnier-invite-rachida-dati-a-ne-pas-se-tromper-d-election-2386704.html\" target=\"_blank\" rel=\"noopener\">Rachida Dati<\/a>, estimant que la ville aux plus de deux millions d&rsquo;habitants \u00ab\u00a0vit une crise sans pr\u00e9c\u00e9dent\u00a0\u00bb.\u00a0<\/p>\n<p data-module=\"article-paragraph\" class=\"jsx-3046738180 Paragraph\">\u00ab\u00a0Aujourd\u2019hui, nous avons l\u2019opportunit\u00e9 historique de tourner cette page. Nous avons un projet solide, des \u00e9lus implant\u00e9s dans tous les arrondissements et l\u2019\u00e9nergie pour transformer notre capitale\u00a0\u00bb, poursuit-elle, appelant \u00e0 \u00ab\u00a0unir toutes les forces de la droite et du centre autour d\u2019un projet commun\u00a0\u00bb.<\/p>\n<p data-module=\"article-paragraph\" class=\"jsx-3046738180 Paragraph Paragraph__End\">Rachida Dati a repris sa carte chez LR, apr\u00e8s avoir \u00e9t\u00e9 exclue en 2024 lors de son entr\u00e9e au gouvernement. \u00c0 son agenda \u00e9lectoral, elle doit faire correspondre son agenda judiciaire, alors qu&rsquo;une premi\u00e8re audience de son proc\u00e8s pour corruption et trafic d&rsquo;influence est pr\u00e9vue le 29 septembre.\u00a0<\/p>\n<p><a href=\"https:\/\/www.tf1info.fr\/politique\/legislative-partielle-a-paris-michel-barnier-et-rachida-dati-s-affronteront-les-21-et-28-septembre-2025-2387264.html\" rel=\"noopener\" class=\"jsx-3308031228 Link flex\" target=\"_blank\"><img decoding=\"async\" src=\"https:\/\/www.europesays.com\/fr\/wp-content\/uploads\/2025\/08\/dati-barnier-841a99-1@1x.jpeg\" alt=\"Rachida Dati et Michel Barnier, photographi\u00e9s le 11 mai 2021. \" loading=\"lazy\" importance=\"low\" fetchpriority=\"low\" class=\"\" aria-hidden=\"true\"\/><\/p>\n<p class=\"jsx-3657663356 ReadMoreArticle__Title\">Lire aussi<\/p>\n<p class=\"jsx-3657663356\">L\u00e9gislative partielle \u00e0 Paris : Michel Barnier et Rachida Dati s\u2019affronteront les 21 et 28 septembre<\/p>\n<p><\/a><\/p>\n<p data-module=\"article-paragraph\" class=\"jsx-3046738180 Paragraph Paragraph__End\">Pour rappel, un vote pr\u00e9matur\u00e9 se d\u00e9roule dans cette circonscription apr\u00e8s l&rsquo;invalidation, par le Conseil constitutionnel, de l&rsquo;\u00e9lection du macroniste Jean Laussucq pour irr\u00e9gularit\u00e9s dans ses comptes de campagne. Le scrutin doit se tenir les 21 et 28 septembre.<\/p>\n<p>M.G avec AFP<\/p>\n","protected":false},"excerpt":{"rendered":"Rachida Dati a annonc\u00e9 samedi le maintien de sa candidature \u00e0 la l\u00e9gislative partielle dans la 2\u1d49 circonscription&hellip;\n","protected":false},"author":2,"featured_media":300887,"comment_status":"","ping_status":"","sticky":false,"template":"","format":"standard","meta":{"footnotes":""},"categories":[1888],"tags":[1111,1928,11,1927,1921,5949,1777,674,1011,27,1922,47720,6319,27636,12,1926,626,1925,417,25,133,4530],"class_list":{"0":"post-340841","1":"post","2":"type-post","3":"status-publish","4":"format-standard","5":"has-post-thumbnail","7":"category-paris","8":"tag-actu","9":"tag-actu-paris","10":"tag-actualites","11":"tag-actualites-paris","12":"tag-article-video","13":"tag-elections","14":"tag-eu","15":"tag-europe","16":"tag-fr","17":"tag-france","18":"tag-info","19":"tag-la-politique","20":"tag-les-republicains","21":"tag-michel-barnier","22":"tag-news","23":"tag-news-paris","24":"tag-paris","25":"tag-paris-news","26":"tag-rachida-dati","27":"tag-republique-francaise","28":"tag-video","29":"tag-video-politique"},"share_on_mastodon":{"url":"https:\/\/pubeurope.com\/@fr\/115084438507049733","error":""},"_links":{"self":[{"href":"https:\/\/www.europesays.com\/fr\/wp-json\/wp\/v2\/posts\/340841","targetHints":{"allow":["GET"]}}],"collection":[{"href":"https:\/\/www.europesays.com\/fr\/wp-json\/wp\/v2\/posts"}],"about":[{"href":"https:\/\/www.europesays.com\/fr\/wp-json\/wp\/v2\/types\/post"}],"author":[{"embeddable":true,"href":"https:\/\/www.europesays.com\/fr\/wp-json\/wp\/v2\/users\/2"}],"replies":[{"embeddable":true,"href":"https:\/\/www.europesays.com\/fr\/wp-json\/wp\/v2\/comments?post=340841"}],"version-history":[{"count":0,"href":"https:\/\/www.europesays.com\/fr\/wp-json\/wp\/v2\/posts\/340841\/revisions"}],"wp:featuredmedia":[{"embeddable":true,"href":"https:\/\/www.europesays.com\/fr\/wp-json\/wp\/v2\/media\/300887"}],"wp:attachment":[{"href":"https:\/\/www.europesays.com\/fr\/wp-json\/wp\/v2\/media?parent=340841"}],"wp:term":[{"taxonomy":"category","embeddable":true,"href":"https:\/\/www.europesays.com\/fr\/wp-json\/wp\/v2\/categories?post=340841"},{"taxonomy":"post_tag","embeddable":true,"href":"https:\/\/www.europesays.com\/fr\/wp-json\/wp\/v2\/tags?post=340841"}],"curies":[{"name":"wp","href":"https:\/\/api.w.org\/{rel}","templated":true}]}}