{"id":340846,"date":"2025-08-24T15:27:15","date_gmt":"2025-08-24T15:27:15","guid":{"rendered":"https:\/\/www.europesays.com\/fr\/340846\/"},"modified":"2025-08-24T15:27:15","modified_gmt":"2025-08-24T15:27:15","slug":"lambassadeur-de-russie-a-belgrade-loccident-veut-remplacer-vucic-par-un-homme-politique-faible","status":"publish","type":"post","link":"https:\/\/www.europesays.com\/fr\/340846\/","title":{"rendered":"L&rsquo;ambassadeur de Russie \u00e0 Belgrade : l&rsquo;Occident veut remplacer Vu\u010di\u0107 par un homme politique faible"},"content":{"rendered":"<p>                                                L&rsquo;ambassadeur de Russie \u00e0 Belgrade : l&rsquo;Occident veut remplacer Vucic par un politicien faible                    <\/p>\n<p>                        <img decoding=\"async\" src=\"https:\/\/www.europesays.com\/fr\/wp-content\/uploads\/2025\/08\/000-2-600x360.png\" alt=\"\"\/><\/p>\n<p>                        nouvelles<\/p>\n<p>                            <img decoding=\"async\" src=\"https:\/\/www.europesays.com\/fr\/wp-content\/uploads\/2025\/08\/1754177174_227_LogoExpress-96x96.png\" alt=\"\"\/><\/p>\n<p>                        Gazeta Express<br \/>\n                        24\/08\/2025 17:07<\/p>\n<p>L&rsquo;ambassadeur de Russie \u00e0 Belgrade, Aleksandar Bocan-Kharchenko, a d\u00e9clar\u00e9 que l&rsquo;Occident veut remplacer le pr\u00e9sident serbe Aleksandar Vucic par un homme politique faible, contr\u00f4l\u00e9 par l&rsquo;Union europ\u00e9enne (UE).<\/p>\n<p>\u00ab\u00a0En fait, le d\u00e9sir est de destituer Vucic et d&rsquo;installer un des &lsquo;dirigeants&rsquo;, qui serait le m\u00eame ou similaire \u00e0 ceux qui sont formellement au pouvoir dans d&rsquo;autres pays, mais qui sont compl\u00e8tement subordonn\u00e9s \u00e0 l&rsquo;UE\u00a0\u00bb, a-t-il d\u00e9clar\u00e9 \u00e0 l&rsquo;agence de presse russe RIA Novosti.<\/p>\n<p>Interrog\u00e9 sur ces d\u00e9clarations de l&rsquo;ambassadeur russe, le pr\u00e9sident serbe Aleksandar Vu\u010di\u0107, lors d&rsquo;une conf\u00e9rence de presse, a d\u00e9clar\u00e9 qu&rsquo;il remerciait le diplomate russe pour sa \u00ab rectitude \u00bb.<\/p>\n<p>Vu\u010di\u0107 a rencontr\u00e9 Harcenko le 21 ao\u00fbt et, apr\u00e8s cette rencontre, a annonc\u00e9 qu&rsquo;une r\u00e9union de haut niveau entre les dirigeants de la Serbie et de la Russie aurait lieu prochainement.<\/p>\n<p>\u00ab J&rsquo;ai soulign\u00e9 que nous restons d\u00e9termin\u00e9s \u00e0 d\u00e9velopper des relations amicales avec la Russie, avec une d\u00e9termination claire \u00e0 maintenir la paix et la stabilit\u00e9 politique dans la r\u00e9gion des Balkans occidentaux, en particulier en Bosnie-Herz\u00e9govine \u00bb, a d\u00e9clar\u00e9 Vu\u010di\u0107 apr\u00e8s cette r\u00e9union.<\/p>\n<p class=\"gt-block\"><strong>R\u00e9action de l&rsquo;opposition serbe<\/strong><\/p>\n<p>Le Parti de la libert\u00e9 et de la justice (SSP), parti d&rsquo;opposition, a critiqu\u00e9 l&rsquo;ambassadeur russe pour ses d\u00e9clarations, affirmant que ce n&rsquo;\u00e9tait pas la premi\u00e8re fois qu&rsquo;il interf\u00e9rait publiquement dans les affaires int\u00e9rieures de la Serbie.<\/p>\n<p>Le vice-pr\u00e9sident du Parti populaire serbe, Borko Stefanovi\u0107, a \u00e9crit dans une lettre ouverte \u00e0 l&rsquo;ambassadeur russe qu&rsquo;il \u00ab insulte constamment les citoyens de Serbie, les qualifiant de mercenaires \u00e9trangers et d&rsquo;instruments de l&rsquo;Occident \u00bb.<\/p>\n<p>\u00ab Avec cette action, vous perdez la sympathie de notre peuple, car avec la m\u00eame persistance, vous d\u00e9fendez le r\u00e9gime d&rsquo;un autocrate et ses actions criminelles \u00bb, a d\u00e9clar\u00e9 Stafanovic.<\/p>\n<p class=\"gt-block\"><strong>Les liens officiels de Belgrade avec Moscou<\/strong><\/p>\n<p>Le Kremlin a apport\u00e9 un soutien officiel \u00e0 Belgrade pour ses manifestations anti-gouvernementales, au cours desquelles les manifestants r\u00e9clament la tenue d&rsquo;\u00e9lections parlementaires extraordinaires en Serbie.<\/p>\n<p>Dans une d\u00e9claration du minist\u00e8re russe des Affaires \u00e9trang\u00e8res du 13 ao\u00fbt, il a \u00e9t\u00e9 d\u00e9clar\u00e9 que \u00ab certaines forces en Serbie, sous couvert de slogans sur la \u00ab recherche de la justice et de la d\u00e9mocratie \u00bb, n&rsquo;h\u00e9sitent pas \u00e0 recourir \u00e0 l&rsquo;agression ouverte, \u00e0 la barbarie et \u00e0 la violence \u00bb.<\/p>\n<p>Des manifestations de masse en Serbie, men\u00e9es par des \u00e9tudiants, se poursuivent depuis plus de neuf mois, suite \u00e0 l&rsquo;effondrement d&rsquo;un abri en b\u00e9ton \u00e0 la gare de Novi Sad en novembre dernier, qui a fait 16 morts.<\/p>\n<p>Par ces manifestations, ils exigent que les responsables de la trag\u00e9die de Novi Sad rendent des comptes, que les institutions de l\u2019\u00c9tat remplissent leurs fonctions et que des \u00e9lections parlementaires extraordinaires soient organis\u00e9es.<\/p>\n<p>Belgrade a continu\u00e9 \u00e0 entretenir des relations \u00e9troites avec Moscou m\u00eame apr\u00e8s que la Russie a \u00e9t\u00e9 plac\u00e9e sous sanctions par l\u2019Union europ\u00e9enne, les \u00c9tats-Unis et d\u2019autres pays occidentaux en raison de son invasion de l\u2019Ukraine.<\/p>\n<p>Vucic a rencontr\u00e9 le pr\u00e9sident russe Vladimir Poutine au Kremlin en mai lors de la comm\u00e9moration du 80e anniversaire de la victoire sur le fascisme.<\/p>\n<p>Bien que la Serbie soit candidate \u00e0 l&rsquo;adh\u00e9sion \u00e0 l&rsquo;UE, les autorit\u00e9s refusent de se joindre aux sanctions contre la Russie.\/Radio Free Europe<\/p>\n","protected":false},"excerpt":{"rendered":"L&rsquo;ambassadeur de Russie \u00e0 Belgrade : l&rsquo;Occident veut remplacer Vucic par un politicien faible nouvelles Gazeta Express 24\/08\/2025&hellip;\n","protected":false},"author":2,"featured_media":340847,"comment_status":"","ping_status":"","sticky":false,"template":"","format":"standard","meta":{"footnotes":""},"categories":[1591],"tags":[11,1887,12,1885,1886,132],"class_list":{"0":"post-340846","1":"post","2":"type-post","3":"status-publish","4":"format-standard","5":"has-post-thumbnail","7":"category-russie","8":"tag-actualites","9":"tag-federation-de-russie","10":"tag-news","11":"tag-russia","12":"tag-russian-federation","13":"tag-russie"},"share_on_mastodon":{"url":"https:\/\/pubeurope.com\/@fr\/115084450015837293","error":""},"_links":{"self":[{"href":"https:\/\/www.europesays.com\/fr\/wp-json\/wp\/v2\/posts\/340846","targetHints":{"allow":["GET"]}}],"collection":[{"href":"https:\/\/www.europesays.com\/fr\/wp-json\/wp\/v2\/posts"}],"about":[{"href":"https:\/\/www.europesays.com\/fr\/wp-json\/wp\/v2\/types\/post"}],"author":[{"embeddable":true,"href":"https:\/\/www.europesays.com\/fr\/wp-json\/wp\/v2\/users\/2"}],"replies":[{"embeddable":true,"href":"https:\/\/www.europesays.com\/fr\/wp-json\/wp\/v2\/comments?post=340846"}],"version-history":[{"count":0,"href":"https:\/\/www.europesays.com\/fr\/wp-json\/wp\/v2\/posts\/340846\/revisions"}],"wp:featuredmedia":[{"embeddable":true,"href":"https:\/\/www.europesays.com\/fr\/wp-json\/wp\/v2\/media\/340847"}],"wp:attachment":[{"href":"https:\/\/www.europesays.com\/fr\/wp-json\/wp\/v2\/media?parent=340846"}],"wp:term":[{"taxonomy":"category","embeddable":true,"href":"https:\/\/www.europesays.com\/fr\/wp-json\/wp\/v2\/categories?post=340846"},{"taxonomy":"post_tag","embeddable":true,"href":"https:\/\/www.europesays.com\/fr\/wp-json\/wp\/v2\/tags?post=340846"}],"curies":[{"name":"wp","href":"https:\/\/api.w.org\/{rel}","templated":true}]}}