{"id":340848,"date":"2025-08-24T15:28:11","date_gmt":"2025-08-24T15:28:11","guid":{"rendered":"https:\/\/www.europesays.com\/fr\/340848\/"},"modified":"2025-08-24T15:28:11","modified_gmt":"2025-08-24T15:28:11","slug":"la-presence-de-troupes-alliees-au-sol-en-cas-de-cessez-le-feu-est-importante-pour-kiev-affirme-volodymyr-zelensky","status":"publish","type":"post","link":"https:\/\/www.europesays.com\/fr\/340848\/","title":{"rendered":"la pr\u00e9sence de troupes alli\u00e9es au sol en cas de cessez-le-feu est \u00abimportante\u00bb pour Kiev, affirme Volodymyr Zelensky"},"content":{"rendered":"<p><strong>LE POINT SUR LA SITUATION &#8211;<\/strong> Le premier ministre canadien Mark Carney, en visite \u00e0 Kiev ce dimanche, a de son c\u00f4t\u00e9 affirm\u00e9 que ce n\u2019\u00e9tait \u00abpas \u00e0 la Russie de d\u00e9cider comment garantir la souverainet\u00e9, l\u2019ind\u00e9pendance et la libert\u00e9 de l\u2019Ukraine \u00e0 l\u2019avenir\u00bb.<\/p>\n<p class=\"fig-paragraph\">La pr\u00e9sence de troupes alli\u00e9es au sol en cas de cessez-le-feu est \u00abimportante\u00bb pour\u00a0<a href=\"http:\/\/www.lefigaro.fr\/international\/guerre-en-ukraine-le-pentagone-empeche-depuis-des-mois-kiev-de-frapper-la-russie-avec-des-missiles-a-longue-portee-selon-le-wall-street-journal-20250824\" data-fig-type=\"NewsFlash\" data-gtm-custom-categorie=\"navigation\" data-gtm-custom-action=\"crossclick\" data-gtm-custom-label=\"Contextuel\" data-gtm-event=\"customEventSPE\" data-fig-domain=\"LEFIGARO\" target=\"_blank\" rel=\"noopener\">Kiev<\/a>, a affirm\u00e9\u00a0ce dimanche\u00a0<a href=\"http:\/\/www.lefigaro.fr\/international\/guerre-en-ukraine-volodymyr-zelensky-juge-possible-une-rencontre-avec-vladimir-poutine-et-propose-trois-lieux-20250821\" data-fig-type=\"NewsFlash\" data-gtm-custom-categorie=\"navigation\" data-gtm-custom-action=\"crossclick\" data-gtm-custom-label=\"Contextuel\" data-gtm-event=\"customEventSPE\" data-fig-domain=\"LEFIGARO\" target=\"_blank\" rel=\"noopener\">Volodymyr Zelensky<\/a>, alors que Kiev cherche \u00e0 travailler sur d\u2019\u00e9ventuelles garanties de s\u00e9curit\u00e9 avec ses alli\u00e9s occidentaux.<\/p>\n<p class=\"fig-paragraph\">Le Figaro fait le point sur la situation.<\/p>\n<p>                                    <a class=\"fig-a11y-skip a11y-hidden\" href=\"#fig-a11y-skip-main-inarticle\"><br \/>\n        Passer la publicit\u00e9<br \/>\n    <\/a><\/p>\n<p><strong>La pr\u00e9sence de troupes alli\u00e9es au sol en cas de cessez-le-feu est \u00abimportante\u00bb pour Kiev, affirme Volodymyr Zelensky<\/strong><\/p>\n<p class=\"fig-paragraph\">Le pr\u00e9sident Volodymyr Zelensky a d\u00e9clar\u00e9 dimanche que la pr\u00e9sence de troupes \u00e9trang\u00e8res en Ukraine apr\u00e8s la fin de la guerre avec la Russie \u00e9tait \u00abimportante\u00bb, alors que Kiev cherche \u00e0 travailler sur d\u2019\u00e9ventuelles garanties de s\u00e9curit\u00e9 avec ses alli\u00e9s occidentaux.<\/p>\n<p class=\"fig-paragraph\">La question de la \u00abpr\u00e9sence, comme on dit, des bottes sur le terrain, est importante pour nous\u00bb, a-t-il d\u00e9clar\u00e9 aux c\u00f4t\u00e9s du premier ministre canadien\u00a0<a href=\"http:\/\/www.lefigaro.fr\/international\/canada-mark-carney-promet-que-son-gouvernement-travaillera-sans-relache-pour-que-son-pays-reste-souverain-20250513\" data-fig-type=\"NewsFlash\" data-gtm-custom-categorie=\"navigation\" data-gtm-custom-action=\"crossclick\" data-gtm-custom-label=\"Contextuel\" data-gtm-event=\"customEventSPE\" data-fig-domain=\"LEFIGARO\" target=\"_blank\" rel=\"noopener\">Mark Carney<\/a>, en visite \u00e0 Kiev \u00e0 l\u2019occasion de la f\u00eate de l\u2019ind\u00e9pendance de l\u2019Ukraine.<\/p>\n<p class=\"fig-body-link\">\n            \u00c0 lire aussi<br \/>\n        <a class=\"fig-body-link__link fig-premium-mark\" href=\"http:\/\/www.lefigaro.fr\/international\/guerre-en-ukraine-derriere-l-idee-de-negociations-a-budapest-le-spectre-de-l-echec-du-memorandum-de-1994-20250822\" data-fig-type=\"Article\" data-gtm-custom-categorie=\"navigation\" data-gtm-custom-action=\"crossclick\" data-gtm-custom-label=\"Contextuel\" data-gtm-event=\"customEventSPE\" data-fig-domain=\"LEFIGARO\" target=\"_blank\" rel=\"noopener\">Guerre en Ukraine\u00a0: derri\u00e8re l\u2019id\u00e9e de n\u00e9gociations \u00e0 Budapest, le spectre de l\u2019\u00e9chec du m\u00e9morandum de 1994<br \/>\n    <\/a>\n<\/p>\n<p><strong>Ce \u00abn\u2019est pas \u00e0 la Russie de choisir\u00bb les garanties de s\u00e9curit\u00e9 de l\u2019Ukraine, selon Mark Carney<\/strong><\/p>\n<p class=\"fig-paragraph\">Le premier ministre canadien Mark Carney a estim\u00e9 qu\u2019il n\u2019appartenait pas \u00e0 la Russie de d\u00e9cider des \u00e9ventuelles garanties de s\u00e9curit\u00e9 que l\u2019Ukraine demande \u00e0 ses alli\u00e9s occidentaux pour la fin de la guerre.<\/p>\n<p class=\"fig-paragraph\">\u00abCe n\u2019est pas \u00e0 la Russie de d\u00e9cider comment garantir la souverainet\u00e9, l\u2019ind\u00e9pendance et la libert\u00e9 de l\u2019Ukraine \u00e0 l\u2019avenir. C\u2019est le choix de l\u2019Ukraine et les d\u00e9cisions des partenaires\u00bb, a-t-il d\u00e9clar\u00e9 lors d\u2019une conf\u00e9rence de presse conjointe avec le pr\u00e9sident ukrainien Volodymyr Zelensky.<\/p>\n<p>Mark Carney appelle \u00e0 un \u00abcessez-le-feu\u00bb pour \u00abmettre fin aux tueries\u00bb<\/p>\n<p class=\"fig-paragraph\">Le premier ministre canadien, Mark Carney, a appel\u00e9 dimanche \u00e0 un cessez-le-feu entre la Russie et l\u2019Ukraine, alors que le pr\u00e9sident am\u00e9ricain Donald Trump a dit mi-ao\u00fbt pr\u00e9f\u00e9rer un accord de paix direct entre les bellig\u00e9rants pour mettre fin \u00e0 la guerre.<\/p>\n<p>                                    <a class=\"fig-a11y-skip a11y-hidden\" href=\"#fig-a11y-skip-main-inarticle_mtf\"><br \/>\n        Passer la publicit\u00e9<br \/>\n    <\/a><\/p>\n<p class=\"fig-paragraph\">\u00abPremi\u00e8rement, nous avons besoin d\u2019une cessation des hostilit\u00e9s. Nous avons besoin d\u2019un cessez-le-feu. Nous pouvons l\u2019appeler un cessez-le-feu, une tr\u00eave, un armistice. C\u2019est n\u00e9cessaire pour arr\u00eater les massacres\u00bb, a-t-il ajout\u00e9.<\/p>\n<p>146 prisonniers \u00e9chang\u00e9s<\/p>\n<p class=\"fig-paragraph\">La Russie et l\u2019Ukraine ont \u00e9chang\u00e9 dimanche 146 prisonniers de guerre de chaque camp, a annonc\u00e9 le minist\u00e8re russe de la D\u00e9fense dans un communiqu\u00e9,\u00a0<a href=\"http:\/\/www.lefigaro.fr\/international\/guerre-en-ukraine-serguei-lavrov-accuse-les-pays-occidentaux-de-chercher-a-empecher-les-negociations-de-paix-20250824\" target=\"_blank\" data-fig-type=\"NewsFlash\" rel=\"noopener\" data-gtm-custom-categorie=\"navigation\" data-gtm-custom-action=\"crossclick\" data-gtm-custom-label=\"Contextuel\" data-gtm-event=\"customEventSPE\" data-fig-domain=\"LEFIGARO\">au moment o\u00f9 les efforts diplomatiques visant \u00e0 r\u00e9gler le conflit semblent s\u2019enliser.<\/a><\/p>\n<p class=\"fig-paragraph\">\u00abLe 24 ao\u00fbt, 146 militaires russes sont revenus du territoire contr\u00f4l\u00e9 par le r\u00e9gime de Kiev\u00bb, a indiqu\u00e9 le minist\u00e8re sur Telegram, en pr\u00e9cisant que \u00ab146 prisonniers de guerre ukrainiens ont \u00e9t\u00e9 remis en \u00e9change\u00bb, gr\u00e2ce \u00e0 des efforts de m\u00e9diation des \u00c9mirats arabes unis.<\/p>\n<p class=\"fig-paragraph\">Huit habitants de la r\u00e9gion frontali\u00e8re russe de Koursk, \u00abill\u00e9galement retenus\u00bb par l\u2019Ukraine, ont \u00e9galement \u00e9t\u00e9 remis \u00e0 la Russie, selon la m\u00eame source.\u00a0<a href=\"http:\/\/www.lefigaro.fr\/international\/guerre-en-ukraine-un-haut-grade-de-la-marine-russe-tue-au-combat-dans-la-region-de-koursk-20250703\" target=\"_blank\" data-fig-type=\"NewsFlash\" rel=\"noopener\" data-gtm-custom-categorie=\"navigation\" data-gtm-custom-action=\"crossclick\" data-gtm-custom-label=\"Contextuel\" data-gtm-event=\"customEventSPE\" data-fig-domain=\"LEFIGARO\">Les forces ukrainiennes ont p\u00e9n\u00e9tr\u00e9 dans la r\u00e9gion de Koursk en ao\u00fbt 2024<\/a>, en occupant une partie pendant plusieurs mois, avant d\u2019\u00eatre repouss\u00e9es par les forces russes au printemps, \u00e0 l\u2019aide de combattants nord-cor\u00e9ens.<\/p>\n<p><strong>L\u2019Ukraine assure avoir repris trois villages dans la r\u00e9gion orientale de Donetsk<\/strong><\/p>\n<p class=\"fig-paragraph\">Le commandant en chef des arm\u00e9es ukrainiennes, Oleksandre Syrsky, a assur\u00e9 dimanche que les troupes de Kiev avaient repris trois villages de la r\u00e9gion orientale de Donetsk qui \u00e9taient tomb\u00e9s sous le contr\u00f4le de la Russie.<\/p>\n<p>                                    <a class=\"fig-a11y-skip a11y-hidden\" href=\"#fig-a11y-skip-main-inarticle_btf\"><br \/>\n        Passer la publicit\u00e9<br \/>\n    <\/a><\/p>\n<p class=\"fig-paragraph\">\u00abNos troupes ont contre-attaqu\u00e9 avec succ\u00e8s et lib\u00e9r\u00e9 de l\u2019ennemi les villages de Mykhailivka, Zeleni\u00ef Gai et Volodymyrivka dans la r\u00e9gion de Donetsk\u00bb, situ\u00e9s non loin de la r\u00e9gion centrale de Dnipropetrovsk, a d\u00e9clar\u00e9 M. Syrsky sur Facebook.<\/p>\n","protected":false},"excerpt":{"rendered":"LE POINT SUR LA SITUATION &#8211; Le premier ministre canadien Mark Carney, en visite \u00e0 Kiev ce dimanche,&hellip;\n","protected":false},"author":2,"featured_media":340849,"comment_status":"","ping_status":"","sticky":false,"template":"","format":"standard","meta":{"footnotes":""},"categories":[1590],"tags":[11,1777,674,131,12,807,132,220,134],"class_list":{"0":"post-340848","1":"post","2":"type-post","3":"status-publish","4":"format-standard","5":"has-post-thumbnail","7":"category-ukraine","8":"tag-actualites","9":"tag-eu","10":"tag-europe","11":"tag-guerre-en-ukraine","12":"tag-news","13":"tag-prisonniers","14":"tag-russie","15":"tag-ukraine","16":"tag-volodymyr-zelensky"},"share_on_mastodon":{"url":"https:\/\/pubeurope.com\/@fr\/115084453668281386","error":""},"_links":{"self":[{"href":"https:\/\/www.europesays.com\/fr\/wp-json\/wp\/v2\/posts\/340848","targetHints":{"allow":["GET"]}}],"collection":[{"href":"https:\/\/www.europesays.com\/fr\/wp-json\/wp\/v2\/posts"}],"about":[{"href":"https:\/\/www.europesays.com\/fr\/wp-json\/wp\/v2\/types\/post"}],"author":[{"embeddable":true,"href":"https:\/\/www.europesays.com\/fr\/wp-json\/wp\/v2\/users\/2"}],"replies":[{"embeddable":true,"href":"https:\/\/www.europesays.com\/fr\/wp-json\/wp\/v2\/comments?post=340848"}],"version-history":[{"count":0,"href":"https:\/\/www.europesays.com\/fr\/wp-json\/wp\/v2\/posts\/340848\/revisions"}],"wp:featuredmedia":[{"embeddable":true,"href":"https:\/\/www.europesays.com\/fr\/wp-json\/wp\/v2\/media\/340849"}],"wp:attachment":[{"href":"https:\/\/www.europesays.com\/fr\/wp-json\/wp\/v2\/media?parent=340848"}],"wp:term":[{"taxonomy":"category","embeddable":true,"href":"https:\/\/www.europesays.com\/fr\/wp-json\/wp\/v2\/categories?post=340848"},{"taxonomy":"post_tag","embeddable":true,"href":"https:\/\/www.europesays.com\/fr\/wp-json\/wp\/v2\/tags?post=340848"}],"curies":[{"name":"wp","href":"https:\/\/api.w.org\/{rel}","templated":true}]}}