{"id":340850,"date":"2025-08-24T15:29:12","date_gmt":"2025-08-24T15:29:12","guid":{"rendered":"https:\/\/www.europesays.com\/fr\/340850\/"},"modified":"2025-08-24T15:29:12","modified_gmt":"2025-08-24T15:29:12","slug":"port-de-annaba-27-000-tonnes-de-ciment-blanc-exportees-aux-usa","status":"publish","type":"post","link":"https:\/\/www.europesays.com\/fr\/340850\/","title":{"rendered":"Port de Annaba\u00a0: 27\u00a0000 tonnes de ciment blanc export\u00e9es aux USA"},"content":{"rendered":"<p><strong>Port de Annaba\u00a0: 27\u00a0000 tonnes de ciment blanc export\u00e9es aux USA<\/strong><\/p>\n<p>L\u2019Entreprise portuaire de Annaba (EPAN) a annonc\u00e9 dans un communiqu\u00e9 rendu public, \u00ab\u00a0la finalisation des \u00a0op\u00e9rations de chargement du navire \u00ab ANHUI \u00bb.\u00a0 Amarr\u00e9 au quai n\u00b0 11 du terminal nord, il est charg\u00e9 de 27 000 tonnes de ciment blanc destin\u00e9es \u00e0 l\u2019exportation vers les \u00c9tats-Unis d\u2019Am\u00e9rique\u00a0\u00bb.<\/p>\n<p>\u00ab\u00a0Le navire devrait quitter le port ce dimanche\u00a0\u00bb, a ajout\u00e9 de m\u00eame source.\u00a0 Elle a assur\u00e9 que tous les moyens et \u00e9quipements n\u00e9cessaires pour garantir les meilleures conditions de traitement de ce navire et de sa cargaison, ont \u00e9t\u00e9 mobilis\u00e9s. L\u2019op\u00e9ration a \u00e9t\u00e9 ex\u00e9cut\u00e9e \u00ab\u00a0conform\u00e9ment aux directives des hautes autorit\u00e9s du pays en mati\u00e8re d\u2019aide et d\u2019accompagnement des op\u00e9rateurs \u00e9conomiques actifs dans le domaine de l\u2019exportation hors secteur des hydrocarbures\u00a0\u00bb.<\/p>\n<p>R.E<\/p>\n","protected":false},"excerpt":{"rendered":"Port de Annaba\u00a0: 27\u00a0000 tonnes de ciment blanc export\u00e9es aux USA L\u2019Entreprise portuaire de Annaba (EPAN) a annonc\u00e9&hellip;\n","protected":false},"author":2,"featured_media":340851,"comment_status":"","ping_status":"","sticky":false,"template":"","format":"standard","meta":{"footnotes":""},"categories":[1589],"tags":[11,73,1866,12,1864,1865,1863,308],"class_list":{"0":"post-340850","1":"post","2":"type-post","3":"status-publish","4":"format-standard","5":"has-post-thumbnail","7":"category-etats-unis","8":"tag-actualites","9":"tag-etats-unis","10":"tag-etats-unis-damerique","11":"tag-news","12":"tag-united-states","13":"tag-united-states-of-america","14":"tag-us","15":"tag-usa"},"share_on_mastodon":{"url":"https:\/\/pubeurope.com\/@fr\/115084457717182633","error":""},"_links":{"self":[{"href":"https:\/\/www.europesays.com\/fr\/wp-json\/wp\/v2\/posts\/340850","targetHints":{"allow":["GET"]}}],"collection":[{"href":"https:\/\/www.europesays.com\/fr\/wp-json\/wp\/v2\/posts"}],"about":[{"href":"https:\/\/www.europesays.com\/fr\/wp-json\/wp\/v2\/types\/post"}],"author":[{"embeddable":true,"href":"https:\/\/www.europesays.com\/fr\/wp-json\/wp\/v2\/users\/2"}],"replies":[{"embeddable":true,"href":"https:\/\/www.europesays.com\/fr\/wp-json\/wp\/v2\/comments?post=340850"}],"version-history":[{"count":0,"href":"https:\/\/www.europesays.com\/fr\/wp-json\/wp\/v2\/posts\/340850\/revisions"}],"wp:featuredmedia":[{"embeddable":true,"href":"https:\/\/www.europesays.com\/fr\/wp-json\/wp\/v2\/media\/340851"}],"wp:attachment":[{"href":"https:\/\/www.europesays.com\/fr\/wp-json\/wp\/v2\/media?parent=340850"}],"wp:term":[{"taxonomy":"category","embeddable":true,"href":"https:\/\/www.europesays.com\/fr\/wp-json\/wp\/v2\/categories?post=340850"},{"taxonomy":"post_tag","embeddable":true,"href":"https:\/\/www.europesays.com\/fr\/wp-json\/wp\/v2\/tags?post=340850"}],"curies":[{"name":"wp","href":"https:\/\/api.w.org\/{rel}","templated":true}]}}