{"id":340854,"date":"2025-08-24T15:31:11","date_gmt":"2025-08-24T15:31:11","guid":{"rendered":"https:\/\/www.europesays.com\/fr\/340854\/"},"modified":"2025-08-24T15:31:11","modified_gmt":"2025-08-24T15:31:11","slug":"une-voiture-britannique-fait-une-sortie-de-route-en-allemagne-deux-couples-maries-meurent","status":"publish","type":"post","link":"https:\/\/www.europesays.com\/fr\/340854\/","title":{"rendered":"Une voiture britannique fait une sortie de route en Allemagne, deux couples mari\u00e9s meurent"},"content":{"rendered":"<p>                                                Une voiture britannique d\u00e9rape hors de la route en Allemagne, tuant deux couples mari\u00e9s                    <\/p>\n<p>                        <img decoding=\"async\" src=\"https:\/\/www.europesays.com\/fr\/wp-content\/uploads\/2025\/08\/dadad-1-1-600x360.jpg\" alt=\"\"\/><\/p>\n<p>                            <img decoding=\"async\" src=\"https:\/\/www.europesays.com\/fr\/wp-content\/uploads\/2025\/08\/1754177174_227_LogoExpress-96x96.png\" alt=\"\"\/><\/p>\n<p>                        Gazeta Express<br \/>\n                        24\/08\/2025 16:47<\/p>\n<p>Deux couples mari\u00e9s sont d\u00e9c\u00e9d\u00e9s apr\u00e8s qu&rsquo;une voiture immatricul\u00e9e au Royaume-Uni a quitt\u00e9 la route et percut\u00e9 une route bord\u00e9e d&rsquo;arbres en Allemagne, a annonc\u00e9 la police. L&rsquo;accident mortel s&rsquo;est produit peu apr\u00e8s minuit samedi dans une zone bois\u00e9e bordant une autoroute du district de Kassel, dans le nord de la Hesse, au centre de l&rsquo;Allemagne.<\/p>\n<p>Le conducteur de 32 ans et les trois passag\u00e8res, \u00e2g\u00e9es de 32, 31 et 30 ans, sont tous d\u00e9c\u00e9d\u00e9s sur place, malgr\u00e9 les efforts des services de secours allemands.<\/p>\n<p>Vers 12h30 samedi, la voiture semble avoir quitt\u00e9 la route et s&rsquo;est \u00e9cras\u00e9e contre des arbres voisins, \u00e0 environ 30 m\u00e8tres de la route, selon le d\u00e9partement de police de Kassel.<\/p>\n<p>Le t\u00e9l\u00e9phone d&rsquo;une des victimes a automatiquement alert\u00e9 les services d&rsquo;urgence de l&rsquo;incident, qui ont imm\u00e9diatement d\u00e9p\u00each\u00e9 une ambulance sur les lieux.<\/p>\n<p>\u00c0 l&rsquo;arriv\u00e9e des secours, la voiture s&rsquo;\u00e9tait renvers\u00e9e et \u00e9tait coinc\u00e9e entre plusieurs arbres. Ce n&rsquo;est qu&rsquo;apr\u00e8s avoir retir\u00e9 le toit du v\u00e9hicule que les quatre occupants ont \u00e9t\u00e9 retrouv\u00e9s.<\/p>\n<p>Les secouristes qui ont pris en charge les victimes ont \u00e9t\u00e9 imm\u00e9diatement pris en charge par des sp\u00e9cialistes de la sant\u00e9 mentale \u00e0 la caserne des pompiers de Reinhardshagen, rapporte Sky News, rapporte Klankosova.tv.<\/p>\n","protected":false},"excerpt":{"rendered":"Une voiture britannique d\u00e9rape hors de la route en Allemagne, tuant deux couples mari\u00e9s Gazeta Express 24\/08\/2025 16:47&hellip;\n","protected":false},"author":2,"featured_media":340855,"comment_status":"","ping_status":"","sticky":false,"template":"","format":"standard","meta":{"footnotes":""},"categories":[1587],"tags":[11,672,1804,1805,1803,1777,674,1801,12,1802],"class_list":{"0":"post-340854","1":"post","2":"type-post","3":"status-publish","4":"format-standard","5":"has-post-thumbnail","7":"category-allemagne","8":"tag-actualites","9":"tag-allemagne","10":"tag-bundesrepublik-deutschland","11":"tag-de","12":"tag-deutschland","13":"tag-eu","14":"tag-europe","15":"tag-germany","16":"tag-news","17":"tag-republique-federale-dallemagne"},"share_on_mastodon":{"url":"https:\/\/pubeurope.com\/@fr\/115084465868239511","error":""},"_links":{"self":[{"href":"https:\/\/www.europesays.com\/fr\/wp-json\/wp\/v2\/posts\/340854","targetHints":{"allow":["GET"]}}],"collection":[{"href":"https:\/\/www.europesays.com\/fr\/wp-json\/wp\/v2\/posts"}],"about":[{"href":"https:\/\/www.europesays.com\/fr\/wp-json\/wp\/v2\/types\/post"}],"author":[{"embeddable":true,"href":"https:\/\/www.europesays.com\/fr\/wp-json\/wp\/v2\/users\/2"}],"replies":[{"embeddable":true,"href":"https:\/\/www.europesays.com\/fr\/wp-json\/wp\/v2\/comments?post=340854"}],"version-history":[{"count":0,"href":"https:\/\/www.europesays.com\/fr\/wp-json\/wp\/v2\/posts\/340854\/revisions"}],"wp:featuredmedia":[{"embeddable":true,"href":"https:\/\/www.europesays.com\/fr\/wp-json\/wp\/v2\/media\/340855"}],"wp:attachment":[{"href":"https:\/\/www.europesays.com\/fr\/wp-json\/wp\/v2\/media?parent=340854"}],"wp:term":[{"taxonomy":"category","embeddable":true,"href":"https:\/\/www.europesays.com\/fr\/wp-json\/wp\/v2\/categories?post=340854"},{"taxonomy":"post_tag","embeddable":true,"href":"https:\/\/www.europesays.com\/fr\/wp-json\/wp\/v2\/tags?post=340854"}],"curies":[{"name":"wp","href":"https:\/\/api.w.org\/{rel}","templated":true}]}}