{"id":340858,"date":"2025-08-24T15:33:12","date_gmt":"2025-08-24T15:33:12","guid":{"rendered":"https:\/\/www.europesays.com\/fr\/340858\/"},"modified":"2025-08-24T15:33:12","modified_gmt":"2025-08-24T15:33:12","slug":"lue-facilite-lacces-a-lespace-schengen-pour-les-turcs-la-presse-de-tunisie","status":"publish","type":"post","link":"https:\/\/www.europesays.com\/fr\/340858\/","title":{"rendered":"L\u2019UE facilite l\u2019acc\u00e8s \u00e0 l\u2019espace Schengen pour les Turcs \u2013 La Presse de Tunisie"},"content":{"rendered":"<p>\t\t\t\t\t\t\t\t\t\t<img width=\"850\" height=\"491\" src=\"https:\/\/www.europesays.com\/fr\/wp-content\/uploads\/2025\/08\/sx1x0f-25905020.image_-850x491.jpg\" class=\"attachment-bdaia-large size-bdaia-large wp-post-image\" alt=\"\" decoding=\"async\" fetchpriority=\"high\"\/>\t\t\t\t\t\t\t\t\t\t\t\t\t\t\t\t\t\t\t<\/p>\n<p>L\u2019Union europ\u00e9enne (UE) a assoupli les r\u00e8gles permettant aux Turcs d\u2019utiliser son espace Schengen \u00e0 fronti\u00e8res ouvertes, a annonc\u00e9 samedi l\u2019ambassadeur de l\u2019Union \u00e0 Ankara, Thomas Hans Ossowski.<\/p>\n<p>\u00abLes nouvelles r\u00e8gles aideraient \u00e0 r\u00e9pondre aux plaintes des Turcs concernant les longs processus bureaucratiques, mais elles ne suffiraient pas \u00e0 r\u00e9soudre d\u00e9finitivement les probl\u00e8mes\u00bb, a d\u00e9clar\u00e9 M. Hans Ossowski aux journalistes.<\/p>\n<p>La Commission europ\u00e9enne a publi\u00e9 un nouveau document visant \u00e0 faciliter et \u00e0 acc\u00e9l\u00e9rer les proc\u00e9dures de visa Schengen pour les citoyens turcs et l\u2019a partag\u00e9 avec les \u00c9tats membres de l\u2019UE, a d\u00e9clar\u00e9, pour sa part, le ministre turc du Commerce, \u00d6mer Bolat. Il a rappel\u00e9 les difficult\u00e9s auxquelles les citoyens turcs ont \u00e9t\u00e9 confront\u00e9s ces derni\u00e8res ann\u00e9es, notamment les longs d\u00e9lais d\u2019attente pour les rendez-vous, la d\u00e9livrance de visas de tr\u00e8s courte dur\u00e9e et les taux de rejet \u00e9lev\u00e9s.<\/p>\n<p>Ces pr\u00e9occupations ont \u00e9t\u00e9 constamment soulev\u00e9es aupr\u00e8s des responsables de l\u2019Union \u00e0 tous les niveaux, y compris la Commission europ\u00e9enne, le Conseil europ\u00e9en et lors de r\u00e9unions bilat\u00e9rales avec les \u00c9tats membres, a d\u00e9clar\u00e9 M. Bolat dans un communiqu\u00e9. Selon l\u2019UE, les proc\u00e9dures g\u00e9r\u00e9es par des agences de visas accr\u00e9dit\u00e9es sont lentes en raison du nombre \u00e9lev\u00e9 de demandes, appelant \u00e0 des solutions de contournement.<\/p>\n<p>Les nouvelles directives permettent de d\u00e9livrer des visas \u00e0 entr\u00e9es multiples et de longue dur\u00e9e aux ressortissants turcs qui ont d\u00e9j\u00e0 obtenu un visa Schengen et qui ont voyag\u00e9 r\u00e9guli\u00e8rement sans d\u00e9passer la dur\u00e9e de s\u00e9jour autoris\u00e9e. Les Turcs qui ont d\u00e9j\u00e0 utilis\u00e9 correctement leurs visas pourront ainsi b\u00e9n\u00e9ficier d\u2019un visa de six mois d\u00e8s leur deuxi\u00e8me demande, suivi de visas \u00e0 entr\u00e9es multiples d\u2019un an, de trois ans et de cinq ans.<\/p>\n<p>La Turquie est candidate \u00e0 l\u2019adh\u00e9sion \u00e0 l\u2019UE depuis 1999, mais son processus d\u2019adh\u00e9sion est gel\u00e9 depuis des ann\u00e9es en raison de multiples d\u00e9saccords, notamment le processus prolong\u00e9 d\u2019\u00e9largissement du champ d\u2019application de l\u2019accord d\u2019union douani\u00e8re.<\/p>\n","protected":false},"excerpt":{"rendered":"L\u2019Union europ\u00e9enne (UE) a assoupli les r\u00e8gles permettant aux Turcs d\u2019utiliser son espace Schengen \u00e0 fronti\u00e8res ouvertes, a&hellip;\n","protected":false},"author":2,"featured_media":340859,"comment_status":"","ping_status":"","sticky":false,"template":"","format":"standard","meta":{"footnotes":""},"categories":[1586],"tags":[11,1777,674,1779,1011,27,12,25,1778,364],"class_list":{"0":"post-340858","1":"post","2":"type-post","3":"status-publish","4":"format-standard","5":"has-post-thumbnail","7":"category-europe","8":"tag-actualites","9":"tag-eu","10":"tag-europe","11":"tag-european-union","12":"tag-fr","13":"tag-france","14":"tag-news","15":"tag-republique-francaise","16":"tag-ue","17":"tag-union-europeenne"},"share_on_mastodon":{"url":"https:\/\/pubeurope.com\/@fr\/115084473476211114","error":""},"_links":{"self":[{"href":"https:\/\/www.europesays.com\/fr\/wp-json\/wp\/v2\/posts\/340858","targetHints":{"allow":["GET"]}}],"collection":[{"href":"https:\/\/www.europesays.com\/fr\/wp-json\/wp\/v2\/posts"}],"about":[{"href":"https:\/\/www.europesays.com\/fr\/wp-json\/wp\/v2\/types\/post"}],"author":[{"embeddable":true,"href":"https:\/\/www.europesays.com\/fr\/wp-json\/wp\/v2\/users\/2"}],"replies":[{"embeddable":true,"href":"https:\/\/www.europesays.com\/fr\/wp-json\/wp\/v2\/comments?post=340858"}],"version-history":[{"count":0,"href":"https:\/\/www.europesays.com\/fr\/wp-json\/wp\/v2\/posts\/340858\/revisions"}],"wp:featuredmedia":[{"embeddable":true,"href":"https:\/\/www.europesays.com\/fr\/wp-json\/wp\/v2\/media\/340859"}],"wp:attachment":[{"href":"https:\/\/www.europesays.com\/fr\/wp-json\/wp\/v2\/media?parent=340858"}],"wp:term":[{"taxonomy":"category","embeddable":true,"href":"https:\/\/www.europesays.com\/fr\/wp-json\/wp\/v2\/categories?post=340858"},{"taxonomy":"post_tag","embeddable":true,"href":"https:\/\/www.europesays.com\/fr\/wp-json\/wp\/v2\/tags?post=340858"}],"curies":[{"name":"wp","href":"https:\/\/api.w.org\/{rel}","templated":true}]}}