{"id":340866,"date":"2025-08-24T15:38:10","date_gmt":"2025-08-24T15:38:10","guid":{"rendered":"https:\/\/www.europesays.com\/fr\/340866\/"},"modified":"2025-08-24T15:38:10","modified_gmt":"2025-08-24T15:38:10","slug":"les-francaises-frolent-lexploit-face-au-bresil-au-championnat-du-monde-lequipe","status":"publish","type":"post","link":"https:\/\/www.europesays.com\/fr\/340866\/","title":{"rendered":"Les Fran\u00e7aises fr\u00f4lent l&#039;exploit face au Br\u00e9sil au Championnat du monde &#8211; L&#039;\u00c9quipe"},"content":{"rendered":"<ol>\n<li><a href=\"https:\/\/news.google.com\/rss\/articles\/CBMiwwFBVV95cUxPWEllcEZZUDhlbnVMdFpaZkhycjhyNndxNWt5dVYyYzdUeEVkNlN0aXRNZnhwVHYzTXdNemlUTFVzQkhCVkxFX0k4eVhIRm1hbW5jMjdybkhyQnZ2NmF2Tm81X1YyczV6WVNINU5rVVZvQzA5Sk9Hdlc5ZzdaTklJdk5WeF9qODRGRzI0eFQtenBmY3c5MTQ3VXdhek5OLVZCYlNkV1VoS2czVW1xQlBaZko5aFpwWl9lZHhLdFRtTVNTTVU?oc=5\" target=\"_blank\" rel=\"noopener\">Les Fran\u00e7aises fr\u00f4lent l&rsquo;exploit face au Br\u00e9sil au Championnat du monde<\/a>&nbsp;&nbsp;L&rsquo;\u00c9quipe<\/li>\n<li><a href=\"https:\/\/news.google.com\/rss\/articles\/CBMixAFBVV95cUxQYVpOTmMwVGhlcTJobE5oX0E2YzBVN2toR3Nham4xM0k1ZXV5VUNyNXp3clU3UlBPQ0s1dV92ZUNRV0lWdjJUa3lSYWRsMTNvcWl3RUZBandQQ2VkR1BFcjVzTTVNdXM1RjdjdVlvc0o0SmF4bG8wSjBuOHlDV0NQQ1c1VkJCV0t6QUtFM0QzeUFjLXlLOUdlMTFFU0ZoN0w4SE5iTzdPaTBOdGxfR01PQnczeGFvQ0MwbVF3MHFVemlsU0dW0gHDAUFVX3lxTE9EYmJsUnduVlA0Q096cy1BaHpPbElkMDFCZ0EyeldOLTVVUE54d2hvempDMVp3Zmk1YTlaTlZpblRuZHBURF9uUE5XNjJCSWtXT2JCVWJDSjM0bDhMNEFKNTMxTXNWa3VVdzMtQ05mN2hXTXZjaHVuejhkdTJ4bnpRYWFTV2puWENnUWo3NFhkLU9BVHJjdUxMR1JpS2ZyZTRSazh4X2lvUXhjQXhxREhON25EQUhDNjN1bFM2dkJyOXBoaw?oc=5\" target=\"_blank\" rel=\"noopener\">Mondial (F) : Les Bleues s&rsquo;inclinent au tiebreak face au Br\u00e9sil<\/a>&nbsp;&nbsp;Orange Actualit\u00e9s | Sports<\/li>\n<li><a href=\"https:\/\/news.google.com\/rss\/articles\/CBMi-wFBVV95cUxPQ3hHQ3ZnemFrLVI3dXZaMkV1a2h0MFFqRm9KWFp0cjlaVVhodzlRa2c0YWh6SWFsRUl0ZzNHTW92S2VyUGhXX0NydzUtZUJfUVpoekJycWVTZWYweVIzSXhXSzBzNkY0aEJVYVJKbTduTU1oajJYajhuVXg4M09SaWhIVkhMU2dYVGRqOXdOTWpGSW5mQ282LTdvMkl0SlZKbmNrcmF6aTN2bkhHVjEyaTdqRWVHOWE5NVdadUNlYlQtd205N1hteFFVSVhkYnhHaFpIYkpRWVZIVnlfclRHWGpQUlQtWEYtQUJTMy1PeVJFN3o0eTMwdnZsRQ?oc=5\" target=\"_blank\" rel=\"noopener\">Br\u00e9sil &#8211; France. \u00c0 quelle heure et sur quelle cha\u00eene voir le match des championnats du monde ?<\/a>&nbsp;&nbsp;Ouest-France<\/li>\n<li><a href=\"https:\/\/news.google.com\/rss\/articles\/CBMizAFBVV95cUxNQXlHblIwSHNDRGlYcjhiay1TTWFJYjBWeFR0VjdmeEdidnBzQWpsTzloYXVRaWI3LTVzY1YzUmFuSGo3dVF5dVZ1OGFXbFdnaVZCeXNEOWtuU0l0SFh5d3ItZ2lzZm9XWHlxbXJETTROTGNvR0hOTi1vRUtPN3Jma29jNnZXSU1zRFYzRHBWbm1waW9IOXFQVmNBdlI3aTR1VThWMW8za3dka2N4M0FNQU5zdjVLbFlLZ1JEdFNNbURsMk1qS1lBalNOV2o?oc=5\" target=\"_blank\" rel=\"noopener\">Mondial de volley : les Bleues si proches d\u2019un formidable exploit face au Br\u00e9sil<\/a>&nbsp;&nbsp;Le Figaro<\/li>\n<li><a href=\"https:\/\/news.google.com\/rss\/articles\/CBMirwFBVV95cUxPSjNqY2JwSkZLZFhKSGxnTlhuZUo5MmdJLTBtSFpMZkhLWjNidV80Tmw5T0lIcUlBMDJHd3FidzEzcnZBQkFxTVZYSTlRZVRtcEtrOThVWFlyUWlzT3VUSWxYdjNJcDJCakxNVXAxOVVFVlBmYU9yZl9BOEVSN2R1dnhGellpYUgyVDlKQ0ZtOXJLUVNMdEVkUHlqTnRySnEtZUlhbk5mMHQwMVo4RWFr?oc=5\" target=\"_blank\" rel=\"noopener\">Volley-ball. Mondial : H\u00e9l\u00e9na Cazaute, capitaine d&rsquo;une \u00e9quipe de France ambitieuse<\/a>&nbsp;&nbsp;Le Bien Public<\/li>\n<\/ol>\n","protected":false},"excerpt":{"rendered":"Les Fran\u00e7aises fr\u00f4lent l&rsquo;exploit face au Br\u00e9sil au Championnat du monde&nbsp;&nbsp;L&rsquo;\u00c9quipe Mondial (F) : Les Bleues s&rsquo;inclinent au&hellip;\n","protected":false},"author":2,"featured_media":340867,"comment_status":"","ping_status":"","sticky":false,"template":"","format":"standard","meta":{"footnotes":""},"categories":[1417],"tags":[1011,27,60,1470,1469],"class_list":{"0":"post-340866","1":"post","2":"type-post","3":"status-publish","4":"format-standard","5":"has-post-thumbnail","7":"category-volley","8":"tag-fr","9":"tag-france","10":"tag-sports","11":"tag-volley","12":"tag-volleyball"},"share_on_mastodon":{"url":"https:\/\/pubeurope.com\/@fr\/115084494029882922","error":""},"_links":{"self":[{"href":"https:\/\/www.europesays.com\/fr\/wp-json\/wp\/v2\/posts\/340866","targetHints":{"allow":["GET"]}}],"collection":[{"href":"https:\/\/www.europesays.com\/fr\/wp-json\/wp\/v2\/posts"}],"about":[{"href":"https:\/\/www.europesays.com\/fr\/wp-json\/wp\/v2\/types\/post"}],"author":[{"embeddable":true,"href":"https:\/\/www.europesays.com\/fr\/wp-json\/wp\/v2\/users\/2"}],"replies":[{"embeddable":true,"href":"https:\/\/www.europesays.com\/fr\/wp-json\/wp\/v2\/comments?post=340866"}],"version-history":[{"count":0,"href":"https:\/\/www.europesays.com\/fr\/wp-json\/wp\/v2\/posts\/340866\/revisions"}],"wp:featuredmedia":[{"embeddable":true,"href":"https:\/\/www.europesays.com\/fr\/wp-json\/wp\/v2\/media\/340867"}],"wp:attachment":[{"href":"https:\/\/www.europesays.com\/fr\/wp-json\/wp\/v2\/media?parent=340866"}],"wp:term":[{"taxonomy":"category","embeddable":true,"href":"https:\/\/www.europesays.com\/fr\/wp-json\/wp\/v2\/categories?post=340866"},{"taxonomy":"post_tag","embeddable":true,"href":"https:\/\/www.europesays.com\/fr\/wp-json\/wp\/v2\/tags?post=340866"}],"curies":[{"name":"wp","href":"https:\/\/api.w.org\/{rel}","templated":true}]}}