{"id":340870,"date":"2025-08-24T15:40:13","date_gmt":"2025-08-24T15:40:13","guid":{"rendered":"https:\/\/www.europesays.com\/fr\/340870\/"},"modified":"2025-08-24T15:40:13","modified_gmt":"2025-08-24T15:40:13","slug":"us-open-andy-roddick-sur-djokovic-cette-annee-il-a-atteint-trois-demi-finales-en-grand-chelem-a-38-ans-incroyable-si-un-journaliste-lui-demande-quand-il-va-prendre-sa-retraite-il-devrait-repo","status":"publish","type":"post","link":"https:\/\/www.europesays.com\/fr\/340870\/","title":{"rendered":"US Open > Andy Roddick sur Djokovic : \u00ab\u00a0Cette ann\u00e9e, il a atteint trois demi-finales en Grand Chelem \u00e0 38 ans, incroyable. Si un journaliste lui demande quand il va prendre sa retraite, il devrait r\u00e9pondre : &lsquo;Quand je ne serai plus l&rsquo;un des meilleurs joueurs du monde'\u00a0\u00bb"},"content":{"rendered":"<p>Dans un r\u00e9cent \u00e9pisode de son podcast, Andy Roddick a donn\u00e9 son avis sur les favoris du tournoi de l\u2019US Open. Pour l\u2019an\u00adcien num\u00e9ro un mondial, Novak Djokovic sera le troi\u00adsi\u00e8me homme de cette quin\u00adzaine. Le cham\u00adpion \u00e0 Flushing Meadows en 2003 estime que malgr\u00e9 les 38 ans du Djoker, la ques\u00adtion d\u2019une retraite est un non\u2010sens, alors qu\u2019il a atteint le dernier carr\u00e9 des trois Grand Chelems disput\u00e9s.<\/p>\n<p><strong>\u00ab\u202fCette ann\u00e9e, il a atteint trois demi\u2010finales en Grand Chelem \u00e0 38 ans, incroyable. M\u00eame \u00e0 l\u2019en\u00adtra\u00ee\u00adne\u00adment, il ne semble jamais paniqu\u00e9. Il est toujours ma\u00eetre de lui\u2010m\u00eame. Il n\u2019a pas jou\u00e9 depuis Wimbledon, mais \u00e0 l\u2019en\u00adtra\u00ee\u00adne\u00adment, il \u00e9tait tr\u00e8s fort. Ce qu\u2019il accom\u00adplit encore aujourd\u2019hui est tout simple\u00adment incroyable. Et si un jour\u00adna\u00adliste lui demande quand il va prendre sa retraite, il devrait r\u00e9pondre\u00a0: \u00ab\u202fQuand je ne serai plus l\u2019un des meilleurs joueurs du monde\u202f\u00bb, et s\u2019\u00e9par\u00adgner ainsi cette ques\u00adtion qui lui est pos\u00e9e sans cesse. Il n\u2019a pas jou\u00e9 depuis Wimbledon, mais cela n\u2019af\u00adfec\u00adtera pas beau\u00adcoup mon choix. Il est litt\u00e9\u00adra\u00adle\u00adment le troi\u00adsi\u00e8me favori dans tous les tour\u00adnois majeurs auxquels il parti\u00adcipe actuel\u00adle\u00adment, et il a atteint trois demi\u2010finales dans des tour\u00adnois majeurs cette ann\u00e9e\u202f\u00bb<\/strong>, a soulign\u00e9 l\u2019Am\u00e9ricain, dans des propos relay\u00e9s par <a href=\"https:\/\/www.tennisworldusa.org\/tennis\/news\/Novak_Djokovic\/158850\/andy-roddick-has-advice-for-novak-djokovic-on-how-to-answer-retirement-question\/\" data-wpel-link=\"external\" target=\"_blank\" rel=\"nofollow external noopener\">Tennis World USA<\/a>.<\/p>\n<p class=\"post-published-date\" style=\"color: silver; font-size: 75%; text-align: left;\">Publi\u00e9 le dimanche 24 ao\u00fbt 2025 \u00e0 15:39<\/p>\n","protected":false},"excerpt":{"rendered":"Dans un r\u00e9cent \u00e9pisode de son podcast, Andy Roddick a donn\u00e9 son avis sur les favoris du tournoi&hellip;\n","protected":false},"author":2,"featured_media":79002,"comment_status":"","ping_status":"","sticky":false,"template":"","format":"standard","meta":{"footnotes":""},"categories":[1415],"tags":[105,1011,27,60,1467],"class_list":{"0":"post-340870","1":"post","2":"type-post","3":"status-publish","4":"format-standard","5":"has-post-thumbnail","7":"category-tennis","8":"tag-djokovic","9":"tag-fr","10":"tag-france","11":"tag-sports","12":"tag-tennis"},"share_on_mastodon":{"url":"","error":""},"_links":{"self":[{"href":"https:\/\/www.europesays.com\/fr\/wp-json\/wp\/v2\/posts\/340870","targetHints":{"allow":["GET"]}}],"collection":[{"href":"https:\/\/www.europesays.com\/fr\/wp-json\/wp\/v2\/posts"}],"about":[{"href":"https:\/\/www.europesays.com\/fr\/wp-json\/wp\/v2\/types\/post"}],"author":[{"embeddable":true,"href":"https:\/\/www.europesays.com\/fr\/wp-json\/wp\/v2\/users\/2"}],"replies":[{"embeddable":true,"href":"https:\/\/www.europesays.com\/fr\/wp-json\/wp\/v2\/comments?post=340870"}],"version-history":[{"count":0,"href":"https:\/\/www.europesays.com\/fr\/wp-json\/wp\/v2\/posts\/340870\/revisions"}],"wp:featuredmedia":[{"embeddable":true,"href":"https:\/\/www.europesays.com\/fr\/wp-json\/wp\/v2\/media\/79002"}],"wp:attachment":[{"href":"https:\/\/www.europesays.com\/fr\/wp-json\/wp\/v2\/media?parent=340870"}],"wp:term":[{"taxonomy":"category","embeddable":true,"href":"https:\/\/www.europesays.com\/fr\/wp-json\/wp\/v2\/categories?post=340870"},{"taxonomy":"post_tag","embeddable":true,"href":"https:\/\/www.europesays.com\/fr\/wp-json\/wp\/v2\/tags?post=340870"}],"curies":[{"name":"wp","href":"https:\/\/api.w.org\/{rel}","templated":true}]}}