{"id":340875,"date":"2025-08-24T15:44:11","date_gmt":"2025-08-24T15:44:11","guid":{"rendered":"https:\/\/www.europesays.com\/fr\/340875\/"},"modified":"2025-08-24T15:44:11","modified_gmt":"2025-08-24T15:44:11","slug":"celia-gery-remporte-au-sprint-la-premiere-etape-du-tour-de-lavenir-feminin-lequipe","status":"publish","type":"post","link":"https:\/\/www.europesays.com\/fr\/340875\/","title":{"rendered":"C\u00e9lia Gery remporte au sprint la premi\u00e8re \u00e9tape du Tour de l&#039;Avenir f\u00e9minin &#8211; L&#039;\u00c9quipe"},"content":{"rendered":"<ol>\n<li><a href=\"https:\/\/news.google.com\/rss\/articles\/CBMi0gFBVV95cUxQR1BJUThtczF5TDVlQ3NIZGNTS1lnSW13ckdkUkF1bUJIbEx3eExydTZpOTRXY1MwWEd2N1hPR3h1Y1RRUUJnNmRhdGNaRTNUbk9BTDVwNndYbkJIQk5EOUVZQ3IzRVQ5ZEkxUWZ5UzY0ZUY0SnZzUmRDelBJYWYzMFVQdGFpenBVTW1pcXZiYklXd1ZZb3QybEcxS00tX1V6Zk5SdXZ3WE9pUnVWNW8talktUnBnNS1QLV9BbUNSNEdSQlAySkdad1ZtM0lzcHRNMEE?oc=5\" target=\"_blank\" rel=\"nofollow noopener\">C\u00e9lia Gery remporte au sprint la premi\u00e8re \u00e9tape du Tour de l&rsquo;Avenir f\u00e9minin<\/a>&nbsp;&nbsp;L&rsquo;\u00c9quipe<\/li>\n<li><a href=\"https:\/\/news.google.com\/rss\/articles\/CBMiiAJBVV95cUxNM1BlR0RVcWpmTjdRczJ6bFNla3NCaGFnZWhmNkVzUnJXWG5tcXdCQnhiUE5VeUVNb2RHU0xpdnZSb285Vy05OTJCQXFxSnkyb2pvcGpZT29CZFlrTGJCTEo4TElFcGF2TXVwVENBSzJscW9UY3hqS1lUckZMYS1Hd0pKVXRlemoxenNRVmFlaHZPQVdvUllVcnBHbjhUYWZrOHg2ZERkeXhDRzhWeTBMTlBNSHZjQ2lwcWVvNnBjbmE2N05Od2hkQWtLVnFTMklET001SHIxQndEdUwwR2FkWUVaOE15VV9fQjFUdXBnRUZUeUJWbHZrR3dDZmJmQzgyYjZObjR4aDE?oc=5\" target=\"_blank\" rel=\"nofollow noopener\">Paul Seixas toujours maillot jaune du Tour de l&rsquo;Avenir, victoire au sprint du Britannique Noah Hobbs sur la 1re \u00e9tape<\/a>&nbsp;&nbsp;L&rsquo;\u00c9quipe<\/li>\n<li><a href=\"https:\/\/news.google.com\/rss\/articles\/CBMi8AFBVV95cUxPNnVpUENLVWdBUzdPczhfQjZBVkx3WHJQX1Z3ajY0LTZLenFiR0s3ZlUwOEVoQ2gxdHBUd3ZoYWhpcEQ0V2NfamNWNFU4MXpBVnFQWWdTVG9GMHRuRUhveHZYVk1NZUxDaS1ZcTJrRXRtNVAwakl5SXpKbUNQcW12R2hNTklPeXNsMFM1R3doZS0yWGxOemJER01NOUJQV3FIMFFDLVY5WGgtSmJOM2lvU1MxaExUQnJ2MzMyQzd5ck9HUVZqVE9idHFITUhRQ1dTM2x2d2pmQXVvMWViYW5PSHFTOWhJQTZiVW9lS0VGNm8?oc=5\" target=\"_blank\" rel=\"nofollow noopener\">Tour de l&rsquo;Avenir : Seixas reste en jaune, G\u00e9ry s&rsquo;impose chez les femmes sur la 1re \u00e9tape<\/a>&nbsp;&nbsp;Eurosport<\/li>\n<li><a href=\"https:\/\/news.google.com\/rss\/articles\/CBMi9wFBVV95cUxQNUFlX0otYk9nb2Q4NFNuRjJ3STRZZ2JuVGFCZm5vWi12dy1MdUdGd2YxVXBvdWowY2lmcGZjVUQxZlpDVF9nMFFwZDhsUlZqbW83Uk9acTBQcTZTdDJqX1pRZE1FR3BvMXNVTDJhZExGc3FVSXZsYmVqTHRfd2RfRjlfMElaOU54cDJJTnpNMEF1cXYxc2ExS1cxTWJzWHFyVTdIaDE2U0Nma1VRN0NyZmlQZ09RdGxqNUdCS1JUZGpiajRGd1hiS0xlZ0NXNnFXUDl4cHVSYy1aU19VcmlLNTFHRnRPVGVnQjI1R0czU1FKSzVmS19B?oc=5\" target=\"_blank\" rel=\"nofollow noopener\">DIRECT. Tour de l&rsquo;Avenir 2025: Noah Hobbs remporte cette \u00e9tape, Paul Seixas conserve le maillot jaune<\/a>&nbsp;&nbsp;RMC Sport<\/li>\n<li><a href=\"https:\/\/news.google.com\/rss\/articles\/CBMivAFBVV95cUxPdUdoSktrVnpETWloS1UwSW1UajlDVXlCdEtCQzBDQXZFZjl2QXR0SXo5Smc4RkNpTnVvai1rU3lfVkVSMTZmd19yMDE4U3ZjUzROTDlneEcxLWxZdV9MVXJVdDdDT3g3Y3AycFFsU2NPQlY2eDNLbVpXTkdPWmt6SkJ2X2tuRV81MzRwd3gwTWZRZVhmMmZzdU9HenlHMUJUSWM2OE9UZmFPX1lTQTYzRDFQdHFhTEM3UGJQbA?oc=5\" target=\"_blank\" rel=\"nofollow noopener\">\u00c9tang-sur-Arroux. Cycliste passionn\u00e9, Jean-Louis Mangematin sera signaleur sur le Tour de l\u2019Avenir<\/a>&nbsp;&nbsp;Le JSL<\/li>\n<\/ol>\n","protected":false},"excerpt":{"rendered":"C\u00e9lia Gery remporte au sprint la premi\u00e8re \u00e9tape du Tour de l&rsquo;Avenir f\u00e9minin&nbsp;&nbsp;L&rsquo;\u00c9quipe Paul Seixas toujours maillot jaune&hellip;\n","protected":false},"author":2,"featured_media":340876,"comment_status":"","ping_status":"","sticky":false,"template":"","format":"standard","meta":{"footnotes":""},"categories":[1411],"tags":[1154,207,1011,27,60],"class_list":{"0":"post-340875","1":"post","2":"type-post","3":"status-publish","4":"format-standard","5":"has-post-thumbnail","7":"category-cyclisme","8":"tag-cycling","9":"tag-cyclisme","10":"tag-fr","11":"tag-france","12":"tag-sports"},"share_on_mastodon":{"url":"https:\/\/pubeurope.com\/@fr\/115084516660141602","error":""},"_links":{"self":[{"href":"https:\/\/www.europesays.com\/fr\/wp-json\/wp\/v2\/posts\/340875","targetHints":{"allow":["GET"]}}],"collection":[{"href":"https:\/\/www.europesays.com\/fr\/wp-json\/wp\/v2\/posts"}],"about":[{"href":"https:\/\/www.europesays.com\/fr\/wp-json\/wp\/v2\/types\/post"}],"author":[{"embeddable":true,"href":"https:\/\/www.europesays.com\/fr\/wp-json\/wp\/v2\/users\/2"}],"replies":[{"embeddable":true,"href":"https:\/\/www.europesays.com\/fr\/wp-json\/wp\/v2\/comments?post=340875"}],"version-history":[{"count":0,"href":"https:\/\/www.europesays.com\/fr\/wp-json\/wp\/v2\/posts\/340875\/revisions"}],"wp:featuredmedia":[{"embeddable":true,"href":"https:\/\/www.europesays.com\/fr\/wp-json\/wp\/v2\/media\/340876"}],"wp:attachment":[{"href":"https:\/\/www.europesays.com\/fr\/wp-json\/wp\/v2\/media?parent=340875"}],"wp:term":[{"taxonomy":"category","embeddable":true,"href":"https:\/\/www.europesays.com\/fr\/wp-json\/wp\/v2\/categories?post=340875"},{"taxonomy":"post_tag","embeddable":true,"href":"https:\/\/www.europesays.com\/fr\/wp-json\/wp\/v2\/tags?post=340875"}],"curies":[{"name":"wp","href":"https:\/\/api.w.org\/{rel}","templated":true}]}}