{"id":340900,"date":"2025-08-24T15:57:11","date_gmt":"2025-08-24T15:57:11","guid":{"rendered":"https:\/\/www.europesays.com\/fr\/340900\/"},"modified":"2025-08-24T15:57:11","modified_gmt":"2025-08-24T15:57:11","slug":"israel-bombarde-la-capitale-du-yemen-sanaa-au-lendemain-dune-frappe-des-houthistes-sur-letat-hebreu","status":"publish","type":"post","link":"https:\/\/www.europesays.com\/fr\/340900\/","title":{"rendered":"Isra\u00ebl bombarde la capitale du Y\u00e9men, Sanaa, au lendemain d\u2019une frappe des houthistes sur l\u2019Etat h\u00e9breu"},"content":{"rendered":"<p>                          <img loading=\"lazy\" decoding=\"async\" src=\"https:\/\/www.europesays.com\/fr\/wp-content\/uploads\/2025\/08\/dcb7d68_ftp-import-images-1-4dywdhffuqls-5704015-01-06.jpg\" alt=\"Vue de la capitale du Y\u00e9men, Sanaa, apr\u00e8s les bombardements men\u00e9s par Isra\u00ebl, le 24\u00a0ao\u00fbt\u00a02025.\"   width=\"664\" height=\"443\"\/>    Vue de la capitale du Y\u00e9men, Sanaa, apr\u00e8s les bombardements men\u00e9s par Isra\u00ebl, le 24\u00a0ao\u00fbt\u00a02025.  MOHAMMED HUWAIS \/ AFP                          <\/p>\n<p class=\"article__paragraph  \">L\u2019arm\u00e9e isra\u00e9lienne a revendiqu\u00e9, dimanche 24\u00a0ao\u00fbt, avoir bombard\u00e9 plusieurs sites dans et autour de la capitale du Y\u00e9men, Saana, sous contr\u00f4le de la r\u00e9bellion houthiste. \u00ab\u00a0Les frappes ont \u00e9t\u00e9 men\u00e9es en r\u00e9ponse aux attaques r\u00e9p\u00e9t\u00e9es du r\u00e9gime terroriste houthiste contre l\u2019Etat d\u2019Isra\u00ebl et ses civils\u00a0\u00bb, a \u00e9crit l\u2019arm\u00e9e dans un message diffus\u00e9 sur Telegram en milieu d\u2019apr\u00e8s-midi.<\/p>\n<p>                                            Lire aussi |  <a href=\"https:\/\/www.lemonde.fr\/international\/live\/2025\/08\/23\/en-direct-gaza-51-personnes-ont-ete-tuees-dans-des-bombardements-ou-des-tirs-de-l-armee-israelienne_6632172_3210.html\" class=\"js-article-read-also catcher--favoris__link\" data-premium=\"\" id=\"article-title-3434865\" rel=\"nofollow noopener\" target=\"_blank\">En direct, Gaza\u00a0: au moins 64\u00a0personnes ont \u00e9t\u00e9 tu\u00e9es par l\u2019arm\u00e9e isra\u00e9lienne en vingt-quatre heures, selon le minist\u00e8re de la sant\u00e9 gazaoui<\/a>    <\/p>\n<p>   Lire plus tard  <\/p>\n<p class=\"article__paragraph  \">Une zone militaire proche du palais pr\u00e9sidentiel, deux centrales \u00e9nerg\u00e9tiques et un site de stockage d\u2019hydrocarbures font partie des cibles mentionn\u00e9es par Isra\u00ebl \u2013 plusieurs vid\u00e9os de ces endroits circulant sur les r\u00e9seaux sociaux depuis le d\u00e9but d\u2019apr\u00e8s-midi, dimanche, montraient d\u2019importantes explosions sur place. \u00ab\u00a0L\u2019utilisation de ces installations constitue une preuve suppl\u00e9mentaire de la mani\u00e8re dont le r\u00e9gime houthiste utilise les infrastructures civiles \u00e0 des fins militaires\u00a0\u00bb, a d\u00e9clar\u00e9 l\u2019arm\u00e9e isra\u00e9lienne.<\/p>\n<p class=\"article__paragraph  \">Une source de s\u00e9curit\u00e9 des houthistes a, elle, d\u00e9clar\u00e9 \u00e0 l\u2019Agence France-Presse que l\u2019attaque avait vis\u00e9 \u00ab\u00a0le b\u00e2timent de la s\u00e9curit\u00e9 de la municipalit\u00e9, dans le centre de Sanaa\u00a0\u00bb. Selon la cha\u00eene de t\u00e9l\u00e9vision Al-Massirah, organe m\u00e9diatique du groupe rebelle soutenu par l\u2019Iran, \u00ab\u00a0plusieurs frappes ont vis\u00e9 une station de la compagnie p\u00e9troli\u00e8re rue Al-Sittine\u00a0\u00bb et une \u00ab\u00a0centrale \u00e9lectrique\u00a0\u00bb dans le sud de Sanaa, d\u00e9j\u00e0 bombard\u00e9e par Isra\u00ebl il y a une semaine. Le minist\u00e8re de la sant\u00e9 des houthistes a fait \u00e9tat de 2\u00a0morts et 35\u00a0bless\u00e9s dans les frappes isra\u00e9liennes.<\/p>\n<p class=\"article__paragraph  \">Nasruddin Amer, directeur adjoint du service de presse des houthistes, a d\u00e9clar\u00e9 que les frappes isra\u00e9liennes ne dissuaderaient pas les rebelles et a promis de poursuivre leurs attaques contre Isra\u00ebl. \u00ab\u00a0Nos op\u00e9rations militaires en soutien \u00e0 Gaza ne s\u2019arr\u00eateront pas, si Dieu le veut, tant que l\u2019agression ne cessera pas et que le si\u00e8ge ne sera pas lev\u00e9\u00a0\u00bb, a-t-il \u00e9crit sur les r\u00e9seaux sociaux.<\/p>\n<p>                    Missile \u00e0 fragmentation                    <\/p>\n<p class=\"article__paragraph  \">Samedi soir, l\u2019arm\u00e9e isra\u00e9lienne avait \u00e9mis plusieurs alertes tir\u00e9es de son syst\u00e8me de d\u00e9fense antia\u00e9rien \u00e0 la suite de la d\u00e9tection d\u2019un missile en provenance du Y\u00e9men. Le projectile \u00e9tait pourvu \u00e0 sa t\u00eate d\u2019un missile \u00e0 fragmentation, qui se s\u00e9pare en plusieurs parties et provoque de multiples explosions.<\/p>\n<p class=\"article__paragraph  \">Il s\u2019agit du premier de ce type envoy\u00e9 par les houthistes sur l\u2019Etat h\u00e9breu, selon un officiel de l\u2019arm\u00e9e de l\u2019air isra\u00e9lienne cit\u00e9 par l\u2019agence Associated Press. Ce dernier s\u2019est divis\u00e9 en l\u2019air avant de toucher le sol isra\u00e9lien, sans faire de victime. L\u2019Iran avait utilis\u00e9 un missile de ce type lors de la \u00ab\u00a0guerre des douze jours\u00a0\u00bb avec l\u2019Etat h\u00e9breu, au mois de juin, toujours selon la m\u00eame source.<\/p>\n<p class=\"article__paragraph  \">Les attaques des houtistes au cours des deux derni\u00e8res ann\u00e9es ont perturb\u00e9 le trafic maritime dans la mer Rouge, o\u00f9 transitent chaque ann\u00e9e environ 1\u00a0000\u00a0milliards de dollars de marchandises.<\/p>\n<p class=\"article__paragraph  \">De novembre\u00a02023 \u00e0 d\u00e9cembre\u00a02024, les houthistes ont pris pour cible plus de 100\u00a0navires avec des missiles et des drones. Les rebelles ont cess\u00e9 leurs attaques pendant un bref cessez-le-feu dans la guerre, avant de devenir la cible d\u2019une intense campagne de frappes a\u00e9riennes ordonn\u00e9e par le pr\u00e9sident am\u00e9ricain Donald Trump et qui a dur\u00e9 plusieurs semaines.<\/p>\n<p> Le Monde M\u00e9morable  <\/p>\n<p> <a href=\"https:\/\/www.lemonde.fr\/memorable\/?rfextension=inread\" class=\"inread__link js-services-inread-link\" target=\"_blank\" rel=\"nofollow noopener\">  <\/p>\n<p>Testez votre culture g\u00e9n\u00e9rale avec la r\u00e9daction du \u00ab Monde \u00bb<\/p>\n<p>Testez votre culture g\u00e9n\u00e9rale avec la r\u00e9daction du \u00ab Monde \u00bb<\/p>\n<p>D\u00e9couvrir<\/p>\n<p> <\/a>      <\/p>\n<p> Newsletter  <\/p>\n<p> <a href=\"https:\/\/www.lemonde.fr\/newsletters\/a-la-une\/\" class=\"inread__link js-services-inread-link\" target=\"_blank\" rel=\"nofollow noopener\">  <\/p>\n<p>\u00ab A la une \u00bb<\/p>\n<p>Chaque matin, parcourez l&rsquo;essentiel de l&rsquo;actualit\u00e9 du jour avec les derniers titres du \u00ab Monde \u00bb<\/p>\n<p>S&rsquo;inscrire<\/p>\n<p> <\/a>          <\/p>\n<p> Le Monde Application  <\/p>\n<p> <a href=\"https:\/\/lamatinale.onelink.me\/gKMy\/ahw2ubr3\" class=\"inread__link js-services-inread-link\" target=\"_blank\" rel=\"nofollow noopener\">  <\/p>\n<p>La Matinale du Monde<\/p>\n<p>Chaque matin, retrouvez notre s\u00e9lection de 20 articles \u00e0 ne pas manquer <\/p>\n<p>T\u00e9l\u00e9charger l&rsquo;application<\/p>\n<p> <\/a>      <\/p>\n<p> Newsletter abonn\u00e9s  <\/p>\n<p> <a href=\"https:\/\/www.lemonde.fr\/newsletters\/international\/\" class=\"inread__link js-services-inread-link\" target=\"_blank\" rel=\"nofollow noopener\">  <\/p>\n<p>\u00ab International \u00bb<\/p>\n<p>L\u2019essentiel de l\u2019actualit\u00e9 internationale de la semaine<\/p>\n<p>S&rsquo;inscrire<\/p>\n<p> <\/a>             <\/p>\n<p class=\"article__paragraph  \">En mai, les Etats-Unis ont annonc\u00e9 un accord avec les houthistes pour mettre fin aux frappes a\u00e9riennes en \u00e9change de la fin des attaques contre les navires, bien que le groupe rebelle ait d\u00e9clar\u00e9 que l\u2019accord ne pr\u00e9voyait pas l\u2019arr\u00eat des attaques contre des cibles qu\u2019il consid\u00e9rait comme align\u00e9es sur Isra\u00ebl.<\/p>\n<p class=\"author__detail\">  Le Monde avec AP et AFP  <\/p>\n<p>                  <a href=\"https:\/\/www.lemonde.fr\/syndication\/\" class=\"reuse__content\" title=\"R\u00e9utiliser ce contenu\" target=\"_blank\" rel=\"nofollow noopener\">R\u00e9utiliser ce contenu<\/a>      <\/p>\n","protected":false},"excerpt":{"rendered":"Vue de la capitale du Y\u00e9men, Sanaa, apr\u00e8s les bombardements men\u00e9s par Isra\u00ebl, le 24\u00a0ao\u00fbt\u00a02025. MOHAMMED HUWAIS \/&hellip;\n","protected":false},"author":2,"featured_media":340901,"comment_status":"","ping_status":"","sticky":false,"template":"","format":"standard","meta":{"footnotes":""},"categories":[5],"tags":[11,1011,27,14,12,28],"class_list":{"0":"post-340900","1":"post","2":"type-post","3":"status-publish","4":"format-standard","5":"has-post-thumbnail","7":"category-international","8":"tag-actualites","9":"tag-fr","10":"tag-france","11":"tag-international","12":"tag-news","13":"tag-world"},"share_on_mastodon":{"url":"https:\/\/pubeurope.com\/@fr\/115084568152222505","error":""},"_links":{"self":[{"href":"https:\/\/www.europesays.com\/fr\/wp-json\/wp\/v2\/posts\/340900","targetHints":{"allow":["GET"]}}],"collection":[{"href":"https:\/\/www.europesays.com\/fr\/wp-json\/wp\/v2\/posts"}],"about":[{"href":"https:\/\/www.europesays.com\/fr\/wp-json\/wp\/v2\/types\/post"}],"author":[{"embeddable":true,"href":"https:\/\/www.europesays.com\/fr\/wp-json\/wp\/v2\/users\/2"}],"replies":[{"embeddable":true,"href":"https:\/\/www.europesays.com\/fr\/wp-json\/wp\/v2\/comments?post=340900"}],"version-history":[{"count":0,"href":"https:\/\/www.europesays.com\/fr\/wp-json\/wp\/v2\/posts\/340900\/revisions"}],"wp:featuredmedia":[{"embeddable":true,"href":"https:\/\/www.europesays.com\/fr\/wp-json\/wp\/v2\/media\/340901"}],"wp:attachment":[{"href":"https:\/\/www.europesays.com\/fr\/wp-json\/wp\/v2\/media?parent=340900"}],"wp:term":[{"taxonomy":"category","embeddable":true,"href":"https:\/\/www.europesays.com\/fr\/wp-json\/wp\/v2\/categories?post=340900"},{"taxonomy":"post_tag","embeddable":true,"href":"https:\/\/www.europesays.com\/fr\/wp-json\/wp\/v2\/tags?post=340900"}],"curies":[{"name":"wp","href":"https:\/\/api.w.org\/{rel}","templated":true}]}}