{"id":340906,"date":"2025-08-24T16:00:46","date_gmt":"2025-08-24T16:00:46","guid":{"rendered":"https:\/\/www.europesays.com\/fr\/340906\/"},"modified":"2025-08-24T16:00:46","modified_gmt":"2025-08-24T16:00:46","slug":"une-balade-denfer-du-cote-de-saint-etienne","status":"publish","type":"post","link":"https:\/\/www.europesays.com\/fr\/340906\/","title":{"rendered":"une balade d\u2019enfer du c\u00f4t\u00e9 de Saint-\u00c9tienne"},"content":{"rendered":"<p>Dans l\u2019oreille, le bruit de l\u2019eau qui court, autour des rochers, de la mousse et des arbres, pour rejoindre le spectaculaire barrage du Gouffre d\u2019Enfer, la randonn\u00e9e est d\u00e9j\u00e0 une aventure. Derri\u00e8re ce nom infernal, un site aux portes du Pilat, \u00e0 20 minutes de voiture de Saint-\u00c9tienne, assurant un d\u00e9paysement imm\u00e9diat et un peu de fra\u00eecheur sous la frondaison des arbres.<\/p>\n<p>Chaussez une bonne paire de chaussures pour affronter la mont\u00e9e. En faisant attention aux pierres et aux racines, vous remarquerez peut-\u00eatre au milieu des foug\u00e8res et des g\u00e9raniums sauvages, une pr\u00e9sence discr\u00e8te sur le bord du chemin\u00a0: l\u2019oxalis. Une plante qui ressemble \u00e0 un tr\u00e8fle mais avec une tige rouge, surnomm\u00e9e par certain \u00ab\u00a0l\u2019amie des randonneurs\u00a0\u00bb, \u00e0 cause de son go\u00fbt sucr\u00e9.<\/p>\n<p>  Vide, cascade et verdure<\/p>\n<p>Une fois arriv\u00e9 sur le haut du barrage, un panorama d\u00e9gag\u00e9 s\u2019offre \u00e0 vous, <a href=\"https:\/\/www.leprogres.fr\/economie\/2025\/07\/24\/travaux-au-barrage-du-gouffre-d-enfer-pourquoi-il-devra-rester-vide\" target=\"_blank\" rel=\"noopener\">53 m\u00e8tres au-dessus du lit de la rivi\u00e8re<\/a>. \u00c0 perte de vue, pins, \u00e9rables, ch\u00eanes m\u00ealent leur feuillage aux rochers. Pour rallonger la balade, vous pouvez prendre la direction de <a href=\"https:\/\/www.leprogres.fr\/economie\/2025\/03\/02\/forgees-il-y-a-139-ans-les-vannes-du-gouffre-d-enfer-retrouvent-leur-usage-d-origine\" target=\"_blank\" rel=\"noopener\">la ventillerie, un ouvrage qui g\u00e8re l\u2019eau du site en amont<\/a>. Le chemin est plat, avec, d\u2019un c\u00f4t\u00e9 un muret de pierre couvert de mousse et de l\u2019autre une barri\u00e8re.<\/p>\n<p>Sinon, pour descendre le long du barrage, 244 marches \u00e0 pique vous attendent, s\u00e9curis\u00e9es par une barri\u00e8re. La pente peut donner le vertige, mais elle en vaut la peine. Vous aurez l\u2019occasion de voir deux cascades, avec l\u2019impression d\u2019\u00eatre dans un autre monde, entre les parois rocheuses et le vide v\u00e9g\u00e9tal, auxquels s\u2019ajoute une belle brume aux p\u00e9riodes plus froides.<\/p>\n<p class=\"note\">Boucle d\u2019une heure, en temps normal, pr\u00e9voir un aller-retour le temps des travaux jusqu\u2019en d\u00e9cembre\u00a02025.<\/p>\n<p>        &#13;<br \/>\n          <a href=\"https:\/\/cdn-s-www.leprogres.fr\/images\/b54f0eb6-b1ca-4f42-bca1-8af167d1dd10\/NW_raw\/les-travaux-doivent-continuer-jusqu-en-avril-2026-photo-emilie-mechenin-1755858569.jpg\" title=\"Les travaux doivent continuer jusqu\u2019en avril\u00a02026. Photo \u00c9milie M\u00e9chenin\" class=\"chocolat-image GA-tracking\" data-ga_type=\"click\" data-ga_category=\"D\u00e9tail\" data-ga_action=\"zoomer\" data-ga_label=\"agrandir image\" target=\"_blank\" rel=\"noopener\">&#13;<br \/>\n            <img loading=\"lazy\" decoding=\"async\" src=\"https:\/\/www.europesays.com\/fr\/wp-content\/uploads\/2025\/08\/les-travaux-doivent-continuer-jusqu-en-avril-2026-photo-emilie-mechenin-1755858569.jpg\" alt=\"Les travaux doivent continuer jusqu\u2019en avril\u00a02026. Photo \u00c9milie M\u00e9chenin\"\/>&#13;<br \/>\n          <\/a>&#13;<br \/>\n          &#13;<\/p>\n<p class=\"insetTitle\">Travaux en cours et parking ferm\u00e9, ce\u00a0qu\u2019il faut savoir<\/p>\n<p>Pour changer deux vannes de fond, d\u2019importants travaux sont en cours au barrage du Gouffre d\u2019Enfer.<\/p>\n<p>Jusqu\u2019\u00e0 d\u00e9cembre, <a href=\"https:\/\/www.leprogres.fr\/economie\/2025\/05\/24\/le-parking-du-gouffre-d-enfer-sera-ferme-pendant-six-mois-des-le-26-mai\" target=\"_blank\" rel=\"noopener\"> le parking est ferm\u00e9 au public<\/a> pour permettre le stationnement des engins. Le stationnement est donc d\u00e9localis\u00e9 au parking des Echeneaux \u00e0 Rochetaill\u00e9e et aux Grandes-Moli\u00e8res. La randonn\u00e9e est \u00e9galement modifi\u00e9e.<\/p>\n<p>Pour les pi\u00e9tons, il suffit de suivre l\u2019itin\u00e9raire balis\u00e9, marqu\u00e9 par des fl\u00e8ches \u00e0 la bombe rose et des rubans de signalisation rouge et blanc.<\/p>\n<p>Attention, il n\u2019est plus possible de faire la boucle depuis le parking. Vous \u00eates oblig\u00e9s de faire le tour par la gauche et vous devez pr\u00e9voir un aller-retour.<\/p>\n","protected":false},"excerpt":{"rendered":"Dans l\u2019oreille, le bruit de l\u2019eau qui court, autour des rochers, de la mousse et des arbres, pour&hellip;\n","protected":false},"author":2,"featured_media":340907,"comment_status":"","ping_status":"","sticky":false,"template":"","format":"standard","meta":{"footnotes":""},"categories":[9653],"tags":[1111,11,2430,7782,1687,7539,1777,674,107,1011,27,37062,3367,12,25,32120,4001],"class_list":{"0":"post-340906","1":"post","2":"type-post","3":"status-publish","4":"format-standard","5":"has-post-thumbnail","7":"category-saint-etienne","8":"tag-actu","9":"tag-actualites","10":"tag-auvergne-rhone-alpes","11":"tag-balades-et-randonnees","12":"tag-culture-loisirs","13":"tag-edition-loire-sud","14":"tag-eu","15":"tag-europe","16":"tag-fil-info","17":"tag-fr","18":"tag-france","19":"tag-guide-de-lete","20":"tag-loire","21":"tag-news","22":"tag-republique-francaise","23":"tag-rochetaillee","24":"tag-saint-etienne"},"share_on_mastodon":{"url":"https:\/\/pubeurope.com\/@fr\/115084579582540789","error":""},"_links":{"self":[{"href":"https:\/\/www.europesays.com\/fr\/wp-json\/wp\/v2\/posts\/340906","targetHints":{"allow":["GET"]}}],"collection":[{"href":"https:\/\/www.europesays.com\/fr\/wp-json\/wp\/v2\/posts"}],"about":[{"href":"https:\/\/www.europesays.com\/fr\/wp-json\/wp\/v2\/types\/post"}],"author":[{"embeddable":true,"href":"https:\/\/www.europesays.com\/fr\/wp-json\/wp\/v2\/users\/2"}],"replies":[{"embeddable":true,"href":"https:\/\/www.europesays.com\/fr\/wp-json\/wp\/v2\/comments?post=340906"}],"version-history":[{"count":0,"href":"https:\/\/www.europesays.com\/fr\/wp-json\/wp\/v2\/posts\/340906\/revisions"}],"wp:featuredmedia":[{"embeddable":true,"href":"https:\/\/www.europesays.com\/fr\/wp-json\/wp\/v2\/media\/340907"}],"wp:attachment":[{"href":"https:\/\/www.europesays.com\/fr\/wp-json\/wp\/v2\/media?parent=340906"}],"wp:term":[{"taxonomy":"category","embeddable":true,"href":"https:\/\/www.europesays.com\/fr\/wp-json\/wp\/v2\/categories?post=340906"},{"taxonomy":"post_tag","embeddable":true,"href":"https:\/\/www.europesays.com\/fr\/wp-json\/wp\/v2\/tags?post=340906"}],"curies":[{"name":"wp","href":"https:\/\/api.w.org\/{rel}","templated":true}]}}