{"id":340912,"date":"2025-08-24T16:03:18","date_gmt":"2025-08-24T16:03:18","guid":{"rendered":"https:\/\/www.europesays.com\/fr\/340912\/"},"modified":"2025-08-24T16:03:18","modified_gmt":"2025-08-24T16:03:18","slug":"radio-intensite-chartres-rencontre-nancy-huston","status":"publish","type":"post","link":"https:\/\/www.europesays.com\/fr\/340912\/","title":{"rendered":"RADIO INTENSITE | CHARTRES &#8211; Rencontre\u00a0: Nancy Huston"},"content":{"rendered":"\n<p lang=\"fr-FR\" align=\"JUSTIFY\">Vendredi 17 octobre \u00e0 18h00 \u00e0 la librairie l&rsquo;Esperlu\u00e8te \u00e0 Chartres\u00a0: Nancy Huston. Rencontre sur r\u00e9servation.<\/p>\n<p lang=\"fr-FR\" align=\"JUSTIFY\">Une r\u00e9flexion sur la diff\u00e9rence entre les sexes, r\u00e9alit\u00e9 biologique \u00e0 partir de laquelle Nancy Huston \u00e9voque des sujets comme la guerre, la politique, le viol, les abus sexuels ou encore la prostitution. M\u00ealant son exp\u00e9rience personnelle, de gar\u00e7on manqu\u00e9, de m\u00e8re r\u00e9calcitrante et d&rsquo;\u00e9crivaine forcen\u00e9e, \u00e0 des r\u00e9f\u00e9rences litt\u00e9raires et scientifiques, elle ouvre des pistes de r\u00e9conciliation.<\/p>\n<p lang=\"fr-FR\" align=\"JUSTIFY\"><a href=\"http:\/\/www.esperluete.fr\/\" target=\"_blank\" rel=\"noopener\">www.esperluete.fr<\/a><\/p>\n","protected":false},"excerpt":{"rendered":"Vendredi 17 octobre \u00e0 18h00 \u00e0 la librairie l&rsquo;Esperlu\u00e8te \u00e0 Chartres\u00a0: Nancy Huston. Rencontre sur r\u00e9servation. Une r\u00e9flexion&hellip;\n","protected":false},"author":2,"featured_media":340913,"comment_status":"","ping_status":"","sticky":false,"template":"","format":"standard","meta":{"footnotes":""},"categories":[9635],"tags":[1111,11,4763,20887,20886,4396,10036,340,5738,6961,4150,650,1697,20888,1777,1939,674,3696,1349,20889,19290,8181,1011,27,775,20883,5590,6653,330,1351,10265,20890,635,1702,2742,12,4838,6426,1825,20891,20885,11725,17385,25,20892,20893,20894,20895,20896,14356,3552,16335,20884,853,517,20897,602,20898,20899],"class_list":{"0":"post-340912","1":"post","2":"type-post","3":"status-publish","4":"format-standard","5":"has-post-thumbnail","7":"category-nancy","8":"tag-actu","9":"tag-actualites","10":"tag-agenda","11":"tag-agenda-complet","12":"tag-agenda-eure-et-loir","13":"tag-atelier","14":"tag-ateliers","15":"tag-bourse","16":"tag-bourses","17":"tag-brocante","18":"tag-ceremonie","19":"tag-cinema","20":"tag-concert","21":"tag-dons-du-sang","22":"tag-eu","23":"tag-eure-et-loir","24":"tag-europe","25":"tag-evenements","26":"tag-expositions","27":"tag-fetes-foraines","28":"tag-feux-dartifices","29":"tag-foires","30":"tag-fr","31":"tag-france","32":"tag-grand-est","33":"tag-idees-sorties","34":"tag-intensite","35":"tag-jeune-public","36":"tag-jeux","37":"tag-litterature","38":"tag-loto","39":"tag-lotos","40":"tag-marches","41":"tag-nancy","42":"tag-nature","43":"tag-news","44":"tag-peche","45":"tag-petanque","46":"tag-radio","47":"tag-randonnees","48":"tag-region-centre-val-de-loir","49":"tag-religions","50":"tag-repas","51":"tag-republique-francaise","52":"tag-reunions","53":"tag-saison-halloween","54":"tag-saison-noel","55":"tag-saison-telethon","56":"tag-saisons-culturelles","57":"tag-salons","58":"tag-seniors","59":"tag-soirees","60":"tag-sortir-en-eure-et-loir","61":"tag-spectacles","62":"tag-sport","63":"tag-thes-dansants","64":"tag-tourisme","65":"tag-ventes-aux-encheres","66":"tag-visites"},"share_on_mastodon":{"url":"","error":"Validation failed: Text character limit of 500 exceeded"},"_links":{"self":[{"href":"https:\/\/www.europesays.com\/fr\/wp-json\/wp\/v2\/posts\/340912","targetHints":{"allow":["GET"]}}],"collection":[{"href":"https:\/\/www.europesays.com\/fr\/wp-json\/wp\/v2\/posts"}],"about":[{"href":"https:\/\/www.europesays.com\/fr\/wp-json\/wp\/v2\/types\/post"}],"author":[{"embeddable":true,"href":"https:\/\/www.europesays.com\/fr\/wp-json\/wp\/v2\/users\/2"}],"replies":[{"embeddable":true,"href":"https:\/\/www.europesays.com\/fr\/wp-json\/wp\/v2\/comments?post=340912"}],"version-history":[{"count":0,"href":"https:\/\/www.europesays.com\/fr\/wp-json\/wp\/v2\/posts\/340912\/revisions"}],"wp:featuredmedia":[{"embeddable":true,"href":"https:\/\/www.europesays.com\/fr\/wp-json\/wp\/v2\/media\/340913"}],"wp:attachment":[{"href":"https:\/\/www.europesays.com\/fr\/wp-json\/wp\/v2\/media?parent=340912"}],"wp:term":[{"taxonomy":"category","embeddable":true,"href":"https:\/\/www.europesays.com\/fr\/wp-json\/wp\/v2\/categories?post=340912"},{"taxonomy":"post_tag","embeddable":true,"href":"https:\/\/www.europesays.com\/fr\/wp-json\/wp\/v2\/tags?post=340912"}],"curies":[{"name":"wp","href":"https:\/\/api.w.org\/{rel}","templated":true}]}}